{"id":176727,"date":"2025-07-14T08:35:47","date_gmt":"2025-07-14T11:35:47","guid":{"rendered":"https:\/\/cdnoticias.com\/?p=176727"},"modified":"2025-07-14T08:35:49","modified_gmt":"2025-07-14T11:35:49","slug":"cuenta-dni-se-suma-a-las-vacaciones-de-invierno-con-descuentos-imperdibles","status":"publish","type":"post","link":"https:\/\/cdnoticias.com\/index.php\/2025\/07\/14\/cuenta-dni-se-suma-a-las-vacaciones-de-invierno-con-descuentos-imperdibles\/","title":{"rendered":"Cuenta DNI se suma a las vacaciones de invierno con descuentos imperdibles"},"content":{"rendered":"\n<p>Conoc\u00e9 todos los descuentos y beneficios para el receso invernal desde el s\u00e1bado 19 y hasta el domingo 3 de agosto. <\/p>\n\n\n\n<hr class=\"wp-block-separator aligncenter has-alpha-channel-opacity\"\/>\n\n\n\n<p>El pr\u00f3ximo <strong>s\u00e1bado 19 de julio comienzan las vacaciones de invierno<\/strong> en la Ciudad Aut\u00f3noma de Buenos Aires y la provincia de Buenos Aires,<strong> que durar\u00e1n hasta el domingo 3 de agosto.\u00a0<\/strong><\/p>\n\n\n\n<p><\/p>\n\n\n\n<p>Ambos distritos ver\u00e1n <strong>pausadas las clases en las escuelas p\u00fablicas y privadas<\/strong> para darle espacio a la etapa de descanso, donde l<strong>as familias se movilizar\u00e1n a los diferentes destinos tur\u00edsticos del pa\u00eds.\u00a0<\/strong><\/p>\n\n\n\n<p><\/p>\n\n\n\n<blockquote class=\"wp-block-quote is-layout-flow wp-block-quote-is-layout-flow\">\n<p>En esa movilizaci\u00f3n miles de bonaerenses tambi\u00e9n eligen recorrer la provincia y, en ese contexto utilizando la aplicaci\u00f3n del Banco Provincia, Cuenta DNI, hay descuentos imperdibles.\u00a0<\/p>\n<\/blockquote>\n\n\n\n<p><\/p>\n\n\n\n<p>As\u00ed, los <strong>fines de semana de julio <\/strong>Cuenta DNI ofrece un <strong>descuento especial para las vacaciones de invierno en comercios adheridos<\/strong> <strong>en un rubro especial: la gastronom\u00eda. <\/strong><\/p>\n\n\n\n<p><\/p>\n\n\n\n<blockquote class=\"wp-block-quote is-layout-flow wp-block-quote-is-layout-flow\">\n<p>El 25% de descuento est\u00e1 en comercios adheridos, todos los s\u00e1bados y domingos del 19 de julio al 3 de agosto con un tope de $6.000 por semana, equivalente a $24.000.<\/p>\n<\/blockquote>\n\n\n\n<p><\/p>\n\n\n\n<p>Por \u00faltimo, habr\u00e1 <strong>beneficios exclusivos<\/strong> para los <strong>segmentos etarios de 13 a 17 a\u00f1os y mayores de 60.<\/strong><\/p>\n\n\n\n<p><\/p>\n\n\n\n<p><em>Fuente: DIB <\/em><\/p>\n\n\n\n<p><\/p>\n","protected":false},"excerpt":{"rendered":"<p>Conoc\u00e9 todos los descuentos y beneficios para el receso invernal desde el s\u00e1bado 19 y hasta el domingo 3 de<\/p>\n","protected":false},"author":6,"featured_media":117144,"comment_status":"closed","ping_status":"closed","sticky":false,"template":"","format":"standard","meta":{"_jetpack_memberships_contains_paid_content":false,"footnotes":""},"categories":[6,1],"tags":[],"class_list":["post-176727","post","type-post","status-publish","format-standard","has-post-thumbnail","hentry","category-nacionales","category-portada"],"jetpack_featured_media_url":"https:\/\/i0.wp.com\/cdnoticias.com\/wp-content\/uploads\/2024\/05\/Cuenta-DNI-696x404-1.jpg?fit=696%2C404&ssl=1","jetpack_sharing_enabled":true,"_links":{"self":[{"href":"https:\/\/cdnoticias.com\/index.php\/wp-json\/wp\/v2\/posts\/176727","targetHints":{"allow":["GET"]}}],"collection":[{"href":"https:\/\/cdnoticias.com\/index.php\/wp-json\/wp\/v2\/posts"}],"about":[{"href":"https:\/\/cdnoticias.com\/index.php\/wp-json\/wp\/v2\/types\/post"}],"author":[{"embeddable":true,"href":"https:\/\/cdnoticias.com\/index.php\/wp-json\/wp\/v2\/users\/6"}],"replies":[{"embeddable":true,"href":"https:\/\/cdnoticias.com\/index.php\/wp-json\/wp\/v2\/comments?post=176727"}],"version-history":[{"count":0,"href":"https:\/\/cdnoticias.com\/index.php\/wp-json\/wp\/v2\/posts\/176727\/revisions"}],"wp:featuredmedia":[{"embeddable":true,"href":"https:\/\/cdnoticias.com\/index.php\/wp-json\/wp\/v2\/media\/117144"}],"wp:attachment":[{"href":"https:\/\/cdnoticias.com\/index.php\/wp-json\/wp\/v2\/media?parent=176727"}],"wp:term":[{"taxonomy":"category","embeddable":true,"href":"https:\/\/cdnoticias.com\/index.php\/wp-json\/wp\/v2\/categories?post=176727"},{"taxonomy":"post_tag","embeddable":true,"href":"https:\/\/cdnoticias.com\/index.php\/wp-json\/wp\/v2\/tags?post=176727"}],"curies":[{"name":"wp","href":"https:\/\/api.w.org\/{rel}","templated":true}]}}