{"id":176679,"date":"2025-07-12T20:00:36","date_gmt":"2025-07-12T23:00:36","guid":{"rendered":"https:\/\/cdnoticias.com\/?p=176679"},"modified":"2025-07-12T20:00:38","modified_gmt":"2025-07-12T23:00:38","slug":"es-un-orgullo-ser-parte-de-este-compromiso-colectivo-para-proteger-a-las-victimas","status":"publish","type":"post","link":"https:\/\/cdnoticias.com\/index.php\/2025\/07\/12\/es-un-orgullo-ser-parte-de-este-compromiso-colectivo-para-proteger-a-las-victimas\/","title":{"rendered":"\u201cEs un orgullo ser parte de este compromiso colectivo para proteger a las v\u00edctimas\u201d"},"content":{"rendered":"\n<p>Andrea Coronel particip\u00f3 del 1\u00b0 Encuentro Nacional de Delegaciones contra la Trata en la sede del Ministerio de Seguridad de la Naci\u00f3n.<\/p>\n\n\n\n<hr class=\"wp-block-separator aligncenter has-alpha-channel-opacity\"\/>\n\n\n\n<p>Los d\u00edas 10 y 11 de julio de 2025, se llev\u00f3 a cabo el <strong>1\u00b0 Encuentro Nacional de Delegaciones contra la Trata <\/strong>en la sede del Ministerio de Seguridad de la Naci\u00f3n, Ciudad Aut\u00f3noma de Buenos Aires.<\/p>\n\n\n\n<p><\/p>\n\n\n\n<p>La jornada fue encabezada por la <strong>Directora Operativa del Comit\u00e9 Ejecutivo de Lucha contra la Trata, Ver\u00f3nica Toller<\/strong>, y cont\u00f3 con la presencia de la <strong>Ministra de Seguridad de la Naci\u00f3n, Patricia Bullrich.<\/strong><\/p>\n\n\n\n<p><\/p>\n\n\n\n<p>En representaci\u00f3n de la Delegaci\u00f3n de su distrito, <strong>Andrea Coronel particip\u00f3 de los encuentros y mesas de trabajo <\/strong>junto a representantes de diversas \u00e1reas del Ministerio de Seguridad y organismos nacionales relacionados con la tem\u00e1tica.<\/p>\n\n\n\n<p><\/p>\n\n\n\n<blockquote class=\"wp-block-quote is-layout-flow wp-block-quote-is-layout-flow\">\n<p>Durante el encuentro se abordaron distintos ejes de trabajo como la planificaci\u00f3n de acciones en el marco del Plan Bienal, incluyendo la presentaci\u00f3n del tablero de control, el calendario de actividades y estrategias para la rendici\u00f3n de informes.\u00a0<\/p>\n<\/blockquote>\n\n\n\n<p><\/p>\n\n\n\n<figure class=\"wp-block-image aligncenter size-full\"><img data-recalc-dims=\"1\" loading=\"lazy\" decoding=\"async\" width=\"587\" height=\"380\" src=\"https:\/\/i0.wp.com\/cdnoticias.com\/wp-content\/uploads\/2025\/07\/andrea-coronel-bullrich.jpg?resize=587%2C380&#038;ssl=1\" alt=\"\" class=\"wp-image-176682\" srcset=\"https:\/\/i0.wp.com\/cdnoticias.com\/wp-content\/uploads\/2025\/07\/andrea-coronel-bullrich.jpg?w=587&amp;ssl=1 587w, https:\/\/i0.wp.com\/cdnoticias.com\/wp-content\/uploads\/2025\/07\/andrea-coronel-bullrich.jpg?resize=300%2C194&amp;ssl=1 300w\" sizes=\"auto, (max-width: 587px) 100vw, 587px\" \/><\/figure>\n\n\n\n<p><\/p>\n\n\n\n<p>Tambi\u00e9n se realizaron<strong> espacios de trabajo interno para intercambiar experiencias, identificar desaf\u00edos y oportunidades<\/strong> en el rol de las delegaciones, y mejorar el v\u00ednculo con organizaciones de la sociedad civil, mesas interinstitucionales, canales de asistencia y comunicaci\u00f3n de acciones.<\/p>\n\n\n\n<p><\/p>\n\n\n\n<blockquote class=\"wp-block-quote is-layout-flow wp-block-quote-is-layout-flow\">\n<p>\u00a0\u201cEs un orgullo ser parte de este compromiso colectivo para proteger a las v\u00edctimas y construir un pa\u00eds m\u00e1s justo y libre de trata.\u201d expres\u00f3 Coronel.\u00a0<\/p>\n<\/blockquote>\n\n\n\n<p><\/p>\n\n\n\n<p>Por \u00faltimo participaron del encuentro: la Direcci\u00f3n Nacional de Investigaciones de Delitos de Trata y contra la Integridad Sexual: Ximena Albornoz, junto a las asesoras Gisela Yaciofani, Mar\u00eda Bel\u00e9n Olmos y Daniela Corbal\u00e1n; la Direcci\u00f3n Nacional de Asuntos Prioritarios: Daniel Barberis y Nilda G\u00f3mez; la Direcci\u00f3n de Ciberdelito y Asuntos Cibern\u00e9ticos: Santiago Bellengeri; la Direcci\u00f3n Nacional de Fronteras e Hidrov\u00edas: Gustavo Ferragut; la Direcci\u00f3n de Cooperaci\u00f3n Internacional: Alberto Fohrig; la Direcci\u00f3n Nacional de Prevenci\u00f3n del Delito y las Violencias \/ Programa Barrios Seguros: Susana Montenegro; el Programa Nacional de Recompensas: Franco Mendieta; ARCA \u2013 Departamento de Coordinaci\u00f3n Contra el Trabajo Ilegal: Luis Irigoyen, Valeria Frigioni y Patricia Melcon; la Direcci\u00f3n Nacional de Migraciones \u2013 \u00c1rea de Detecci\u00f3n Temprana de Trata y Tr\u00e1fico de Personas: Guillermina Benito; el Ministerio de Relaciones Exteriores, Comercio Internacional y Culto \u2013 Direcci\u00f3n de Seguridad Humana, Innovaci\u00f3n y Asuntos Tecnol\u00f3gicos Internacionales: Fernando Rolandelli y Sof\u00eda Josefina Danessa;&nbsp; CNRT: Manuel C\u00e1ceres y P\u00e9rez; Coordinaci\u00f3n Nacional de Rescate y Acompa\u00f1amiento a V\u00edctimas del Delito de Trata de Personas (CNR); RENATRE: Sol Henchoz.<\/p>\n\n\n\n<p><\/p>\n","protected":false},"excerpt":{"rendered":"<p>Andrea Coronel particip\u00f3 del 1\u00b0 Encuentro Nacional de Delegaciones contra la Trata en la sede del Ministerio de Seguridad de<\/p>\n","protected":false},"author":6,"featured_media":176681,"comment_status":"closed","ping_status":"closed","sticky":false,"template":"","format":"standard","meta":{"_jetpack_memberships_contains_paid_content":false,"footnotes":""},"categories":[4,1],"tags":[],"class_list":["post-176679","post","type-post","status-publish","format-standard","has-post-thumbnail","hentry","category-politica","category-portada"],"jetpack_featured_media_url":"https:\/\/i0.wp.com\/cdnoticias.com\/wp-content\/uploads\/2025\/07\/andrea-coronel-bullrich1.jpg?fit=900%2C506&ssl=1","jetpack_sharing_enabled":true,"_links":{"self":[{"href":"https:\/\/cdnoticias.com\/index.php\/wp-json\/wp\/v2\/posts\/176679","targetHints":{"allow":["GET"]}}],"collection":[{"href":"https:\/\/cdnoticias.com\/index.php\/wp-json\/wp\/v2\/posts"}],"about":[{"href":"https:\/\/cdnoticias.com\/index.php\/wp-json\/wp\/v2\/types\/post"}],"author":[{"embeddable":true,"href":"https:\/\/cdnoticias.com\/index.php\/wp-json\/wp\/v2\/users\/6"}],"replies":[{"embeddable":true,"href":"https:\/\/cdnoticias.com\/index.php\/wp-json\/wp\/v2\/comments?post=176679"}],"version-history":[{"count":0,"href":"https:\/\/cdnoticias.com\/index.php\/wp-json\/wp\/v2\/posts\/176679\/revisions"}],"wp:featuredmedia":[{"embeddable":true,"href":"https:\/\/cdnoticias.com\/index.php\/wp-json\/wp\/v2\/media\/176681"}],"wp:attachment":[{"href":"https:\/\/cdnoticias.com\/index.php\/wp-json\/wp\/v2\/media?parent=176679"}],"wp:term":[{"taxonomy":"category","embeddable":true,"href":"https:\/\/cdnoticias.com\/index.php\/wp-json\/wp\/v2\/categories?post=176679"},{"taxonomy":"post_tag","embeddable":true,"href":"https:\/\/cdnoticias.com\/index.php\/wp-json\/wp\/v2\/tags?post=176679"}],"curies":[{"name":"wp","href":"https:\/\/api.w.org\/{rel}","templated":true}]}}