{"id":176660,"date":"2025-07-13T09:35:02","date_gmt":"2025-07-13T12:35:02","guid":{"rendered":"https:\/\/cdnoticias.com\/?p=176660"},"modified":"2025-07-13T11:30:28","modified_gmt":"2025-07-13T14:30:28","slug":"alexander-aquila-oficializo-su-candidatura-al-hcd-con-la-apertura-del-local-de-integrar","status":"publish","type":"post","link":"https:\/\/cdnoticias.com\/index.php\/2025\/07\/13\/alexander-aquila-oficializo-su-candidatura-al-hcd-con-la-apertura-del-local-de-integrar\/","title":{"rendered":"Alexander Aquila oficializ\u00f3 su candidatura al HCD con la apertura del local de Integrar"},"content":{"rendered":"<p>Funciona en Vicente L\u00f3pez 3357. Se trata del partido que pertenece a la agrupaci\u00f3n Fuerzas del Sur del gobernador de Chubut Nacho Torres. \u201cHay prioridades que no se est\u00e1n tomando\u201d cuestion\u00f3 sobre la labor de los concejales.<!--more--><\/p>\n<hr \/>\n<p>Este viernes se abri\u00f3 formalmente la <strong>sede del partido Integrar<\/strong> que en Olavarr\u00eda tiene como referente a <strong>Alexander Aquila<\/strong>. Funciona en<strong> Vicente L\u00f3pez 3357<\/strong>: <strong>\u201ceste es el primer local que se abre\u201d<\/strong> subray\u00f3 sobre el car\u00e1cter \u00fanico en el pa\u00eds.<\/p>\n<p>\u00a0<\/p>\n<p>\u201cSe hizo presente el coordinador nacional Daniel Amoroso. <strong>Se oficializ\u00f3 mi candidatura a concejal<\/strong>. La idea y la propuesta es la misma que la que venimos trabajando: <strong>estar al lado del vecino, escuchando al vecino, llevando la problem\u00e1tica primero a la mesa de trabajo del equipo profesional y despu\u00e9s plasmarlo en un proyecto<\/strong> o en un pedido de informes al Concejo\u201d cont\u00f3 en di\u00e1logo con <strong>Central de Noticias<\/strong>.<\/p>\n<p>\u00a0<\/p>\n<blockquote>\n<p>Se refiri\u00f3 a su propuesta para el rol en el Legislativo, \u201cseguimos sosteniendo que el concejal no tiene que estar dentro del Concejo solamente para levantar una mano y decidir sobre cuestiones que para m\u00ed hoy por hoy son superfluas, como poner el nombre de una calle Necochea o si la ciudad es belgraniana, cuando hay gente que no tiene cloacas, no tiene agua corriente, a los comerciantes le roban a cualquier hora. No somos ni Finlandia ni ning\u00fan pa\u00eds del primer mundo como para ponernos a ver c\u00f3mo se llama un puente. Que no digo que est\u00e9 mal, pero me parece que hay prioridades que no se est\u00e1n tomando\u201d.<\/p>\n<\/blockquote>\n<p>\u00a0<\/p>\n<p><img data-recalc-dims=\"1\" loading=\"lazy\" decoding=\"async\" class=\"alignnone size-full wp-image-176664 aligncenter\" src=\"https:\/\/i0.wp.com\/cdnoticias.com\/wp-content\/uploads\/2025\/07\/Alexander-aquila-partido-Integrar-02.jpg?resize=800%2C446&#038;ssl=1\" alt=\"\" width=\"800\" height=\"446\" srcset=\"https:\/\/i0.wp.com\/cdnoticias.com\/wp-content\/uploads\/2025\/07\/Alexander-aquila-partido-Integrar-02.jpg?w=1000&amp;ssl=1 1000w, https:\/\/i0.wp.com\/cdnoticias.com\/wp-content\/uploads\/2025\/07\/Alexander-aquila-partido-Integrar-02.jpg?resize=300%2C167&amp;ssl=1 300w, https:\/\/i0.wp.com\/cdnoticias.com\/wp-content\/uploads\/2025\/07\/Alexander-aquila-partido-Integrar-02.jpg?resize=768%2C428&amp;ssl=1 768w, https:\/\/i0.wp.com\/cdnoticias.com\/wp-content\/uploads\/2025\/07\/Alexander-aquila-partido-Integrar-02.jpg?resize=800%2C445&amp;ssl=1 800w\" sizes=\"auto, (max-width: 800px) 100vw, 800px\" \/><\/p>\n<p>\u00a0<\/p>\n<p>Alexander <strong>se presentar\u00e1 a elecciones legislativas en septiembre con el partido Integrar<\/strong>, que pertenece a la <strong>agrupaci\u00f3n Fuerzas del Sur<\/strong> que encabeza el<strong> gobernador de Chubut Nacho Torres<\/strong>. Es un <strong>partido pol\u00edtico con jurisdicci\u00f3n nacional<\/strong> y se presentar\u00e1 en soledad en las Legislativas bonaerenses. <strong>\u201cVamos solos\u201d<\/strong> reafirm\u00f3 Alexander.<\/p>\n<p>\u00a0<\/p>\n<p><em>-\u00bfCu\u00e1l es tu relaci\u00f3n con Nacho Torres y c\u00f3mo llegaste a integrarte a su espacio?<\/em><\/p>\n<p>\u00a0<\/p>\n<p>Llegu\u00e9 por relaciones con Daniel Amoroso, por cuestiones laborales. \u00c9l empez\u00f3 a armar lo que es el <strong>armado nacional de Nacho Torres, que queremos llevarlo a la presidencia.<\/strong> Me lo present\u00f3, pegamos buena onda y me hizo la propuesta de trabajar para \u00e9l. <strong>Empezamos por all\u00e1 en noviembre del a\u00f1o pasado<\/strong>.<\/p>\n<p>\u00a0<\/p>\n<p><em>-\u00bfFuiste el primer candidato lanzado de Olavarr\u00eda y ahora el primero que oficializa su postulaci\u00f3n?<\/em><\/p>\n<p>\u00a0<\/p>\n<p>S\u00ed. Y esos que varios me dijeron que me iba a quedar sin nafta.<\/p>\n<p>\u00a0<\/p>\n<p><em>-\u00bfPor qu\u00e9?<\/em><\/p>\n<p>\u00a0<\/p>\n<p>Porque largu\u00e9 en febrero, es mucho.<\/p>\n<p>\u00a0<\/p>\n<p><img data-recalc-dims=\"1\" loading=\"lazy\" decoding=\"async\" class=\"alignnone size-full wp-image-176665 aligncenter\" src=\"https:\/\/i0.wp.com\/cdnoticias.com\/wp-content\/uploads\/2025\/07\/Alexander-aquila-partido-Integrar-01.jpg?resize=800%2C450&#038;ssl=1\" alt=\"\" width=\"800\" height=\"450\" srcset=\"https:\/\/i0.wp.com\/cdnoticias.com\/wp-content\/uploads\/2025\/07\/Alexander-aquila-partido-Integrar-01.jpg?w=1000&amp;ssl=1 1000w, https:\/\/i0.wp.com\/cdnoticias.com\/wp-content\/uploads\/2025\/07\/Alexander-aquila-partido-Integrar-01.jpg?resize=300%2C169&amp;ssl=1 300w, https:\/\/i0.wp.com\/cdnoticias.com\/wp-content\/uploads\/2025\/07\/Alexander-aquila-partido-Integrar-01.jpg?resize=768%2C432&amp;ssl=1 768w\" sizes=\"auto, (max-width: 800px) 100vw, 800px\" \/><\/p>\n<p>\u00a0<\/p>\n<p><em>-\u00bfY c\u00f3mo ven\u00eds?<\/em><\/p>\n<p>\u00a0<\/p>\n<p>Yo creo que <strong>estamos haciendo las cosas bien y aparte estamos primereando en todo<\/strong>, porque ya empezamos a volantear hace m\u00e1s de un mes, oficializamos antes. Nuestra propuesta ya la venimos ejerciendo desde afuera, no es que tenemos que salir a decir lo que vamos a hacer.<\/p>\n<p>\u00a0<\/p>\n<p><em>-\u00bfQu\u00e9 visi\u00f3n te dejando la comunidad de Olavarr\u00eda con la recepci\u00f3n que ten\u00e9s? \u00bfLa gente est\u00e1 interesada en escuchar candidatos y propuestas? Al rev\u00e9s, \u00bfla gente quiere que la escuchen?<\/em><\/p>\n<blockquote>\n<p><br \/>Un poco de todo. Un poco de defraudaci\u00f3n de los pol\u00edticos de siempre, de que son siempre los mismos y que nunca hicieron nada por la gente. Est\u00e1 un poco cansada de eso, un poco cansada tambi\u00e9n de que, como te dec\u00eda hoy, no se pongan a trabajar sobre las cuestiones concretas, los problemas reales que tiene la gente. No puede ser que haya gente que est\u00e1 a cuatro cuadras de la avenida Pellegrini y no tenga agua corriente. Ni hablar de que en medio de Olavarr\u00eda est\u00e1 sin cloacas. Entonces, ponerse a discutir cosas como si repudiamos lo de Cristina, discutir sobre el nombre de un puente, me parece que est\u00e1n en una burbuja las personas que est\u00e1n hoy en el Concejo y no est\u00e1n viendo lo que pasa en la ciudad en verdad. Por ah\u00ed es muy dif\u00edcil hacer entender eso a la gente, de que uno apuesta en serio a la problem\u00e1tica de los vecinos real. No a una cuesti\u00f3n nacional o provincial, de la rosca pol\u00edtica en s\u00ed.<\/p>\n<\/blockquote>\n<p>\u00a0<\/p>\n<p><em>-Los proyectos que has presentado hasta ahora, \u00bfsab\u00e9s qu\u00e9 camino han seguido, si se han tratado en comisiones?<\/em><\/p>\n<p>\u00a0<\/p>\n<p>Los han guardado todos en comisi\u00f3n y no los han tratado.<\/p>\n<p>\u00a0<\/p>\n<p><em>-\u00bfAlgo m\u00e1s que quieras decir?<\/em><\/p>\n<p>\u00a0<\/p>\n<p>Que la gente apoye este cambio, a este aire nuevo que llega a Olavarr\u00eda. La idea es seguir haciendo lo que venimos haciendo desde febrero de este a\u00f1o, pero a dedicarlo full time y desde adentro del Concejo. Eso es estar al lado del vecino, escuchando, viviendo lo mismo, trabajarlo con el equipo profesional y plasmarlo en proyectos. Es algo muy simple, pero muy abarcativo a la vez.<\/p>\n<p>\u00a0<\/p>\n<p><img data-recalc-dims=\"1\" loading=\"lazy\" decoding=\"async\" class=\"alignnone size-full wp-image-176663 aligncenter\" src=\"https:\/\/i0.wp.com\/cdnoticias.com\/wp-content\/uploads\/2025\/07\/Alexander-aquila-partido-Integrar-03.jpg?resize=800%2C450&#038;ssl=1\" alt=\"\" width=\"800\" height=\"450\" srcset=\"https:\/\/i0.wp.com\/cdnoticias.com\/wp-content\/uploads\/2025\/07\/Alexander-aquila-partido-Integrar-03.jpg?w=1000&amp;ssl=1 1000w, https:\/\/i0.wp.com\/cdnoticias.com\/wp-content\/uploads\/2025\/07\/Alexander-aquila-partido-Integrar-03.jpg?resize=300%2C169&amp;ssl=1 300w, https:\/\/i0.wp.com\/cdnoticias.com\/wp-content\/uploads\/2025\/07\/Alexander-aquila-partido-Integrar-03.jpg?resize=768%2C432&amp;ssl=1 768w\" sizes=\"auto, (max-width: 800px) 100vw, 800px\" \/><\/p>\n\n\n<p><\/p>\n","protected":false},"excerpt":{"rendered":"<p>Funciona en Vicente L\u00f3pez 3357. Se trata del partido que pertenece a la agrupaci\u00f3n Fuerzas del Sur del gobernador de<\/p>\n","protected":false},"author":4,"featured_media":176662,"comment_status":"closed","ping_status":"closed","sticky":false,"template":"","format":"standard","meta":{"_jetpack_memberships_contains_paid_content":false,"footnotes":""},"categories":[4,1],"tags":[],"class_list":["post-176660","post","type-post","status-publish","format-standard","has-post-thumbnail","hentry","category-politica","category-portada"],"jetpack_featured_media_url":"https:\/\/i0.wp.com\/cdnoticias.com\/wp-content\/uploads\/2025\/07\/Alexander-aquila-partido-Integrar-04.jpg?fit=1000%2C556&ssl=1","jetpack_sharing_enabled":true,"_links":{"self":[{"href":"https:\/\/cdnoticias.com\/index.php\/wp-json\/wp\/v2\/posts\/176660","targetHints":{"allow":["GET"]}}],"collection":[{"href":"https:\/\/cdnoticias.com\/index.php\/wp-json\/wp\/v2\/posts"}],"about":[{"href":"https:\/\/cdnoticias.com\/index.php\/wp-json\/wp\/v2\/types\/post"}],"author":[{"embeddable":true,"href":"https:\/\/cdnoticias.com\/index.php\/wp-json\/wp\/v2\/users\/4"}],"replies":[{"embeddable":true,"href":"https:\/\/cdnoticias.com\/index.php\/wp-json\/wp\/v2\/comments?post=176660"}],"version-history":[{"count":0,"href":"https:\/\/cdnoticias.com\/index.php\/wp-json\/wp\/v2\/posts\/176660\/revisions"}],"wp:featuredmedia":[{"embeddable":true,"href":"https:\/\/cdnoticias.com\/index.php\/wp-json\/wp\/v2\/media\/176662"}],"wp:attachment":[{"href":"https:\/\/cdnoticias.com\/index.php\/wp-json\/wp\/v2\/media?parent=176660"}],"wp:term":[{"taxonomy":"category","embeddable":true,"href":"https:\/\/cdnoticias.com\/index.php\/wp-json\/wp\/v2\/categories?post=176660"},{"taxonomy":"post_tag","embeddable":true,"href":"https:\/\/cdnoticias.com\/index.php\/wp-json\/wp\/v2\/tags?post=176660"}],"curies":[{"name":"wp","href":"https:\/\/api.w.org\/{rel}","templated":true}]}}