{"id":176623,"date":"2025-07-12T17:01:25","date_gmt":"2025-07-12T20:01:25","guid":{"rendered":"https:\/\/cdnoticias.com\/?p=176623"},"modified":"2025-07-12T19:01:31","modified_gmt":"2025-07-12T22:01:31","slug":"michael-boccagni-es-el-nuevo-presidente-del-amco","status":"publish","type":"post","link":"https:\/\/cdnoticias.com\/index.php\/2025\/07\/12\/michael-boccagni-es-el-nuevo-presidente-del-amco\/","title":{"rendered":"Michael Boccagni es el nuevo presidente del AMCO"},"content":{"rendered":"<p>La elecci\u00f3n de la nueva comisi\u00f3n directiva se efectu\u00f3 este viernes, tras dos meses de acefal\u00eda de la entidad.<!--more--><\/p>\n<hr \/>\n<p><em>Fotos de Luciano Bustamante \/ Tiempo de Motores Web<\/em><\/p>\n<p>Este viernes se efectu\u00f3 la<strong> asamblea de elecci\u00f3n de autoridades del Autom\u00f3vil Moto Club de Olavarr\u00eda (AMCO)<\/strong>, entidad que estuvo <strong>ac\u00e9fala por dos meses<\/strong> tras la <a href=\"https:\/\/cdnoticias.com\/index.php\/2025\/05\/13\/cuarto-intermedio-en-el-amco-y-suspension-de-la-fecha-del-automovilismo-zonal\/\" target=\"_blank\" rel=\"noopener\">suspensi\u00f3n de la convocatoria eleccionaria anterior<\/a>.<\/p>\n<blockquote><p>La conducci\u00f3n est\u00e1 encabezada por Michael Boccagni y Patricia Spinella, como presidente y vice, respectivamente.<\/p><\/blockquote>\n<p><img data-recalc-dims=\"1\" loading=\"lazy\" decoding=\"async\" class=\"alignnone size-full wp-image-176624 aligncenter\" src=\"https:\/\/i0.wp.com\/cdnoticias.com\/wp-content\/uploads\/2025\/07\/AMCO-autoridades-00.jpg?resize=800%2C445&#038;ssl=1\" alt=\"\" width=\"800\" height=\"445\" srcset=\"https:\/\/i0.wp.com\/cdnoticias.com\/wp-content\/uploads\/2025\/07\/AMCO-autoridades-00.jpg?w=1000&amp;ssl=1 1000w, https:\/\/i0.wp.com\/cdnoticias.com\/wp-content\/uploads\/2025\/07\/AMCO-autoridades-00.jpg?resize=300%2C167&amp;ssl=1 300w, https:\/\/i0.wp.com\/cdnoticias.com\/wp-content\/uploads\/2025\/07\/AMCO-autoridades-00.jpg?resize=768%2C427&amp;ssl=1 768w, https:\/\/i0.wp.com\/cdnoticias.com\/wp-content\/uploads\/2025\/07\/AMCO-autoridades-00.jpg?resize=800%2C445&amp;ssl=1 800w\" sizes=\"auto, (max-width: 800px) 100vw, 800px\" \/><\/p>\n<p><strong>Comisi\u00f3n directiva<\/strong>:<\/p>\n<ul>\n<li>Presidente: Michael Boccagni<\/li>\n<li>Vicepresidente: Patricio Spinella<\/li>\n<li>Secretario: Matias Cocuzza<\/li>\n<li>Prosecretario: Gimena Fernandez<\/li>\n<li>Tesorero: Pastore Ramiro<\/li>\n<li>Protesorero: Gabriel Cazot<\/li>\n<li>Vocales titulares: Eduardo Cocuzza, Josefina Viggo, Jose Viggo, Valentino Spinella, Juan Jose Spinella y Alejandro Alcolumbre<\/li>\n<li>Vocales suplentes: Hernan Herman, Eduardo Biscaichipi, Hector Mares y Pablo Torrado.<\/li>\n<li>Comisi\u00f3n revisoras de cuentas. Titulares: Franco Fauret, Ariel Pereyra y Mantovani Nestor. Suplentes: Omar Fuch, Gustavo Stirneman y Guillermo Ortiz.<\/li>\n<\/ul>\n","protected":false},"excerpt":{"rendered":"<p>La elecci\u00f3n de la nueva comisi\u00f3n directiva se efectu\u00f3 este viernes, tras dos meses de acefal\u00eda de la entidad.<\/p>\n","protected":false},"author":4,"featured_media":176625,"comment_status":"closed","ping_status":"closed","sticky":false,"template":"","format":"standard","meta":{"_jetpack_memberships_contains_paid_content":false,"footnotes":""},"categories":[34,29,1],"tags":[],"class_list":["post-176623","post","type-post","status-publish","format-standard","has-post-thumbnail","hentry","category-automovilismo","category-deportes","category-portada"],"jetpack_featured_media_url":"https:\/\/i0.wp.com\/cdnoticias.com\/wp-content\/uploads\/2025\/07\/AMCO-autoridades-00-michael-boccagni.jpg?fit=1000%2C556&ssl=1","jetpack_sharing_enabled":true,"_links":{"self":[{"href":"https:\/\/cdnoticias.com\/index.php\/wp-json\/wp\/v2\/posts\/176623","targetHints":{"allow":["GET"]}}],"collection":[{"href":"https:\/\/cdnoticias.com\/index.php\/wp-json\/wp\/v2\/posts"}],"about":[{"href":"https:\/\/cdnoticias.com\/index.php\/wp-json\/wp\/v2\/types\/post"}],"author":[{"embeddable":true,"href":"https:\/\/cdnoticias.com\/index.php\/wp-json\/wp\/v2\/users\/4"}],"replies":[{"embeddable":true,"href":"https:\/\/cdnoticias.com\/index.php\/wp-json\/wp\/v2\/comments?post=176623"}],"version-history":[{"count":0,"href":"https:\/\/cdnoticias.com\/index.php\/wp-json\/wp\/v2\/posts\/176623\/revisions"}],"wp:featuredmedia":[{"embeddable":true,"href":"https:\/\/cdnoticias.com\/index.php\/wp-json\/wp\/v2\/media\/176625"}],"wp:attachment":[{"href":"https:\/\/cdnoticias.com\/index.php\/wp-json\/wp\/v2\/media?parent=176623"}],"wp:term":[{"taxonomy":"category","embeddable":true,"href":"https:\/\/cdnoticias.com\/index.php\/wp-json\/wp\/v2\/categories?post=176623"},{"taxonomy":"post_tag","embeddable":true,"href":"https:\/\/cdnoticias.com\/index.php\/wp-json\/wp\/v2\/tags?post=176623"}],"curies":[{"name":"wp","href":"https:\/\/api.w.org\/{rel}","templated":true}]}}