{"id":176612,"date":"2025-07-12T14:57:04","date_gmt":"2025-07-12T17:57:04","guid":{"rendered":"https:\/\/cdnoticias.com\/?p=176612"},"modified":"2025-07-12T18:16:09","modified_gmt":"2025-07-12T21:16:09","slug":"el-municipio-coloca-luminaria-led-en-el-acceso-de-ruta-226-y-emiliozzi","status":"publish","type":"post","link":"https:\/\/cdnoticias.com\/index.php\/2025\/07\/12\/el-municipio-coloca-luminaria-led-en-el-acceso-de-ruta-226-y-emiliozzi\/","title":{"rendered":"El Municipio coloca luminaria led en el acceso de ruta 226 y Emiliozzi"},"content":{"rendered":"<p>Este s\u00e1bado comenz\u00f3 la colocaci\u00f3n de luminarias. Los trabajos se financian con fondos municipales. El \u00e1rea de Obras P\u00fablicas inici\u00f3 con las diferentes pruebas. El sector tiene luminarias sin funcionar desde hace a\u00f1os.<!--more--><\/p>\n<hr \/>\n<p>El <strong>Municipio de Olavarr\u00eda<\/strong> comenz\u00f3, luego de un <strong>estudio del sector<\/strong>, con las <strong>pruebas de luminaria led<\/strong> en el acceso a la ciudad, m\u00e1s precisamente en las inmediaciones de <strong>Ruta Nacional 226 y Av. Emiliozzi<\/strong>.<\/p>\n<p>Dada la necesidad de iluminar el acceso a la ciudad por ruta 226 y Emiliozzi y ante la <strong>falta de respuestas por parte de Corredores Viales<\/strong>, el Municipio comenz\u00f3 a realizar <strong>pruebas lum\u00ednicas a trav\u00e9s de la simulaci\u00f3n de software<\/strong> y <strong>este s\u00e1bado concretamente se intervinieron dos columnas<\/strong>.<\/p>\n<p><img data-recalc-dims=\"1\" loading=\"lazy\" decoding=\"async\" class=\"alignnone size-full wp-image-176616 aligncenter\" src=\"https:\/\/i0.wp.com\/cdnoticias.com\/wp-content\/uploads\/2025\/07\/luminarias-ruta-226-y-emiliozzi-5.jpeg?resize=800%2C445&#038;ssl=1\" alt=\"\" width=\"800\" height=\"445\" srcset=\"https:\/\/i0.wp.com\/cdnoticias.com\/wp-content\/uploads\/2025\/07\/luminarias-ruta-226-y-emiliozzi-5.jpeg?w=1000&amp;ssl=1 1000w, https:\/\/i0.wp.com\/cdnoticias.com\/wp-content\/uploads\/2025\/07\/luminarias-ruta-226-y-emiliozzi-5.jpeg?resize=300%2C167&amp;ssl=1 300w, https:\/\/i0.wp.com\/cdnoticias.com\/wp-content\/uploads\/2025\/07\/luminarias-ruta-226-y-emiliozzi-5.jpeg?resize=768%2C427&amp;ssl=1 768w, https:\/\/i0.wp.com\/cdnoticias.com\/wp-content\/uploads\/2025\/07\/luminarias-ruta-226-y-emiliozzi-5.jpeg?resize=800%2C445&amp;ssl=1 800w\" sizes=\"auto, (max-width: 800px) 100vw, 800px\" \/><\/p>\n<p><img data-recalc-dims=\"1\" loading=\"lazy\" decoding=\"async\" class=\"alignnone size-full wp-image-176617 aligncenter\" src=\"https:\/\/i0.wp.com\/cdnoticias.com\/wp-content\/uploads\/2025\/07\/luminarias-ruta-226-y-emiliozzi-2.jpeg?resize=800%2C600&#038;ssl=1\" alt=\"\" width=\"800\" height=\"600\" srcset=\"https:\/\/i0.wp.com\/cdnoticias.com\/wp-content\/uploads\/2025\/07\/luminarias-ruta-226-y-emiliozzi-2.jpeg?w=1000&amp;ssl=1 1000w, https:\/\/i0.wp.com\/cdnoticias.com\/wp-content\/uploads\/2025\/07\/luminarias-ruta-226-y-emiliozzi-2.jpeg?resize=300%2C225&amp;ssl=1 300w, https:\/\/i0.wp.com\/cdnoticias.com\/wp-content\/uploads\/2025\/07\/luminarias-ruta-226-y-emiliozzi-2.jpeg?resize=768%2C576&amp;ssl=1 768w\" sizes=\"auto, (max-width: 800px) 100vw, 800px\" \/><\/p>\n<blockquote><p>\u201cHace una gran cantidad de a\u00f1os que el acceso a la ciudad se encuentra apagado, hicimos los reclamos correspondientes y ante la falta de respuesta comenzamos con distintos estudios y evaluar alternativas. Mientras trabaj\u00e1bamos en esta posibilidad pusimos luminarias led en el sector de Av. Emiliozzi y en los barrios linderos. Estamos muy contentos con los resultados porque cambi\u00f3 considerablemente y es m\u00e1s seguridad para todos\u201d destac\u00f3 Wesner.<\/p><\/blockquote>\n<p>\u201cLa realidad es que<strong> es un peligro para todos tener un acceso as\u00ed<\/strong>, adem\u00e1s de ser el ingreso a la ciudad, pero tambi\u00e9n es verdad que <strong>son n\u00fameros elevados para el Municipio<\/strong> concretar el recambio de toda esa luminaria ya que a su vez se trabaja en much\u00edsimos barrios y localidades que no tienen luces led\u201d agreg\u00f3 el jefe comunal.<\/p>\n<p>Con relaci\u00f3n a los trabajos realizados <strong>se destac\u00f3 la colocaci\u00f3n de reflectores led en dos torres<\/strong>, se revisaron las conexiones y el cableado.<\/p>\n<p><img data-recalc-dims=\"1\" loading=\"lazy\" decoding=\"async\" class=\"alignnone size-full wp-image-176613 aligncenter\" src=\"https:\/\/i0.wp.com\/cdnoticias.com\/wp-content\/uploads\/2025\/07\/luminarias-ruta-226-y-emiliozzi-1.jpeg?resize=800%2C445&#038;ssl=1\" alt=\"\" width=\"800\" height=\"445\" srcset=\"https:\/\/i0.wp.com\/cdnoticias.com\/wp-content\/uploads\/2025\/07\/luminarias-ruta-226-y-emiliozzi-1.jpeg?w=1000&amp;ssl=1 1000w, https:\/\/i0.wp.com\/cdnoticias.com\/wp-content\/uploads\/2025\/07\/luminarias-ruta-226-y-emiliozzi-1.jpeg?resize=300%2C167&amp;ssl=1 300w, https:\/\/i0.wp.com\/cdnoticias.com\/wp-content\/uploads\/2025\/07\/luminarias-ruta-226-y-emiliozzi-1.jpeg?resize=768%2C427&amp;ssl=1 768w, https:\/\/i0.wp.com\/cdnoticias.com\/wp-content\/uploads\/2025\/07\/luminarias-ruta-226-y-emiliozzi-1.jpeg?resize=800%2C445&amp;ssl=1 800w\" sizes=\"auto, (max-width: 800px) 100vw, 800px\" \/><\/p>\n<p><img data-recalc-dims=\"1\" loading=\"lazy\" decoding=\"async\" class=\"alignnone size-full wp-image-176614 aligncenter\" src=\"https:\/\/i0.wp.com\/cdnoticias.com\/wp-content\/uploads\/2025\/07\/luminarias-ruta-226-y-emiliozzi-4.jpeg?resize=800%2C600&#038;ssl=1\" alt=\"\" width=\"800\" height=\"600\" srcset=\"https:\/\/i0.wp.com\/cdnoticias.com\/wp-content\/uploads\/2025\/07\/luminarias-ruta-226-y-emiliozzi-4.jpeg?w=1000&amp;ssl=1 1000w, https:\/\/i0.wp.com\/cdnoticias.com\/wp-content\/uploads\/2025\/07\/luminarias-ruta-226-y-emiliozzi-4.jpeg?resize=300%2C225&amp;ssl=1 300w, https:\/\/i0.wp.com\/cdnoticias.com\/wp-content\/uploads\/2025\/07\/luminarias-ruta-226-y-emiliozzi-4.jpeg?resize=768%2C576&amp;ssl=1 768w\" sizes=\"auto, (max-width: 800px) 100vw, 800px\" \/><\/p>\n","protected":false},"excerpt":{"rendered":"<p>Este s\u00e1bado comenz\u00f3 la colocaci\u00f3n de luminarias. Los trabajos se financian con fondos municipales. El \u00e1rea de Obras P\u00fablicas inici\u00f3<\/p>\n","protected":false},"author":4,"featured_media":176615,"comment_status":"closed","ping_status":"closed","sticky":false,"template":"","format":"standard","meta":{"_jetpack_memberships_contains_paid_content":false,"footnotes":""},"categories":[5,1],"tags":[],"class_list":["post-176612","post","type-post","status-publish","format-standard","has-post-thumbnail","hentry","category-informacion-general","category-portada"],"jetpack_featured_media_url":"https:\/\/i0.wp.com\/cdnoticias.com\/wp-content\/uploads\/2025\/07\/luminarias-ruta-226-y-emiliozzi-3.jpeg?fit=1000%2C556&ssl=1","jetpack_sharing_enabled":true,"_links":{"self":[{"href":"https:\/\/cdnoticias.com\/index.php\/wp-json\/wp\/v2\/posts\/176612","targetHints":{"allow":["GET"]}}],"collection":[{"href":"https:\/\/cdnoticias.com\/index.php\/wp-json\/wp\/v2\/posts"}],"about":[{"href":"https:\/\/cdnoticias.com\/index.php\/wp-json\/wp\/v2\/types\/post"}],"author":[{"embeddable":true,"href":"https:\/\/cdnoticias.com\/index.php\/wp-json\/wp\/v2\/users\/4"}],"replies":[{"embeddable":true,"href":"https:\/\/cdnoticias.com\/index.php\/wp-json\/wp\/v2\/comments?post=176612"}],"version-history":[{"count":0,"href":"https:\/\/cdnoticias.com\/index.php\/wp-json\/wp\/v2\/posts\/176612\/revisions"}],"wp:featuredmedia":[{"embeddable":true,"href":"https:\/\/cdnoticias.com\/index.php\/wp-json\/wp\/v2\/media\/176615"}],"wp:attachment":[{"href":"https:\/\/cdnoticias.com\/index.php\/wp-json\/wp\/v2\/media?parent=176612"}],"wp:term":[{"taxonomy":"category","embeddable":true,"href":"https:\/\/cdnoticias.com\/index.php\/wp-json\/wp\/v2\/categories?post=176612"},{"taxonomy":"post_tag","embeddable":true,"href":"https:\/\/cdnoticias.com\/index.php\/wp-json\/wp\/v2\/tags?post=176612"}],"curies":[{"name":"wp","href":"https:\/\/api.w.org\/{rel}","templated":true}]}}