{"id":176609,"date":"2025-07-12T14:35:52","date_gmt":"2025-07-12T17:35:52","guid":{"rendered":"https:\/\/cdnoticias.com\/?p=176609"},"modified":"2025-07-12T14:35:54","modified_gmt":"2025-07-12T17:35:54","slug":"buscan-al-propietario-de-una-bicicleta-encontrada","status":"publish","type":"post","link":"https:\/\/cdnoticias.com\/index.php\/2025\/07\/12\/buscan-al-propietario-de-una-bicicleta-encontrada\/","title":{"rendered":"Buscan al propietario de una bicicleta encontrada"},"content":{"rendered":"<p>Una bicicleta tipo mountain bike rodado 26 fue hallada este s\u00e1bado en la zona de calle Mitre al 4600 por personal del Comando de Patrullas.<!--more--><\/p>\n<hr \/>\n<p>Una <strong>bicicleta tipo mountain bike rodado 26<\/strong> fue <strong>hallada este s\u00e1bado<\/strong> en la zona de <strong>calle Mitre al 4600<\/strong> por personal del Comando de Patrullas.<\/p>\n<p>Seg\u00fan se detall\u00f3, la bicicleta, de <strong>color dorado, sin marca ni numeraci\u00f3n visible<\/strong>, se encontraba sin medidas de seguridad colocadas y sin presencia de su propietario. Luego de consultar a vecinos del sector sin obtener informaci\u00f3n sobre su titularidad, se procedi\u00f3 al <strong>secuestro del rodado<\/strong>.<\/p>\n<p>Las <strong>actuaciones fueron derivadas a la Comisar\u00eda Segunda<\/strong>\u00a0con intervenci\u00f3n de la UFI N.\u00ba 10 (Unidad Fiscal de Investigaci\u00f3n), a cargo del Dr. Iturralde.<\/p>\n<blockquote><p>Desde la dependencia se solicit\u00f3 que, en caso de ser reconocida, su propietario se acerque a la sede policial.<\/p><\/blockquote>\n","protected":false},"excerpt":{"rendered":"<p>Una bicicleta tipo mountain bike rodado 26 fue hallada este s\u00e1bado en la zona de calle Mitre al 4600 por<\/p>\n","protected":false},"author":4,"featured_media":176610,"comment_status":"closed","ping_status":"closed","sticky":false,"template":"","format":"standard","meta":{"_jetpack_memberships_contains_paid_content":false,"footnotes":""},"categories":[14,1],"tags":[],"class_list":["post-176609","post","type-post","status-publish","format-standard","has-post-thumbnail","hentry","category-policiales","category-portada"],"jetpack_featured_media_url":"https:\/\/i0.wp.com\/cdnoticias.com\/wp-content\/uploads\/2025\/07\/mitre-4655.jpeg?fit=619%2C397&ssl=1","jetpack_sharing_enabled":true,"_links":{"self":[{"href":"https:\/\/cdnoticias.com\/index.php\/wp-json\/wp\/v2\/posts\/176609","targetHints":{"allow":["GET"]}}],"collection":[{"href":"https:\/\/cdnoticias.com\/index.php\/wp-json\/wp\/v2\/posts"}],"about":[{"href":"https:\/\/cdnoticias.com\/index.php\/wp-json\/wp\/v2\/types\/post"}],"author":[{"embeddable":true,"href":"https:\/\/cdnoticias.com\/index.php\/wp-json\/wp\/v2\/users\/4"}],"replies":[{"embeddable":true,"href":"https:\/\/cdnoticias.com\/index.php\/wp-json\/wp\/v2\/comments?post=176609"}],"version-history":[{"count":0,"href":"https:\/\/cdnoticias.com\/index.php\/wp-json\/wp\/v2\/posts\/176609\/revisions"}],"wp:featuredmedia":[{"embeddable":true,"href":"https:\/\/cdnoticias.com\/index.php\/wp-json\/wp\/v2\/media\/176610"}],"wp:attachment":[{"href":"https:\/\/cdnoticias.com\/index.php\/wp-json\/wp\/v2\/media?parent=176609"}],"wp:term":[{"taxonomy":"category","embeddable":true,"href":"https:\/\/cdnoticias.com\/index.php\/wp-json\/wp\/v2\/categories?post=176609"},{"taxonomy":"post_tag","embeddable":true,"href":"https:\/\/cdnoticias.com\/index.php\/wp-json\/wp\/v2\/tags?post=176609"}],"curies":[{"name":"wp","href":"https:\/\/api.w.org\/{rel}","templated":true}]}}