{"id":176601,"date":"2025-07-12T12:47:19","date_gmt":"2025-07-12T15:47:19","guid":{"rendered":"https:\/\/cdnoticias.com\/?p=176601"},"modified":"2025-07-12T17:01:51","modified_gmt":"2025-07-12T20:01:51","slug":"violencia-de-genero-un-joven-quedo-detenido-por-lesiones-y-amenazas","status":"publish","type":"post","link":"https:\/\/cdnoticias.com\/index.php\/2025\/07\/12\/violencia-de-genero-un-joven-quedo-detenido-por-lesiones-y-amenazas\/","title":{"rendered":"Violencia de g\u00e9nero: un joven qued\u00f3 detenido por lesiones y amenazas"},"content":{"rendered":"<p>El acusado tiene 21 a\u00f1os. Fue arrestado en Moreno al 300 por orden del Juzgado de Garant\u00edas N\u00ba 2.<!--more--><\/p>\n<hr \/>\n<p>Un<strong> joven de 21 a\u00f1os<\/strong> fue <strong>detenido<\/strong> este mi\u00e9rcoles en el marco de una investigaci\u00f3n por <strong>\u201clesiones leves y amenazas agravadas\u201d<\/strong> enmarcadas en un caso de <strong>violencia de g\u00e9nero<\/strong>.<\/p>\n<p>El arresto se dio con un <strong>allanamiento<\/strong> realizado en una vivienda ubicada en la zona de <strong>Moreno al 3000<\/strong>.<\/p>\n<p>La medida judicial fue<strong> solicitada por la Unidad Fiscal de Investigaci\u00f3n (UFI) N.\u00ba 5<\/strong>, a cargo de la agente fiscal Mariela Viceconte, y autorizada por el <strong>Juzgado de Garant\u00edas N\u00ba 2<\/strong> a cargo del Dr. Carlos Eduardo Villamar\u00edn.<\/p>\n<p>El procedimiento fue llevado a cabo por personal del Gabinete T\u00e9cnico Operativo de la<strong> Comisar\u00eda Primera<\/strong>, en conjunto con la <strong>Comisar\u00eda de la Mujer y la Familia<\/strong> y efectivos de la <strong>Comisar\u00eda Segunda<\/strong>. Como resultado, se concret\u00f3 la detenci\u00f3n del acusado, quien qued\u00f3<strong> alojado en una dependencia policial a la espera de su traslado a una unidad penitenciaria<\/strong>.<\/p>\n","protected":false},"excerpt":{"rendered":"<p>El acusado tiene 21 a\u00f1os. Fue arrestado en Moreno al 300 por orden del Juzgado de Garant\u00edas N\u00ba 2.<\/p>\n","protected":false},"author":4,"featured_media":176602,"comment_status":"closed","ping_status":"closed","sticky":false,"template":"","format":"standard","meta":{"_jetpack_memberships_contains_paid_content":false,"footnotes":""},"categories":[14,1],"tags":[],"class_list":["post-176601","post","type-post","status-publish","format-standard","has-post-thumbnail","hentry","category-policiales","category-portada"],"jetpack_featured_media_url":"https:\/\/i0.wp.com\/cdnoticias.com\/wp-content\/uploads\/2025\/07\/moreno-3000-Detencion-violencia-de-genero.jpg?fit=800%2C445&ssl=1","jetpack_sharing_enabled":true,"_links":{"self":[{"href":"https:\/\/cdnoticias.com\/index.php\/wp-json\/wp\/v2\/posts\/176601","targetHints":{"allow":["GET"]}}],"collection":[{"href":"https:\/\/cdnoticias.com\/index.php\/wp-json\/wp\/v2\/posts"}],"about":[{"href":"https:\/\/cdnoticias.com\/index.php\/wp-json\/wp\/v2\/types\/post"}],"author":[{"embeddable":true,"href":"https:\/\/cdnoticias.com\/index.php\/wp-json\/wp\/v2\/users\/4"}],"replies":[{"embeddable":true,"href":"https:\/\/cdnoticias.com\/index.php\/wp-json\/wp\/v2\/comments?post=176601"}],"version-history":[{"count":0,"href":"https:\/\/cdnoticias.com\/index.php\/wp-json\/wp\/v2\/posts\/176601\/revisions"}],"wp:featuredmedia":[{"embeddable":true,"href":"https:\/\/cdnoticias.com\/index.php\/wp-json\/wp\/v2\/media\/176602"}],"wp:attachment":[{"href":"https:\/\/cdnoticias.com\/index.php\/wp-json\/wp\/v2\/media?parent=176601"}],"wp:term":[{"taxonomy":"category","embeddable":true,"href":"https:\/\/cdnoticias.com\/index.php\/wp-json\/wp\/v2\/categories?post=176601"},{"taxonomy":"post_tag","embeddable":true,"href":"https:\/\/cdnoticias.com\/index.php\/wp-json\/wp\/v2\/tags?post=176601"}],"curies":[{"name":"wp","href":"https:\/\/api.w.org\/{rel}","templated":true}]}}