{"id":176593,"date":"2025-07-12T11:25:13","date_gmt":"2025-07-12T14:25:13","guid":{"rendered":"https:\/\/cdnoticias.com\/?p=176593"},"modified":"2025-07-12T11:25:14","modified_gmt":"2025-07-12T14:25:14","slug":"agenda-para-disfrutar-el-finde-en-olavarria","status":"publish","type":"post","link":"https:\/\/cdnoticias.com\/index.php\/2025\/07\/12\/agenda-para-disfrutar-el-finde-en-olavarria\/","title":{"rendered":"Agenda para disfrutar el finde en Olavarr\u00eda"},"content":{"rendered":"<p>El programa comprende este s\u00e1bado y domingo. Ferias, propuestas teatrales, conciertos, muestras, visitas guiadas y juegos: son algunas de las opciones.<!--more--><\/p>\n<hr \/>\n<p>Desde el Municipio de Olavarr\u00eda se dieron a conocer las propuestas de actividades en los diferentes espacios culturales de la ciudad para disfrutar durante el fin de semana:<\/p>\n<h3>S\u00e1bado 12 de julio<\/h3>\n<ul>\n<li><strong>Macro del Club Estudiantes \u2013 10 horas \u2013 Copa Ciudad de Olavarr\u00eda de Handball<\/strong><\/li>\n<\/ul>\n<p>Este s\u00e1bado 12 de julio se llevar\u00e1 a cabo la definici\u00f3n de la Primera Edici\u00f3n de la Copa Ciudad de Olavarr\u00eda de Handball. Se trata de<strong> un torneo armado en conjunto entre el Municipio y clubes de la ciudad<\/strong> para que Olavarr\u00eda, con la posibilidad de contar con una <strong>competencia local<\/strong>, pero tambi\u00e9n <strong>un espacio de promoci\u00f3n<\/strong> para que cada vez sean m\u00e1s las personas que conozcan el deporte y se sumen a la pr\u00e1ctica. El final four se disputar\u00e1 este s\u00e1bado a partir de las 10 horas, en el Macro Gimnasio del Club Estudiantes. La actividad se prolongar\u00e1 durante toda la ma\u00f1ana y tarde, con la definici\u00f3n tanto en damas como en caballeros, adem\u00e1s se llevar\u00e1 a cabo un encuentro para categor\u00edas infantiles. <strong>Se invita a toda la familia a disfrutar de una tarde a puro handball, con entrada libre y gratuita<\/strong>.<\/p>\n<ul>\n<li><strong>Centro Cultural \u201cSan Jos\u00e9\u201d \u2013 18 horas \u2013 Apertura de muestra colectiva<\/strong><\/li>\n<\/ul>\n<p>Dentro del marco de la programaci\u00f3n del Centro Cultural Municipal \u201cSan Jos\u00e9\u201d, este s\u00e1bado 12 de julio, a las 18 horas, se llevar\u00e1 a cabo la<a href=\"https:\/\/cdnoticias.com\/index.php\/2025\/07\/12\/silvio-oliva-drys-pensamos-la-muestra-en-pos-de-lo-social-que-cumple-ese-centro-cultural\/\" target=\"_blank\" rel=\"noopener\"> inauguraci\u00f3n de tres exposiciones<\/a> que recorren diferentes lenguajes del arte y la cultura social argentina. En Sala 1 se encuentran las obras de las grabadoras <strong>Alicia Scavino y Ang\u00fa V\u00e1zquez<\/strong>, oriundas de Capital Federal. <strong>Emilio Reato<\/strong>, presentar\u00e1 en Sala 2 una muestra que nuclea bocetos, pinturas y una serie de \u00f3leos inspirada en el Quijote de Miguel de Cervantes. <strong>Juan Bautista Olmedo<\/strong>, artista oriundo de la ciudad de Azul, presenta en Salas 3 y 4 pinturas y esculturas en hierro de gran tama\u00f1o.<\/p>\n<p>El horario del Centro Cultural \u201cSan Jos\u00e9\u201d, en salas: lunes a viernes de 8 a 18 horas; s\u00e1bados, domingos y feriados de 15 a 18 horas, y administraci\u00f3n: lunes a viernes de 7 a 13 horas.<\/p>\n<h3>Domingo 13 de julio<\/h3>\n<ul>\n<li><strong>Polo Educativo y Recreativo \u201cLa M\u00e1xima\u201d \u2013 15 horas \u2013 Cine, reptilario, y juegos<\/strong><\/li>\n<\/ul>\n<p>Este domingo 13 de julio habr\u00e1 <strong>cortos con eje en tem\u00e1tica ambiental, microcine, visitas al reptilario , juegos en la ludoteca y juegos de estrategia<\/strong>.<br \/>\nCabe aclarar que las actividades no requieren inscripci\u00f3n previa y se desarrollan con <strong>entrada libre y gratuita<\/strong>.<\/p>\n<ul>\n<li><strong>Teatro Municipal \u2013 14 horas \u2013 The World Dance Show<\/strong><\/li>\n<\/ul>\n<p>The World Dance Show es una Selectiva de Competencia de distintas <strong>disciplinas de las ciudades de Azul, Tapalqu\u00e9, Tres Arroyos, Benito Ju\u00e1rez y Olavarr\u00eda<\/strong>. Vendr\u00e1n como jurados la Sra. B\u00e1rbara \u00c1lvarez y Daniel Amador. Entrada general (sin numerar): Anticipadas $ 10000- El d\u00eda del evento $ 12000. Venta en Tecnocentro (Rivadavia 3065) en efectivo. Venta en el Teatro Municipal (Rivadavia 2780) con tarjetas de cr\u00e9dito, d\u00e9bito y billeteras virtuales. Venta on line www.articket.com.ar con cr\u00e9dito y d\u00e9bito.<\/p>\n<ul>\n<li><strong>Sociedad Francesa \u2013 18 horas \u2013 Concierto del Quinteto Municipal \u201cVientos de Olavarr\u00eda\u201d<\/strong><\/li>\n<\/ul>\n<p>El Quinteto Municipal \u201cVientos de Olavarr\u00eda\u201d realizar\u00e1 su pr\u00f3ximo concierto el domingo 13 de julio a las 18 horas<a href=\"https:\/\/cdnoticias.com\/index.php\/2025\/07\/11\/el-quinteto-municipal-vientos-de-olavarria-se-presenta-en-la-sociedad-francesa\/\" target=\"_blank\" rel=\"noopener\"> en la Sociedad Francesa de Olavarr\u00eda<\/a>, ubicado en San Mart\u00edn 2645. Se invita a participar de esta <strong>propuesta libre y gratuita<\/strong>, donde se interpretar\u00e1n obras de Georges Bizet, Jacques Ibert, Carlos Gardel, Astor Piazzolla y \u00c9dith Piaf.<\/p>\n<ul>\n<li><strong>Visitas guiadas en Museos durante el fin de semana<\/strong><\/li>\n<\/ul>\n<p>Durante los d\u00edas s\u00e1bado 12 y domingo 13 de julio el <strong>Museo Municipal \u201cD\u00e1maso Arce\u201d, Museo Municipal \u201cHermanos Emiliozzi\u201d y Museos Municipales de los Pueblos<\/strong>, abrir\u00e1n sus puertas de 15 a 18 horas. En tanto que a las 16 horas, habr\u00e1 visitas guiadas en el MDA y Museo Emiliozzi.<\/p>\n","protected":false},"excerpt":{"rendered":"<p>El programa comprende este s\u00e1bado y domingo. Ferias, propuestas teatrales, conciertos, muestras, visitas guiadas y juegos: son algunas de las<\/p>\n","protected":false},"author":4,"featured_media":176594,"comment_status":"closed","ping_status":"closed","sticky":false,"template":"","format":"standard","meta":{"_jetpack_memberships_contains_paid_content":false,"footnotes":""},"categories":[9,1],"tags":[],"class_list":["post-176593","post","type-post","status-publish","format-standard","has-post-thumbnail","hentry","category-cultura","category-portada"],"jetpack_featured_media_url":"https:\/\/i0.wp.com\/cdnoticias.com\/wp-content\/uploads\/2025\/07\/finde-0.jpg?fit=800%2C445&ssl=1","jetpack_sharing_enabled":true,"_links":{"self":[{"href":"https:\/\/cdnoticias.com\/index.php\/wp-json\/wp\/v2\/posts\/176593","targetHints":{"allow":["GET"]}}],"collection":[{"href":"https:\/\/cdnoticias.com\/index.php\/wp-json\/wp\/v2\/posts"}],"about":[{"href":"https:\/\/cdnoticias.com\/index.php\/wp-json\/wp\/v2\/types\/post"}],"author":[{"embeddable":true,"href":"https:\/\/cdnoticias.com\/index.php\/wp-json\/wp\/v2\/users\/4"}],"replies":[{"embeddable":true,"href":"https:\/\/cdnoticias.com\/index.php\/wp-json\/wp\/v2\/comments?post=176593"}],"version-history":[{"count":0,"href":"https:\/\/cdnoticias.com\/index.php\/wp-json\/wp\/v2\/posts\/176593\/revisions"}],"wp:featuredmedia":[{"embeddable":true,"href":"https:\/\/cdnoticias.com\/index.php\/wp-json\/wp\/v2\/media\/176594"}],"wp:attachment":[{"href":"https:\/\/cdnoticias.com\/index.php\/wp-json\/wp\/v2\/media?parent=176593"}],"wp:term":[{"taxonomy":"category","embeddable":true,"href":"https:\/\/cdnoticias.com\/index.php\/wp-json\/wp\/v2\/categories?post=176593"},{"taxonomy":"post_tag","embeddable":true,"href":"https:\/\/cdnoticias.com\/index.php\/wp-json\/wp\/v2\/tags?post=176593"}],"curies":[{"name":"wp","href":"https:\/\/api.w.org\/{rel}","templated":true}]}}