{"id":176552,"date":"2025-07-12T10:16:39","date_gmt":"2025-07-12T13:16:39","guid":{"rendered":"https:\/\/cdnoticias.com\/?p=176552"},"modified":"2025-07-12T14:57:31","modified_gmt":"2025-07-12T17:57:31","slug":"silvio-oliva-drys-pensamos-la-muestra-en-pos-de-lo-social-que-cumple-ese-centro-cultural","status":"publish","type":"post","link":"https:\/\/cdnoticias.com\/index.php\/2025\/07\/12\/silvio-oliva-drys-pensamos-la-muestra-en-pos-de-lo-social-que-cumple-ese-centro-cultural\/","title":{"rendered":"Silvio Oliva Drys: \u201cpensamos la muestra en pos de lo social que cumple ese Centro Cultural\u201d"},"content":{"rendered":"\n<p>Este s\u00e1bado se inaugura una muestra en el Centro Cultural San Jos\u00e9 que abarca grabado, esculturas y pinturas. El curador dialog\u00f3 con Central de Noticias sobre las obras que continuar\u00e1n durante todo el receso invernal.<\/p>\n\n\n\n<hr class=\"wp-block-separator aligncenter has-alpha-channel-opacity\"\/>\n\n\n\n<p><em><strong>Danisa Jaime \/\/ @_jdanisa<\/strong><\/em><\/p>\n\n\n\n<p><em><strong>Del staff de Central de Noticias<\/strong><\/em><\/p>\n\n\n\n<p><\/p>\n\n\n\n<p>Este <strong>s\u00e1bado 12 de julio<\/strong> se <strong>inaugura una <a href=\"https:\/\/cdnoticias.com\/index.php\/2025\/07\/11\/se-inaugura-una-nueva-muestra-en-el-centro-cultural-san-jose\/\" target=\"_blank\" rel=\"noreferrer noopener\">nueva muestra en el Centro Cultural San Jos\u00e9<\/a><\/strong> que abarcar\u00e1 <strong>diversas propuestas art\u00edsticas <\/strong>y que continuar\u00e1 durante <strong>todo el receso invernal de tres meses.&nbsp;<\/strong><\/p>\n\n\n\n<p><\/p>\n\n\n\n<p><em><strong>Central de Noticias<\/strong><\/em> dialog\u00f3 con el<strong> curador de la muestra, Silvio Oliva Drys<\/strong>, quien cont\u00f3 detalles de <strong>los artistas y las disciplinas que se exhibir\u00e1n en el espacio cultural.&nbsp;&nbsp;<\/strong><\/p>\n\n\n\n<p><\/p>\n\n\n\n<blockquote class=\"wp-block-quote is-layout-flow wp-block-quote-is-layout-flow\">\n<p>\u201cLa inauguraci\u00f3n en Sala 1 est\u00e1 conformada por un homenaje a una gran grabadora argentina que fue Alicia Scavino, la artista de mayor cantidad de premios en la disciplina del grabado fuera del pa\u00eds. Es una referente para los grabadores y tambi\u00e9n una docente destacada\u201d cont\u00f3 Drys.&nbsp;<\/p>\n<\/blockquote>\n\n\n\n<p><\/p>\n\n\n\n<figure class=\"wp-block-image aligncenter size-full\"><img data-recalc-dims=\"1\" loading=\"lazy\" decoding=\"async\" width=\"800\" height=\"540\" src=\"https:\/\/i0.wp.com\/cdnoticias.com\/wp-content\/uploads\/2025\/07\/sanjosemuestra2.png?resize=800%2C540&#038;ssl=1\" alt=\"\" class=\"wp-image-176558\" srcset=\"https:\/\/i0.wp.com\/cdnoticias.com\/wp-content\/uploads\/2025\/07\/sanjosemuestra2.png?w=887&amp;ssl=1 887w, https:\/\/i0.wp.com\/cdnoticias.com\/wp-content\/uploads\/2025\/07\/sanjosemuestra2.png?resize=300%2C203&amp;ssl=1 300w, https:\/\/i0.wp.com\/cdnoticias.com\/wp-content\/uploads\/2025\/07\/sanjosemuestra2.png?resize=768%2C519&amp;ssl=1 768w\" sizes=\"auto, (max-width: 800px) 100vw, 800px\" \/><\/figure>\n\n\n\n<p><\/p>\n\n\n\n<p>Adem\u00e1s, relat\u00f3 que \u201c<strong>ella falleci\u00f3 en 2006, pero es muy respetada en el ambiente. A\u00fan 20 a\u00f1os despu\u00e9s su trabajo, su producci\u00f3n y su obra en la disciplina del grabado sigue siendo una referencia para todas estas nuevas generaciones\u201d.<\/strong>&nbsp;<\/p>\n\n\n\n<p><\/p>\n\n\n\n<p>La misma sala est\u00e1 acompa\u00f1ada con <strong>Ang\u00fa V\u00e1zquez<\/strong>, \u201c<em>que es otra grabadora y que genera como una especie de contrapunto, ya que Alicia en su imagen es muy figurativa, mientras que Ang\u00fa roza lo que es la abstracci\u00f3n<\/em>\u201d indic\u00f3 el curador.&nbsp;<\/p>\n\n\n\n<p><\/p>\n\n\n\n<figure class=\"wp-block-image aligncenter size-full\"><img data-recalc-dims=\"1\" loading=\"lazy\" decoding=\"async\" width=\"800\" height=\"519\" src=\"https:\/\/i0.wp.com\/cdnoticias.com\/wp-content\/uploads\/2025\/07\/sanjosemuestra3.png?resize=800%2C519&#038;ssl=1\" alt=\"\" class=\"wp-image-176557\" srcset=\"https:\/\/i0.wp.com\/cdnoticias.com\/wp-content\/uploads\/2025\/07\/sanjosemuestra3.png?w=884&amp;ssl=1 884w, https:\/\/i0.wp.com\/cdnoticias.com\/wp-content\/uploads\/2025\/07\/sanjosemuestra3.png?resize=300%2C194&amp;ssl=1 300w, https:\/\/i0.wp.com\/cdnoticias.com\/wp-content\/uploads\/2025\/07\/sanjosemuestra3.png?resize=768%2C498&amp;ssl=1 768w\" sizes=\"auto, (max-width: 800px) 100vw, 800px\" \/><\/figure>\n\n\n\n<p><\/p>\n\n\n\n<p>Sobre la muestra de grabado, Drys remarc\u00f3 que \u201c<strong>es una buena muestra que adem\u00e1s nos ha permitido exhibir chapas originales y herramientas de la disciplina, que es poco com\u00fan mostrarlo. Nos parec\u00eda pedag\u00f3gico que pudieran contar con esa visi\u00f3n de las herramientas\u201d.&nbsp;<\/strong><\/p>\n\n\n\n<p><\/p>\n\n\n\n<p>Por su parte, en la Sala 2 habr\u00e1 una gran muestra de<strong> Emilio Reato<\/strong> \u201cque la conforman 15 obras que son patrimonio de la Casa Ronco de la ciudad de Azul\u201d.&nbsp;<\/p>\n\n\n\n<p><\/p>\n\n\n\n<blockquote class=\"wp-block-quote is-layout-flow wp-block-quote-is-layout-flow\">\n<p>\u201cSon obras que forman parte de la ilustraci\u00f3n de un libro editado en 2018 sobre una adaptaci\u00f3n del Quijote por dos grandes escritores, Federico Jeanmaire y \u00c1ngeles Durini. Emilio Reato realiza las ilustraciones donde ambienta el escenario de las aventuras del Quijote aqu\u00ed en el interior de la provincia: donde est\u00e1n las sierras, donde est\u00e1 la obra de Francisco Salamone\u201d cont\u00f3 Drys.<\/p>\n<\/blockquote>\n\n\n\n<p><\/p>\n\n\n\n<figure class=\"wp-block-image aligncenter size-full\"><img data-recalc-dims=\"1\" loading=\"lazy\" decoding=\"async\" width=\"800\" height=\"508\" src=\"https:\/\/i0.wp.com\/cdnoticias.com\/wp-content\/uploads\/2025\/07\/sanjosemuestra1.png?resize=800%2C508&#038;ssl=1\" alt=\"\" class=\"wp-image-176559\" srcset=\"https:\/\/i0.wp.com\/cdnoticias.com\/wp-content\/uploads\/2025\/07\/sanjosemuestra1.png?w=880&amp;ssl=1 880w, https:\/\/i0.wp.com\/cdnoticias.com\/wp-content\/uploads\/2025\/07\/sanjosemuestra1.png?resize=300%2C191&amp;ssl=1 300w, https:\/\/i0.wp.com\/cdnoticias.com\/wp-content\/uploads\/2025\/07\/sanjosemuestra1.png?resize=768%2C488&amp;ssl=1 768w\" sizes=\"auto, (max-width: 800px) 100vw, 800px\" \/><\/figure>\n\n\n\n<p>Asimismo, \u201ctoda esa serie, esos 15 cuadros, <strong>se donaron a trav\u00e9s de una suscripci\u00f3n de la comunidad de los azule\u00f1os, que compraron los 15 cuadros y los donaron a Casa Ronco.<\/strong> Eso es un hecho que <strong>no hay mucho precedente<\/strong> que digamos y<strong> lo destaco porque tambi\u00e9n es una comunidad empoderada detr\u00e1s de un proyecto de enriquecer las instituciones culturales\u201d<\/strong> cont\u00f3 Drys con alegr\u00eda.&nbsp;<\/p>\n\n\n\n<p><\/p>\n\n\n\n<p>Adem\u00e1s, la obra de Emilio Reato <em>\u201ccuenta con algo maravilloso desde lo tecnol\u00f3gico, ya que se puede descargar una aplicaci\u00f3n y mirar los cuadros a trav\u00e9s de esa pantalla donde comienzan los personajes a animarse\u201d.&nbsp;<\/em><\/p>\n\n\n\n<p><\/p>\n\n\n\n<p>\u201cAdem\u00e1s hay una especie de trap que va relatando lo que es la escena. Es decir, tiene realidad aumentada.<strong> Es muy interesante como lenguaje, a la vez que tambi\u00e9n se muestran los bocetos, <\/strong>con los cuales \u00e9l fue haciendo los estudios preliminares de lo que conforma esa serie y ese personaje\u201d relat\u00f3 en la misma l\u00ednea.&nbsp;<\/p>\n\n\n\n<p><\/p>\n\n\n\n<p>Por \u00faltimo, en la sala 3 y 4 est\u00e1 la obra de<strong> Juan Bautista Olmedo<\/strong>: \u201cson pinturas y esculturas. Es un escultor autodidacta formado en el taller de Regazzoni y que reside en Azul. Esa es quiz\u00e1s, la muestra donde <strong>se aborda otro lenguaje que es la tridimensi\u00f3n<\/strong> pero tambi\u00e9n con una <strong>serie de obras que ahondan un poco m\u00e1s en la condici\u00f3n humana\u201d.&nbsp;<\/strong><\/p>\n\n\n\n<p><\/p>\n\n\n\n<figure class=\"wp-block-image aligncenter size-full\"><img data-recalc-dims=\"1\" loading=\"lazy\" decoding=\"async\" width=\"800\" height=\"537\" src=\"https:\/\/i0.wp.com\/cdnoticias.com\/wp-content\/uploads\/2025\/07\/sanjosemuestra.png?resize=800%2C537&#038;ssl=1\" alt=\"\" class=\"wp-image-176560\" srcset=\"https:\/\/i0.wp.com\/cdnoticias.com\/wp-content\/uploads\/2025\/07\/sanjosemuestra.png?w=871&amp;ssl=1 871w, https:\/\/i0.wp.com\/cdnoticias.com\/wp-content\/uploads\/2025\/07\/sanjosemuestra.png?resize=300%2C201&amp;ssl=1 300w, https:\/\/i0.wp.com\/cdnoticias.com\/wp-content\/uploads\/2025\/07\/sanjosemuestra.png?resize=768%2C516&amp;ssl=1 768w, https:\/\/i0.wp.com\/cdnoticias.com\/wp-content\/uploads\/2025\/07\/sanjosemuestra.png?resize=272%2C182&amp;ssl=1 272w\" sizes=\"auto, (max-width: 800px) 100vw, 800px\" \/><\/figure>\n\n\n\n<p><\/p>\n\n\n\n<p>\u201c<em>Juan tiene una larga trayectoria trabajando en el hierro fundamentalmente, pero tambi\u00e9n ha incursionado en otros lenguajes como la pintura u otras t\u00e9cnicas como la arcilla y el modelado. Creo que es una gran exposici\u00f3n que nos habla de los artistas de la regi\u00f3n, de los grandes maestros<\/em>\u201d explic\u00f3 Drys.&nbsp;<\/p>\n\n\n\n<p><\/p>\n\n\n\n<p>En tanto agreg\u00f3: \u201cEn Emilio Reato tenemos ah\u00ed un gran ejemplo de lo que es no solamente un artista, sino tambi\u00e9n de lo que es un <strong>colectivo de artistas<\/strong> ya que tambi\u00e9n habr\u00e1 proyecciones del grupo que integra que se llama <strong>Constructores de Fuego.<\/strong> Van haciendo acciones perform\u00e1ticas en distintos lugares. Ojal\u00e1 pueda ser un proyecto futuro para Olavarr\u00eda\u201d.&nbsp;<\/p>\n\n\n\n<p><\/p>\n\n\n\n<p><strong>El Centro Cultural San Jos\u00e9, el lugar elegido para la inauguraci\u00f3n de la obra<\/strong><\/p>\n\n\n\n<p>\u201cEs un lugar en el que podemos mirar las ciudades de alrededor y<strong> no hay ninguno que se le parezca<\/strong>. Creo que tiene una infraestructura maravillosa y las salas amplias de muy buen nivel\u201d explic\u00f3 Drys.&nbsp;<\/p>\n\n\n\n<p><\/p>\n\n\n\n<p>Asimismo agreg\u00f3: \u201cEs positivo el espacio f\u00edsico y c\u00f3mo se encuentra. Creo que tenemos que mirar precisamente ese espacio como lo que es: <strong>un gran faro de cultura y de lo que all\u00ed pasa y que lo ha sido a lo largo de estos 15 a\u00f1os\u201d.&nbsp;<\/strong><\/p>\n\n\n\n<p><\/p>\n\n\n\n<p>Este s\u00e1bado estar\u00e1n presentes <strong>Juan Bautista Olmedo y&nbsp; Fabian Attila, que tambi\u00e9n es artista e hijo de Alicia Scavino<\/strong>. En cuanto a <strong>Emilio Reato,<\/strong> se va a generar en el transcurso de estos tres meses una <strong>charla-encuentro<\/strong> para que se refiera a la obra y al colectivo de artistas Constructores de Fuego.&nbsp;<\/p>\n\n\n\n<p><\/p>\n\n\n\n<p>Por \u00faltimo,<strong> Ang\u00fa V\u00e1zquez,<\/strong> \u201cque en este momento se encuentra en Costa Rica, va a estar tambi\u00e9n en una <strong>charla-encuentro <\/strong>que generar\u00edamos en torno a la disciplina del grabado. Esto va a tener continuidad en cuanto a actividades\u201d cerr\u00f3 Drys.<\/p>\n\n\n\n<p><\/p>\n\n\n\n<p><strong><em>\u00bfC\u00f3mo se organiza esta puesta al montaje de tres salas distintas?&nbsp;<\/em><\/strong><\/p>\n\n\n\n<p>D: Lo trabajamos mucho con Agustina Marino, que no es la primera vez que tengo el privilegio de hacerlo. Nos entendemos muy bien. Tambi\u00e9n trabajamos junto con Sof\u00eda Ar\u00e9valo y fue una experiencia muy interesante de ponernos de acuerdo de qu\u00e9 es lo mejor que quer\u00edamos ofrecer en estas exposiciones.&nbsp;Por otro lado las obras van a estar tres meses, y es un tiempo suficiente que incluso abarca el receso invernal, por lo tanto va a haber algunas actividades para los chicos. Cuando uno genera este tipo de curadur\u00eda, este tipo de proyectos, no tiene que ver mucho con el gusto propio en la elecci\u00f3n. Pensamos la muestra en pos de lo social que cumple ese Centro Cultural.&nbsp;<\/p>\n\n\n\n<p><\/p>\n\n\n\n<p><strong><em>\u00bfTiene que ver tambi\u00e9n con la elecci\u00f3n de un momento de la historia o eso queda por fuera?<\/em><\/strong><\/p>\n\n\n\n<p>En el momento de la historia tenemos la obra de reato que tiene la vigencia de este personaje aventurero que se encarna el Quijote y hay una realidad social que de alguna manera est\u00e1 a trav\u00e9s de las canciones de trap y que se refieren a la justicia, que se refieren a los derechos, que se refieren a la visi\u00f3n de las cosas. Por otro lado la obra de Juan Olmedo es una obra que tiene un car\u00e1cter social fuerte porque hace hincapi\u00e9 en ciertas obras, en lo que son las ni\u00f1ez, por ejemplo, y lo que es la pobreza incluso.&nbsp; Siempre el arte tiene un mensaje, un contenido social. En el caso de Alicia es una obra que tiene, obviamente, pertenece a otra \u00e9poca, pero es muy propio de lo que posibilita el arte: hay cosas que son trascendentes y siempre mantienen cierta vigencia.<\/p>\n\n\n\n<p><\/p>\n\n\n\n<p><\/p>\n","protected":false},"excerpt":{"rendered":"<p>Este s\u00e1bado se inaugura una muestra en el Centro Cultural San Jos\u00e9 que abarca grabado, esculturas y pinturas. El curador<\/p>\n","protected":false},"author":6,"featured_media":108805,"comment_status":"closed","ping_status":"closed","sticky":false,"template":"","format":"standard","meta":{"_jetpack_memberships_contains_paid_content":false,"footnotes":""},"categories":[9,1],"tags":[],"class_list":["post-176552","post","type-post","status-publish","format-standard","has-post-thumbnail","hentry","category-cultura","category-portada"],"jetpack_featured_media_url":"https:\/\/i0.wp.com\/cdnoticias.com\/wp-content\/uploads\/2024\/02\/atardecer-de-feria-segunda-edicion-11.jpg?fit=1000%2C556&ssl=1","jetpack_sharing_enabled":true,"_links":{"self":[{"href":"https:\/\/cdnoticias.com\/index.php\/wp-json\/wp\/v2\/posts\/176552","targetHints":{"allow":["GET"]}}],"collection":[{"href":"https:\/\/cdnoticias.com\/index.php\/wp-json\/wp\/v2\/posts"}],"about":[{"href":"https:\/\/cdnoticias.com\/index.php\/wp-json\/wp\/v2\/types\/post"}],"author":[{"embeddable":true,"href":"https:\/\/cdnoticias.com\/index.php\/wp-json\/wp\/v2\/users\/6"}],"replies":[{"embeddable":true,"href":"https:\/\/cdnoticias.com\/index.php\/wp-json\/wp\/v2\/comments?post=176552"}],"version-history":[{"count":0,"href":"https:\/\/cdnoticias.com\/index.php\/wp-json\/wp\/v2\/posts\/176552\/revisions"}],"wp:featuredmedia":[{"embeddable":true,"href":"https:\/\/cdnoticias.com\/index.php\/wp-json\/wp\/v2\/media\/108805"}],"wp:attachment":[{"href":"https:\/\/cdnoticias.com\/index.php\/wp-json\/wp\/v2\/media?parent=176552"}],"wp:term":[{"taxonomy":"category","embeddable":true,"href":"https:\/\/cdnoticias.com\/index.php\/wp-json\/wp\/v2\/categories?post=176552"},{"taxonomy":"post_tag","embeddable":true,"href":"https:\/\/cdnoticias.com\/index.php\/wp-json\/wp\/v2\/tags?post=176552"}],"curies":[{"name":"wp","href":"https:\/\/api.w.org\/{rel}","templated":true}]}}