{"id":176548,"date":"2025-07-11T18:19:20","date_gmt":"2025-07-11T21:19:20","guid":{"rendered":"https:\/\/cdnoticias.com\/?p=176548"},"modified":"2025-07-13T15:35:37","modified_gmt":"2025-07-13T18:35:37","slug":"prohiben-productos-capilares-de-priscila-alisados-por-no-contar-con-autorizacion-sanitaria","status":"publish","type":"post","link":"https:\/\/cdnoticias.com\/index.php\/2025\/07\/11\/prohiben-productos-capilares-de-priscila-alisados-por-no-contar-con-autorizacion-sanitaria\/","title":{"rendered":"Proh\u00edben productos capilares de Priscila Alisados por no contar con autorizaci\u00f3n sanitaria"},"content":{"rendered":"\n<p>Fue informado por la Anmat este viernes. Se indic\u00f3 que eran comercializados \u201csin registro ni control sanitario\u201d.<\/p>\n\n\n\n<hr class=\"wp-block-separator aligncenter has-alpha-channel-opacity\"\/>\n\n\n\n<p>La Administraci\u00f3n Nacional de Medicamentos, Alimentos y Tecnolog\u00eda M\u00e9dica (Anmat) <strong>dispuso la prohibici\u00f3n de una l\u00ednea completa de productos capilares de la marca \u201cPriscila Alisados\u201d, luego de detectar que eran comercializados sin registro ni control sanitario.<\/strong><\/p>\n\n\n\n<p>A trav\u00e9s de la <strong>disposici\u00f3n 4676\/2025 publicada este viernes en el Bolet\u00edn Oficial,<\/strong> el organismo tom\u00f3 esta medida<em> \u201ccon el fin de proteger a eventuales usuarios de los efectos derivados de su uso\u201d, <\/em>seg\u00fan consta en el texto oficial. <strong>La acci\u00f3n se inici\u00f3 tras una denuncia recibida por el Sistema de Cosmetovigilancia que advert\u00eda sobre la venta de estos art\u00edculos a trav\u00e9s de plataformas digitales.<\/strong><\/p>\n\n\n\n<p>La Anmat constat\u00f3 que los productos \u2014que <strong>inclu\u00edan botox capilar en gel, shock de keratina, lociones de biotina y alisadores express<\/strong>\u2014 no contaban con inscripci\u00f3n en la base de datos oficial de cosm\u00e9ticos, por lo que se <strong>activ\u00f3 un operativo de control del Programa de Monitoreo y Fiscalizaci\u00f3n de Publicidad y Promoci\u00f3n.<\/strong><\/p>\n\n\n\n<p>El organismo tambi\u00e9n emiti\u00f3 una advertencia sobre los posibles riesgos para la salud que representan estos tratamientos no autorizados, ya que podr\u00edan contener formol, <strong>una sustancia qu\u00edmica cuya utilizaci\u00f3n para alisar el cabello est\u00e1 prohibida por su toxicidad<\/strong>. La exposici\u00f3n a este compuesto puede generar reacciones al\u00e9rgicas, irritaciones y, en casos de contacto prolongado, enfermedades graves como c\u00e1ncer nasofar\u00edngeo.<\/p>\n\n\n\n<p>En consecuencia<strong>, se orden\u00f3 la prohibici\u00f3n de uso, comercializaci\u00f3n, distribuci\u00f3n y publicidad de todos los productos identificados bajo la marca \u201cPriscila Alisados\u201d, sin importar su presentaci\u00f3n, lote o variante. Desde el organismo se remarc\u00f3 que no se puede garantizar la seguridad de estos productos ni verificar su proceso de fabricaci\u00f3n, por lo que representan un riesgo sanitario concreto para la poblaci\u00f3n.<\/strong><\/p>\n","protected":false},"excerpt":{"rendered":"<p>Fue informado por la Anmat este viernes. Se indic\u00f3 que eran comercializados \u201csin registro ni control sanitario\u201d. La Administraci\u00f3n Nacional<\/p>\n","protected":false},"author":2,"featured_media":176549,"comment_status":"closed","ping_status":"closed","sticky":false,"template":"","format":"standard","meta":{"_jetpack_memberships_contains_paid_content":false,"footnotes":""},"categories":[6,1],"tags":[],"class_list":["post-176548","post","type-post","status-publish","format-standard","has-post-thumbnail","hentry","category-nacionales","category-portada"],"jetpack_featured_media_url":"https:\/\/i0.wp.com\/cdnoticias.com\/wp-content\/uploads\/2025\/07\/peluquera.jpg?fit=1909%2C1269&ssl=1","jetpack_sharing_enabled":true,"_links":{"self":[{"href":"https:\/\/cdnoticias.com\/index.php\/wp-json\/wp\/v2\/posts\/176548","targetHints":{"allow":["GET"]}}],"collection":[{"href":"https:\/\/cdnoticias.com\/index.php\/wp-json\/wp\/v2\/posts"}],"about":[{"href":"https:\/\/cdnoticias.com\/index.php\/wp-json\/wp\/v2\/types\/post"}],"author":[{"embeddable":true,"href":"https:\/\/cdnoticias.com\/index.php\/wp-json\/wp\/v2\/users\/2"}],"replies":[{"embeddable":true,"href":"https:\/\/cdnoticias.com\/index.php\/wp-json\/wp\/v2\/comments?post=176548"}],"version-history":[{"count":0,"href":"https:\/\/cdnoticias.com\/index.php\/wp-json\/wp\/v2\/posts\/176548\/revisions"}],"wp:featuredmedia":[{"embeddable":true,"href":"https:\/\/cdnoticias.com\/index.php\/wp-json\/wp\/v2\/media\/176549"}],"wp:attachment":[{"href":"https:\/\/cdnoticias.com\/index.php\/wp-json\/wp\/v2\/media?parent=176548"}],"wp:term":[{"taxonomy":"category","embeddable":true,"href":"https:\/\/cdnoticias.com\/index.php\/wp-json\/wp\/v2\/categories?post=176548"},{"taxonomy":"post_tag","embeddable":true,"href":"https:\/\/cdnoticias.com\/index.php\/wp-json\/wp\/v2\/tags?post=176548"}],"curies":[{"name":"wp","href":"https:\/\/api.w.org\/{rel}","templated":true}]}}