{"id":176525,"date":"2025-07-11T13:03:54","date_gmt":"2025-07-11T16:03:54","guid":{"rendered":"https:\/\/cdnoticias.com\/?p=176525"},"modified":"2025-07-11T14:07:32","modified_gmt":"2025-07-11T17:07:32","slug":"olavarria-es-pago-martinfierrista","status":"publish","type":"post","link":"https:\/\/cdnoticias.com\/index.php\/2025\/07\/11\/olavarria-es-pago-martinfierrista\/","title":{"rendered":"Olavarr\u00eda es \u201cPago Martinfierrista\u201d"},"content":{"rendered":"<p>Se defini\u00f3 en la sesi\u00f3n del Concejo Deliberante donde adem\u00e1s fue reconocido uno de los impulsores de esa declaraci\u00f3n, el doctor Adolfo Rocha Campos.<!--more--><\/p>\n<hr \/>\n<p>Este jueves se llev\u00f3 a cabo la <strong>novena sesi\u00f3n ordinaria del Honorable Concejo Deliberante<\/strong>, en el marco del per\u00edodo legislativo 2025.<\/p>\n<p>\u00a0<\/p>\n<p>La jornada inici\u00f3 con la <strong>aprobaci\u00f3n de la ordenanza 5604\/25<\/strong> que declar\u00f3 al partido de <strong>Olavarr\u00eda como \u201cPago Martinfierrista\u201d<\/strong>, una iniciativa que busca poner en valor la<strong> identidad cultural y el arraigo<\/strong> de las expresiones tradicionales y literarias vinculadas a la obra <strong>&#8220;El Gaucho Mart\u00edn Fierro&#8221;<\/strong>.<\/p>\n<p>\u00a0<\/p>\n<p>La iniciativa <strong>impulsada por Adolfo Rocha Campos, Gustavo Monforte y Juan Waldemar Wally<\/strong> se fundamenta en un profundo trabajo de investigaci\u00f3n realizado por Rocha Campos, que se\u00f1ala que <strong>Olavarr\u00eda representa el escenario natural y simb\u00f3lico de la cl\u00e1sica obra de Jos\u00e9 Hern\u00e1ndez<\/strong>.<\/p>\n<p>\u00a0<\/p>\n<p><img data-recalc-dims=\"1\" loading=\"lazy\" decoding=\"async\" class=\"alignnone size-full wp-image-176528 aligncenter\" src=\"https:\/\/i0.wp.com\/cdnoticias.com\/wp-content\/uploads\/2025\/07\/HCD-sesion-10-de-julio-2025-b.jpg?resize=800%2C445&#038;ssl=1\" alt=\"\" width=\"800\" height=\"445\" srcset=\"https:\/\/i0.wp.com\/cdnoticias.com\/wp-content\/uploads\/2025\/07\/HCD-sesion-10-de-julio-2025-b.jpg?w=1000&amp;ssl=1 1000w, https:\/\/i0.wp.com\/cdnoticias.com\/wp-content\/uploads\/2025\/07\/HCD-sesion-10-de-julio-2025-b.jpg?resize=300%2C167&amp;ssl=1 300w, https:\/\/i0.wp.com\/cdnoticias.com\/wp-content\/uploads\/2025\/07\/HCD-sesion-10-de-julio-2025-b.jpg?resize=768%2C427&amp;ssl=1 768w, https:\/\/i0.wp.com\/cdnoticias.com\/wp-content\/uploads\/2025\/07\/HCD-sesion-10-de-julio-2025-b.jpg?resize=800%2C445&amp;ssl=1 800w\" sizes=\"auto, (max-width: 800px) 100vw, 800px\" \/><\/p>\n<p>\u00a0<\/p>\n<p>En el mismo sentido, se trat\u00f3 y aprob\u00f3 la <strong>declaraci\u00f3n como vecino destacado del doctor Adolfo Rocha Campos<\/strong>, en reconocimiento a su extensa trayectoria profesional, acad\u00e9mica, literaria y social, con un fuerte compromiso con la comunidad olavarriense.<\/p>\n<p>\u00a0<\/p>\n<p>Durante la sesi\u00f3n tambi\u00e9n se aprob\u00f3 una resoluci\u00f3n que declara de<strong> inter\u00e9s legislativo municipal el 40\u00b0 aniversario del Instituto de Ense\u00f1anza Oral (IDEO)<\/strong>, instituci\u00f3n de gran relevancia en el desarrollo educativo e inclusivo de la ciudad.<\/p>\n<p>\u00a0<\/p>\n<p>Posteriormente, se sancion\u00f3 un <strong>proyecto de comunicaci\u00f3n<\/strong> presentado por el bloque La Libertad Avanza, solicitando al<strong> Consejo Escolar de Olavarr\u00eda<\/strong> un <strong>relevamiento actualizado de las necesidades edilicias en los establecimientos educativos<\/strong> del distrito.<\/p>\n<p>\u00a0<\/p>\n<p><img data-recalc-dims=\"1\" loading=\"lazy\" decoding=\"async\" class=\"alignnone size-full wp-image-176529 aligncenter\" src=\"https:\/\/i0.wp.com\/cdnoticias.com\/wp-content\/uploads\/2025\/07\/HCD-sesion-10-de-julio-2025-c.jpg?resize=800%2C445&#038;ssl=1\" alt=\"\" width=\"800\" height=\"445\" srcset=\"https:\/\/i0.wp.com\/cdnoticias.com\/wp-content\/uploads\/2025\/07\/HCD-sesion-10-de-julio-2025-c.jpg?w=1000&amp;ssl=1 1000w, https:\/\/i0.wp.com\/cdnoticias.com\/wp-content\/uploads\/2025\/07\/HCD-sesion-10-de-julio-2025-c.jpg?resize=300%2C167&amp;ssl=1 300w, https:\/\/i0.wp.com\/cdnoticias.com\/wp-content\/uploads\/2025\/07\/HCD-sesion-10-de-julio-2025-c.jpg?resize=768%2C427&amp;ssl=1 768w, https:\/\/i0.wp.com\/cdnoticias.com\/wp-content\/uploads\/2025\/07\/HCD-sesion-10-de-julio-2025-c.jpg?resize=800%2C445&amp;ssl=1 800w\" sizes=\"auto, (max-width: 800px) 100vw, 800px\" \/><\/p>\n<p>\u00a0<\/p>\n<p>Adem\u00e1s, se aprob\u00f3 un <a href=\"https:\/\/cdnoticias.com\/index.php\/2025\/07\/05\/licencias-de-conducir-concejales-pro-erf-responsabilizan-al-municipio-por-filtracion-de-datos\/\" target=\"_blank\" rel=\"noopener\"><strong>pedido de informes<\/strong><\/a> elevado por los <strong>bloques PRO &#8211; Encuentro Republicano Federal y Juntos<\/strong>, referido a las <strong>licencias de conducir halladas en la v\u00eda p\u00fablica<\/strong>, hecho que gener\u00f3 \u201cpreocupaci\u00f3n institucional\u201d y motiv\u00f3 <a href=\"https:\/\/cdnoticias.com\/index.php\/2025\/06\/25\/el-municipio-denuncio-en-la-justicia-el-hallazgo-de-licencias-de-conducir-tiradas-en-la-via-publica\/\" target=\"_blank\" rel=\"noopener\">una denuncia presentada por la titular del \u00e1rea<\/a> correspondiente el mes pasado.<\/p>\n<p>\u00a0<\/p>\n<p>En la misma l\u00ednea, <a href=\"https:\/\/cdnoticias.com\/index.php\/2025\/07\/07\/pedido-de-informe-del-gallismo-por-el-funcionamiento-de-la-direccion-de-genero\/\" target=\"_blank\" rel=\"noopener\">el cuerpo deliberativo sancion\u00f3 un <strong>pedido de informes<\/strong><\/a> respecto a la <strong>renuncia de la titular del \u00e1rea de Mujeres, G\u00e9neros y Diversidad del Municipio<\/strong>, <a href=\"https:\/\/cdnoticias.com\/index.php\/2025\/07\/02\/renuncio-la-directora-de-mujeres-generos-y-diversidad-del-municipio\/\" target=\"_blank\" rel=\"noopener\">ocurrida el pasado 2 de julio<\/a>.<\/p>\n<p>\u00a0<\/p>\n<p>Finalmente, se aprob\u00f3 un <strong>pedido de informes<\/strong> sobre situaciones recientes registradas en el <strong>Hospital Municipal Dr. H\u00e9ctor Cura y en el Hospital Municipal de Hinojo que configurar\u00edan delitos<\/strong>. La medida legislativa busca contar con informaci\u00f3n precisa sobre los hechos ocurridos en ambos centros de salud.<\/p>\n<p>\u00a0<\/p>\n<p><img data-recalc-dims=\"1\" loading=\"lazy\" decoding=\"async\" class=\"alignnone size-full wp-image-176527 aligncenter\" src=\"https:\/\/i0.wp.com\/cdnoticias.com\/wp-content\/uploads\/2025\/07\/HCD-sesion-10-de-julio-2025-a.jpg?resize=800%2C446&#038;ssl=1\" alt=\"\" width=\"800\" height=\"446\" srcset=\"https:\/\/i0.wp.com\/cdnoticias.com\/wp-content\/uploads\/2025\/07\/HCD-sesion-10-de-julio-2025-a.jpg?w=1000&amp;ssl=1 1000w, https:\/\/i0.wp.com\/cdnoticias.com\/wp-content\/uploads\/2025\/07\/HCD-sesion-10-de-julio-2025-a.jpg?resize=300%2C167&amp;ssl=1 300w, https:\/\/i0.wp.com\/cdnoticias.com\/wp-content\/uploads\/2025\/07\/HCD-sesion-10-de-julio-2025-a.jpg?resize=768%2C428&amp;ssl=1 768w, https:\/\/i0.wp.com\/cdnoticias.com\/wp-content\/uploads\/2025\/07\/HCD-sesion-10-de-julio-2025-a.jpg?resize=800%2C445&amp;ssl=1 800w\" sizes=\"auto, (max-width: 800px) 100vw, 800px\" \/><\/p>\n\n\n<p><\/p>\n","protected":false},"excerpt":{"rendered":"<p>Se defini\u00f3 en la sesi\u00f3n del Concejo Deliberante donde adem\u00e1s fue reconocido uno de los impulsores de esa declaraci\u00f3n, el<\/p>\n","protected":false},"author":4,"featured_media":176526,"comment_status":"closed","ping_status":"closed","sticky":false,"template":"","format":"standard","meta":{"_jetpack_memberships_contains_paid_content":false,"footnotes":""},"categories":[4,1],"tags":[],"class_list":["post-176525","post","type-post","status-publish","format-standard","has-post-thumbnail","hentry","category-politica","category-portada"],"jetpack_featured_media_url":"https:\/\/i0.wp.com\/cdnoticias.com\/wp-content\/uploads\/2025\/07\/HCD-sesion-10-de-julio-2025-a-adolfo-rocha-campos.jpg?fit=1000%2C556&ssl=1","jetpack_sharing_enabled":true,"_links":{"self":[{"href":"https:\/\/cdnoticias.com\/index.php\/wp-json\/wp\/v2\/posts\/176525","targetHints":{"allow":["GET"]}}],"collection":[{"href":"https:\/\/cdnoticias.com\/index.php\/wp-json\/wp\/v2\/posts"}],"about":[{"href":"https:\/\/cdnoticias.com\/index.php\/wp-json\/wp\/v2\/types\/post"}],"author":[{"embeddable":true,"href":"https:\/\/cdnoticias.com\/index.php\/wp-json\/wp\/v2\/users\/4"}],"replies":[{"embeddable":true,"href":"https:\/\/cdnoticias.com\/index.php\/wp-json\/wp\/v2\/comments?post=176525"}],"version-history":[{"count":0,"href":"https:\/\/cdnoticias.com\/index.php\/wp-json\/wp\/v2\/posts\/176525\/revisions"}],"wp:featuredmedia":[{"embeddable":true,"href":"https:\/\/cdnoticias.com\/index.php\/wp-json\/wp\/v2\/media\/176526"}],"wp:attachment":[{"href":"https:\/\/cdnoticias.com\/index.php\/wp-json\/wp\/v2\/media?parent=176525"}],"wp:term":[{"taxonomy":"category","embeddable":true,"href":"https:\/\/cdnoticias.com\/index.php\/wp-json\/wp\/v2\/categories?post=176525"},{"taxonomy":"post_tag","embeddable":true,"href":"https:\/\/cdnoticias.com\/index.php\/wp-json\/wp\/v2\/tags?post=176525"}],"curies":[{"name":"wp","href":"https:\/\/api.w.org\/{rel}","templated":true}]}}