{"id":176502,"date":"2025-07-11T08:51:13","date_gmt":"2025-07-11T11:51:13","guid":{"rendered":"https:\/\/cdnoticias.com\/?p=176502"},"modified":"2025-07-11T10:34:37","modified_gmt":"2025-07-11T13:34:37","slug":"fiscales-del-departamento-azul-en-una-jornada-sobre-asistencia-integral-a-las-victimas","status":"publish","type":"post","link":"https:\/\/cdnoticias.com\/index.php\/2025\/07\/11\/fiscales-del-departamento-azul-en-una-jornada-sobre-asistencia-integral-a-las-victimas\/","title":{"rendered":"Fiscales del Departamento Azul, en una jornada sobre asistencia integral a las v\u00edctimas"},"content":{"rendered":"<p>Estuvieron los miembros de la Fiscal\u00eda General y la Secretar\u00eda de Pol\u00edtica Criminal, Coordinaci\u00f3n Fiscal e Instrucci\u00f3n Penal de la Procuraci\u00f3n General. La intervenci\u00f3n de los Centros de Asistencia a la V\u00edctima y la Ley Provincial 15.232 estuvieron entre los temas.<!--more--><\/p>\n<hr \/>\n<p>La <strong>Fiscal\u00eda General Departamental Azul<\/strong> junto a la <strong>Secretar\u00eda de Pol\u00edtica Criminal, Coordinaci\u00f3n Fiscal e Instrucci\u00f3n Penal de la Procuraci\u00f3n General<\/strong> realizaron el mi\u00e9rcoles pasado en el Colegio de Magistrados de Azul una <strong>jornada de trabajo con eje en las tem\u00e1ticas de violencia y asistencia integral a las v\u00edctimas<\/strong>.<\/p>\n<p>\u00a0<\/p>\n<p>En este marco, el <strong>Fiscal de C\u00e1mara, Dr. Marcelo A. Sobrino<\/strong>, junto a la <strong>Dra. Mercedes Rubio, Subsecretaria de Pol\u00edticas de G\u00e9nero y Violencia Familiar de la Procuraci\u00f3n General<\/strong>, y la <strong>Dra. Ver\u00f3nica Santamarina, Subsecretaria a cargo del Departamento de Asistencia a las V\u00edctimas, Denuncias y Resoluci\u00f3n Alternativa de Conflictos<\/strong>, mantuvieron un encuentro a fin de realizar una puesta en com\u00fan sobre los temas a tratar, las propuestas elaboradas y las l\u00edneas de acci\u00f3n a seguir.<\/p>\n<p>\u00a0<\/p>\n<p><img data-recalc-dims=\"1\" loading=\"lazy\" decoding=\"async\" class=\"alignnone size-full wp-image-176505 aligncenter\" src=\"https:\/\/i0.wp.com\/cdnoticias.com\/wp-content\/uploads\/2025\/07\/fiscalia-general-de-azul-01.jpg?resize=800%2C445&#038;ssl=1\" alt=\"\" width=\"800\" height=\"445\" srcset=\"https:\/\/i0.wp.com\/cdnoticias.com\/wp-content\/uploads\/2025\/07\/fiscalia-general-de-azul-01.jpg?w=1000&amp;ssl=1 1000w, https:\/\/i0.wp.com\/cdnoticias.com\/wp-content\/uploads\/2025\/07\/fiscalia-general-de-azul-01.jpg?resize=300%2C167&amp;ssl=1 300w, https:\/\/i0.wp.com\/cdnoticias.com\/wp-content\/uploads\/2025\/07\/fiscalia-general-de-azul-01.jpg?resize=768%2C427&amp;ssl=1 768w, https:\/\/i0.wp.com\/cdnoticias.com\/wp-content\/uploads\/2025\/07\/fiscalia-general-de-azul-01.jpg?resize=800%2C445&amp;ssl=1 800w\" sizes=\"auto, (max-width: 800px) 100vw, 800px\" \/><\/p>\n<p>\u00a0<\/p>\n<p>En el encuentro, acompa\u00f1aron al Fiscal General Departamental Azul los siguientes <strong>fiscales del departamento judicial<\/strong>: de la UFI N.\u00ba 5 de Olavarr\u00eda la <strong>Dra. Mariela Viceconte<\/strong>, de la UFI N.\u00ba 1 de Azul el <strong>Dr. Marcelo Fern\u00e1ndez<\/strong>, la<strong> Dra. Laura Margaretic<\/strong>, el <strong>Dr. Adri\u00e1n Peiretti<\/strong>, la <strong>Dra. Paula Serrano<\/strong> y el<strong> Dr. Cristian Citterio<\/strong>, entre otros.<\/p>\n<p>\u00a0<\/p>\n<p>Durante el encuentro se analizaron los <strong>procesos de trabajo en materia de violencia<\/strong>, as\u00ed como los desaf\u00edos que presenta la tem\u00e1tica haciendo hincapi\u00e9 en la necesidad de continuar<strong> fortaleciendo las estrategias de abordaje desde una perspectiva integral y especializada<\/strong>.<\/p>\n<p>\u00a0<\/p>\n<p><img data-recalc-dims=\"1\" loading=\"lazy\" decoding=\"async\" class=\"alignnone size-full wp-image-176506 aligncenter\" src=\"https:\/\/i0.wp.com\/cdnoticias.com\/wp-content\/uploads\/2025\/07\/fiscalia-general-de-azul-02.jpg?resize=800%2C445&#038;ssl=1\" alt=\"\" width=\"800\" height=\"445\" srcset=\"https:\/\/i0.wp.com\/cdnoticias.com\/wp-content\/uploads\/2025\/07\/fiscalia-general-de-azul-02.jpg?w=1000&amp;ssl=1 1000w, https:\/\/i0.wp.com\/cdnoticias.com\/wp-content\/uploads\/2025\/07\/fiscalia-general-de-azul-02.jpg?resize=300%2C167&amp;ssl=1 300w, https:\/\/i0.wp.com\/cdnoticias.com\/wp-content\/uploads\/2025\/07\/fiscalia-general-de-azul-02.jpg?resize=768%2C427&amp;ssl=1 768w, https:\/\/i0.wp.com\/cdnoticias.com\/wp-content\/uploads\/2025\/07\/fiscalia-general-de-azul-02.jpg?resize=800%2C445&amp;ssl=1 800w\" sizes=\"auto, (max-width: 800px) 100vw, 800px\" \/><\/p>\n<p>\u00a0<\/p>\n<p>Simult\u00e1neamente, la <strong>Dra. Sandra Elena Furio, Titular del Departamento de Asistencia a las Victimas<\/strong>, mantuvo una <strong>reuni\u00f3n de trabajo con las funcionarias y funcionarios de la Fiscal\u00eda de C\u00e1mara<\/strong>, as\u00ed como con representantes de los CAVs de Azul, Tandil y Olavarr\u00eda.<\/p>\n<p>\u00a0<\/p>\n<p>El espacio permiti\u00f3 abordar las<strong> funciones y l\u00edneas de intervenci\u00f3n de los Centros de Asistencia a la V\u00edctima<\/strong>, as\u00ed como los principales desaf\u00edos que plantea la implementaci\u00f3n de la <strong>Ley Provincial N.\u00ba 15.232<\/strong>, destac\u00e1ndose la importancia de la <strong>articulaci\u00f3n y coordinaci\u00f3n con las Unidades Fiscales<\/strong> para garantizar un abordaje eficaz, sensible y respetuoso de los derechos de las personas v\u00edctimas.<\/p>\n<p>\u00a0<\/p>\n<blockquote>\n<p>La jornada destac\u00f3 el compromiso de los equipos que intervienen en esta problem\u00e1tica y reafirm\u00f3 la prioridad del Ministerio P\u00fablico de la provincia de Buenos Aires en la prevenci\u00f3n, investigaci\u00f3n, sanci\u00f3n y erradicaci\u00f3n de la violencia intrafamiliar y de g\u00e9nero, fortaleciendo su rol en la protecci\u00f3n de los derechos de las v\u00edctimas y en el acceso a la justicia.<\/p>\n<\/blockquote>\n<p>\u00a0<\/p>\n<p><img data-recalc-dims=\"1\" loading=\"lazy\" decoding=\"async\" class=\"alignnone size-full wp-image-176503 aligncenter\" src=\"https:\/\/i0.wp.com\/cdnoticias.com\/wp-content\/uploads\/2025\/07\/fiscalia-general-de-azul-03.jpg?resize=800%2C445&#038;ssl=1\" alt=\"\" width=\"800\" height=\"445\" srcset=\"https:\/\/i0.wp.com\/cdnoticias.com\/wp-content\/uploads\/2025\/07\/fiscalia-general-de-azul-03.jpg?w=1000&amp;ssl=1 1000w, https:\/\/i0.wp.com\/cdnoticias.com\/wp-content\/uploads\/2025\/07\/fiscalia-general-de-azul-03.jpg?resize=300%2C167&amp;ssl=1 300w, https:\/\/i0.wp.com\/cdnoticias.com\/wp-content\/uploads\/2025\/07\/fiscalia-general-de-azul-03.jpg?resize=768%2C427&amp;ssl=1 768w, https:\/\/i0.wp.com\/cdnoticias.com\/wp-content\/uploads\/2025\/07\/fiscalia-general-de-azul-03.jpg?resize=800%2C445&amp;ssl=1 800w\" sizes=\"auto, (max-width: 800px) 100vw, 800px\" \/><\/p>\n\n\n<p><\/p>\n","protected":false},"excerpt":{"rendered":"<p>Estuvieron los miembros de la Fiscal\u00eda General y la Secretar\u00eda de Pol\u00edtica Criminal, Coordinaci\u00f3n Fiscal e Instrucci\u00f3n Penal de la<\/p>\n","protected":false},"author":4,"featured_media":176504,"comment_status":"closed","ping_status":"closed","sticky":false,"template":"","format":"standard","meta":{"_jetpack_memberships_contains_paid_content":false,"footnotes":""},"categories":[5,1],"tags":[],"class_list":["post-176502","post","type-post","status-publish","format-standard","has-post-thumbnail","hentry","category-informacion-general","category-portada"],"jetpack_featured_media_url":"https:\/\/i0.wp.com\/cdnoticias.com\/wp-content\/uploads\/2025\/07\/fiscalia-general-de-azul-00-sobrino.jpg?fit=1000%2C556&ssl=1","jetpack_sharing_enabled":true,"_links":{"self":[{"href":"https:\/\/cdnoticias.com\/index.php\/wp-json\/wp\/v2\/posts\/176502","targetHints":{"allow":["GET"]}}],"collection":[{"href":"https:\/\/cdnoticias.com\/index.php\/wp-json\/wp\/v2\/posts"}],"about":[{"href":"https:\/\/cdnoticias.com\/index.php\/wp-json\/wp\/v2\/types\/post"}],"author":[{"embeddable":true,"href":"https:\/\/cdnoticias.com\/index.php\/wp-json\/wp\/v2\/users\/4"}],"replies":[{"embeddable":true,"href":"https:\/\/cdnoticias.com\/index.php\/wp-json\/wp\/v2\/comments?post=176502"}],"version-history":[{"count":0,"href":"https:\/\/cdnoticias.com\/index.php\/wp-json\/wp\/v2\/posts\/176502\/revisions"}],"wp:featuredmedia":[{"embeddable":true,"href":"https:\/\/cdnoticias.com\/index.php\/wp-json\/wp\/v2\/media\/176504"}],"wp:attachment":[{"href":"https:\/\/cdnoticias.com\/index.php\/wp-json\/wp\/v2\/media?parent=176502"}],"wp:term":[{"taxonomy":"category","embeddable":true,"href":"https:\/\/cdnoticias.com\/index.php\/wp-json\/wp\/v2\/categories?post=176502"},{"taxonomy":"post_tag","embeddable":true,"href":"https:\/\/cdnoticias.com\/index.php\/wp-json\/wp\/v2\/tags?post=176502"}],"curies":[{"name":"wp","href":"https:\/\/api.w.org\/{rel}","templated":true}]}}