{"id":176496,"date":"2025-07-10T20:21:14","date_gmt":"2025-07-10T23:21:14","guid":{"rendered":"https:\/\/cdnoticias.com\/?p=176496"},"modified":"2025-07-11T17:11:38","modified_gmt":"2025-07-11T20:11:38","slug":"el-senado-aprobo-aumentos-a-jubilaciones-extension-de-la-moratoria-y-emergencia-en-discapacidad","status":"publish","type":"post","link":"https:\/\/cdnoticias.com\/index.php\/2025\/07\/10\/el-senado-aprobo-aumentos-a-jubilaciones-extension-de-la-moratoria-y-emergencia-en-discapacidad\/","title":{"rendered":"El Senado aprob\u00f3 aumentos a jubilaciones, extensi\u00f3n de la moratoria y emergencia en discapacidad"},"content":{"rendered":"\n<p>Fue este mi\u00e9rcoles, con el rechazo del bloque oficialista nacional. Javier Milei anticip\u00f3 que vetar\u00e1 la normativa y si se revierte el veto, se judicializar\u00e1 la legislaci\u00f3n.<\/p>\n\n\n\n<hr class=\"wp-block-separator aligncenter has-alpha-channel-opacity\"\/>\n\n\n\n<p>El <strong>Senado de la Naci\u00f3n convirti\u00f3 este mi\u00e9rcoles en ley un paquete de medidas de fuerte impacto previsional y social, con apoyo transversal de casi todos los bloques y en abierta confrontaci\u00f3n con el Gobierno nacional.<\/strong> Se aprobaron por amplia mayor\u00eda los proyectos que incrementan un <strong>7,2% las jubilaciones, elevan el bono de $70.000 a $110.000 y extienden la moratoria previsional. Adem\u00e1s, se sancion\u00f3 la emergencia en discapacidad con voto un\u00e1nime.<\/strong><\/p>\n\n\n\n<p>Las iniciativas obtuvieron respaldo de legisladores del peronismo, la UCR y bloques provinciales,<strong> en una sesi\u00f3n cargada de tensiones, con ausencias del oficialismo y un sistema de votaci\u00f3n que sufri\u00f3 una ca\u00edda t\u00e9cnica que podr\u00eda derivar en una disputa legal.<\/strong><\/p>\n\n\n\n<p><strong>El proyecto de aumento a jubilados y bono fue aprobado por 52 votos positivos y 4 abstenciones, superando c\u00f3modamente los dos tercios. La moratoria fue votada por 39 senadores, con 14 votos en contra y una abstenci\u00f3n. En tanto, la emergencia en discapacidad fue respaldada por los 56 legisladores presentes.<\/strong><\/p>\n\n\n\n<p><strong>Pese a las advertencias de veto por parte del presidente Javier Milei,<\/strong> la oposici\u00f3n logr\u00f3 reunir el qu\u00f3rum con el apoyo de los 34 senadores del interbloque peronista, cinco miembros de la UCR \u2014entre ellos Eduardo Vischi, Mart\u00edn Lousteau y Maximiliano Abad\u2014 y legisladores provinciales como Carlos Esp\u00ednola (Corrientes), Alejandra Vigo (C\u00f3rdoba), M\u00f3nica Silva (R\u00edo Negro) y los santacruce\u00f1os Natalia Gadano y Jos\u00e9 Carambia, del espacio que responde al gobernador Claudio Vidal.<\/p>\n\n\n\n<p>Durante el debate, <strong>el senador Mariano Recalde (Uni\u00f3n por la Patria) defendi\u00f3 el texto aprobado en Diputados y subray\u00f3 que el mismo incluye fuentes de financiamiento como la redirecci\u00f3n de partidas asignadas a la ex SIDE, adem\u00e1s de otras medidas fiscales como la eliminaci\u00f3n de exenciones de IVA y Ganancias para ciertos sectores.<\/strong><\/p>\n\n\n\n<p>En la vereda opuesta, <strong>la senadora del PRO Carmen \u00c1lvarez Rivero rechaz\u00f3 el proyecto y plante\u00f3 que la soluci\u00f3n de fondo debe partir de la formalizaci\u00f3n del empleo<\/strong>, apuntando a los m\u00e1s de 10 millones de trabajadores informales del pa\u00eds.<\/p>\n\n\n\n<p>A su turno, <strong>Guadalupe Tagliaferri (CABA) lament\u00f3 que \u201cla casta para el Gobierno sean los jubilados\u201d y cuestion\u00f3 la falta de una pol\u00edtica de largo plazo, aunque vot\u00f3 en contra de la pr\u00f3rroga de la moratoria.<\/strong><\/p>\n\n\n\n<p>El texto aprobado tambi\u00e9n ratifica el decreto 274\/2024 del Poder Ejecutivo, que establece la<strong> actualizaci\u00f3n de haberes previsionales en funci\u00f3n de la inflaci\u00f3n. Adem\u00e1s, incluye una cl\u00e1usula que obliga a la Anses a transferir a las provincias no adheridas al sistema nacional el equivalente a una doceava parte del \u00faltimo a\u00f1o, antes del d\u00eda 20 de cada mes.<\/strong><\/p>\n\n\n\n<p><strong>La moratoria permitir\u00e1 regularizar aportes a hombres mayores de 65 a\u00f1os y mujeres desde los 60 que no alcancen los 30 a\u00f1os de aportes, lo que habilita el acceso a una jubilaci\u00f3n m\u00ednima<\/strong>, en lugar de limitarse a la PUAM, que otorga s\u00f3lo el 80% del haber y no permite cobrar pensiones por viudez.<\/p>\n\n\n\n<p class=\"has-medium-font-size\">Emergencia en discapacidad: un respaldo un\u00e1nime<\/p>\n\n\n\n<p>Con un emotivo discurso del senador <strong>Luis Juez (PRO \u2013 C\u00f3rdoba), el Senado aprob\u00f3 por unanimidad la declaraci\u00f3n de emergencia en la atenci\u00f3n p\u00fablica a personas con discapacidad. La norma permitir\u00e1 actualizaciones en los montos que perciben transportistas, terapeutas y maestras integradoras, en medio de la grave situaci\u00f3n financiera del sector.<\/strong><\/p>\n\n\n\n<p><em><strong>\u201cEsto no es un gasto, es una obligaci\u00f3n. Nuestros hijos no son n\u00fameros, no son parte de una contabilidad\u201d,<\/strong><\/em> dijo Juez con la voz quebrada, en referencia a su hija con par\u00e1lisis cerebral. Fue uno de los momentos m\u00e1s conmovedores de la jornada.<\/p>\n\n\n\n<p>A pesar del respaldo legislativo,<strong> desde el oficialismo ya anticiparon que el presidente Milei podr\u00eda vetar las normas por su impacto fiscal. Sin embargo, la contundente mayor\u00eda obtenida abre una instancia de tensi\u00f3n institucional que anticipa nuevos choques entre el Ejecutivo y el Congreso.<\/strong><\/p>\n","protected":false},"excerpt":{"rendered":"<p>Fue este mi\u00e9rcoles, con el rechazo del bloque oficialista nacional. Javier Milei anticip\u00f3 que vetar\u00e1 la normativa y si se<\/p>\n","protected":false},"author":2,"featured_media":176497,"comment_status":"closed","ping_status":"closed","sticky":false,"template":"","format":"standard","meta":{"_jetpack_memberships_contains_paid_content":false,"footnotes":""},"categories":[6,1],"tags":[],"class_list":["post-176496","post","type-post","status-publish","format-standard","has-post-thumbnail","hentry","category-nacionales","category-portada"],"jetpack_featured_media_url":"https:\/\/i0.wp.com\/cdnoticias.com\/wp-content\/uploads\/2025\/07\/senado-nacion.jpg?fit=714%2C405&ssl=1","jetpack_sharing_enabled":true,"_links":{"self":[{"href":"https:\/\/cdnoticias.com\/index.php\/wp-json\/wp\/v2\/posts\/176496","targetHints":{"allow":["GET"]}}],"collection":[{"href":"https:\/\/cdnoticias.com\/index.php\/wp-json\/wp\/v2\/posts"}],"about":[{"href":"https:\/\/cdnoticias.com\/index.php\/wp-json\/wp\/v2\/types\/post"}],"author":[{"embeddable":true,"href":"https:\/\/cdnoticias.com\/index.php\/wp-json\/wp\/v2\/users\/2"}],"replies":[{"embeddable":true,"href":"https:\/\/cdnoticias.com\/index.php\/wp-json\/wp\/v2\/comments?post=176496"}],"version-history":[{"count":0,"href":"https:\/\/cdnoticias.com\/index.php\/wp-json\/wp\/v2\/posts\/176496\/revisions"}],"wp:featuredmedia":[{"embeddable":true,"href":"https:\/\/cdnoticias.com\/index.php\/wp-json\/wp\/v2\/media\/176497"}],"wp:attachment":[{"href":"https:\/\/cdnoticias.com\/index.php\/wp-json\/wp\/v2\/media?parent=176496"}],"wp:term":[{"taxonomy":"category","embeddable":true,"href":"https:\/\/cdnoticias.com\/index.php\/wp-json\/wp\/v2\/categories?post=176496"},{"taxonomy":"post_tag","embeddable":true,"href":"https:\/\/cdnoticias.com\/index.php\/wp-json\/wp\/v2\/tags?post=176496"}],"curies":[{"name":"wp","href":"https:\/\/api.w.org\/{rel}","templated":true}]}}