{"id":176492,"date":"2025-07-10T19:45:15","date_gmt":"2025-07-10T22:45:15","guid":{"rendered":"https:\/\/cdnoticias.com\/?p=176492"},"modified":"2025-07-11T09:56:35","modified_gmt":"2025-07-11T12:56:35","slug":"vendia-cocaina-en-su-casa-en-el-barrio-4-de-octubre-fue-detenido","status":"publish","type":"post","link":"https:\/\/cdnoticias.com\/index.php\/2025\/07\/10\/vendia-cocaina-en-su-casa-en-el-barrio-4-de-octubre-fue-detenido\/","title":{"rendered":"Vend\u00eda coca\u00edna en su casa en el barrio 4 de Octubre: fue detenido"},"content":{"rendered":"\n<p>Fue tras una investigaci\u00f3n y procedimiento de la SubDDI de Olavarr\u00eda tras un allanamiento en Tacuar\u00ed al 4200. Vend\u00eda coca\u00edna \u201cal menudeo\u201d. Tambi\u00e9n le secuestraron un arma.<\/p>\n\n\n\n<hr class=\"wp-block-separator aligncenter has-alpha-channel-opacity\"\/>\n\n\n\n<p>Un <strong>hombre de 40 a\u00f1os fue detenido este jueves por la ma\u00f1ana en el barrio 4 de Octubre, acusado de comercializar estupefacientes desde su vivienda.<\/strong><\/p>\n\n\n\n<p>El procedimiento fue realizado por personal de la <strong>Subdelegaci\u00f3n Departamental de Investigaciones del Tr\u00e1fico de Drogas Il\u00edcitas de Olavarr\u00eda, con apoyo del Grupo de Apoyo Departamental (GAD), en una vivienda ubicada sobre calle Tacuar\u00ed al 4200. <\/strong>La investigaci\u00f3n se inici\u00f3 a comienzos de mayo a partir de informaci\u00f3n aportada por vecinos y permiti\u00f3 constatar que<strong> el acusado vend\u00eda coca\u00edna al menudeo, bajo la modalidad conocida como \u201ckiosco\u201d o \u201cb\u00fanker\u201d, a trav\u00e9s de un orificio en una estructura precaria de madera y nylon ubicada en el patio de la casa.<\/strong><\/p>\n\n\n\n<figure class=\"wp-block-image size-large\"><img data-recalc-dims=\"1\" loading=\"lazy\" decoding=\"async\" width=\"800\" height=\"450\" src=\"https:\/\/i0.wp.com\/cdnoticias.com\/wp-content\/uploads\/2025\/07\/WhatsApp-Image-2025-07-10-at-19.21.17.jpeg?resize=800%2C450&#038;ssl=1\" alt=\"\" class=\"wp-image-176494\" srcset=\"https:\/\/i0.wp.com\/cdnoticias.com\/wp-content\/uploads\/2025\/07\/WhatsApp-Image-2025-07-10-at-19.21.17.jpeg?resize=1024%2C576&amp;ssl=1 1024w, https:\/\/i0.wp.com\/cdnoticias.com\/wp-content\/uploads\/2025\/07\/WhatsApp-Image-2025-07-10-at-19.21.17.jpeg?resize=300%2C169&amp;ssl=1 300w, https:\/\/i0.wp.com\/cdnoticias.com\/wp-content\/uploads\/2025\/07\/WhatsApp-Image-2025-07-10-at-19.21.17.jpeg?resize=768%2C432&amp;ssl=1 768w, https:\/\/i0.wp.com\/cdnoticias.com\/wp-content\/uploads\/2025\/07\/WhatsApp-Image-2025-07-10-at-19.21.17.jpeg?resize=1536%2C864&amp;ssl=1 1536w, https:\/\/i0.wp.com\/cdnoticias.com\/wp-content\/uploads\/2025\/07\/WhatsApp-Image-2025-07-10-at-19.21.17.jpeg?w=1599&amp;ssl=1 1599w\" sizes=\"auto, (max-width: 800px) 100vw, 800px\" \/><\/figure>\n\n\n\n<blockquote class=\"wp-block-quote is-layout-flow wp-block-quote-is-layout-flow\">\n<p>Luego de casi dos meses de tareas de vigilancia encubierta, la Fiscal\u00eda N.\u00ba 19 reuni\u00f3 pruebas suficientes y solicit\u00f3 al Juzgado de Garant\u00edas N.\u00ba 2 de Olavarr\u00eda la orden de allanamiento, que fue ejecutada el jueves a las 8:20.<\/p>\n<\/blockquote>\n\n\n\n<p>Durante el operativo <strong>se logr\u00f3 el secuestro de coca\u00edna fraccionada y lista para la venta, un rev\u00f3lver calibre 22 cargado y en condiciones de uso, municiones, una balanza de precisi\u00f3n, elementos para el fraccionamiento y estiramiento de la droga, dinero en efectivo y tel\u00e9fonos celulares.<\/strong><\/p>\n\n\n\n<p><strong>El acusado fue aprehendido y puesto a disposici\u00f3n de la Justicia.<\/strong> Este viernes prestar\u00e1 declaraci\u00f3n en la sede de la Fiscal\u00eda N.\u00ba 19 (Unidad Fiscal de Investigaci\u00f3n) y luego ser\u00e1 alojado en la Estaci\u00f3n Comunal de General La Madrid hasta que se disponga su traslado al Servicio Penitenciario Bonaerense.<\/p>\n\n\n\n<p><\/p>\n","protected":false},"excerpt":{"rendered":"<p>Fue tras una investigaci\u00f3n y procedimiento de la SubDDI de Olavarr\u00eda tras un allanamiento en Tacuar\u00ed al 4200. Vend\u00eda coca\u00edna<\/p>\n","protected":false},"author":2,"featured_media":176493,"comment_status":"closed","ping_status":"closed","sticky":false,"template":"","format":"standard","meta":{"_jetpack_memberships_contains_paid_content":false,"footnotes":""},"categories":[14,1],"tags":[],"class_list":["post-176492","post","type-post","status-publish","format-standard","has-post-thumbnail","hentry","category-policiales","category-portada"],"jetpack_featured_media_url":"https:\/\/i0.wp.com\/cdnoticias.com\/wp-content\/uploads\/2025\/07\/WhatsApp-Image-2025-07-10-at-19.21.16-e1752187489733.jpeg?fit=1280%2C710&ssl=1","jetpack_sharing_enabled":true,"_links":{"self":[{"href":"https:\/\/cdnoticias.com\/index.php\/wp-json\/wp\/v2\/posts\/176492","targetHints":{"allow":["GET"]}}],"collection":[{"href":"https:\/\/cdnoticias.com\/index.php\/wp-json\/wp\/v2\/posts"}],"about":[{"href":"https:\/\/cdnoticias.com\/index.php\/wp-json\/wp\/v2\/types\/post"}],"author":[{"embeddable":true,"href":"https:\/\/cdnoticias.com\/index.php\/wp-json\/wp\/v2\/users\/2"}],"replies":[{"embeddable":true,"href":"https:\/\/cdnoticias.com\/index.php\/wp-json\/wp\/v2\/comments?post=176492"}],"version-history":[{"count":0,"href":"https:\/\/cdnoticias.com\/index.php\/wp-json\/wp\/v2\/posts\/176492\/revisions"}],"wp:featuredmedia":[{"embeddable":true,"href":"https:\/\/cdnoticias.com\/index.php\/wp-json\/wp\/v2\/media\/176493"}],"wp:attachment":[{"href":"https:\/\/cdnoticias.com\/index.php\/wp-json\/wp\/v2\/media?parent=176492"}],"wp:term":[{"taxonomy":"category","embeddable":true,"href":"https:\/\/cdnoticias.com\/index.php\/wp-json\/wp\/v2\/categories?post=176492"},{"taxonomy":"post_tag","embeddable":true,"href":"https:\/\/cdnoticias.com\/index.php\/wp-json\/wp\/v2\/tags?post=176492"}],"curies":[{"name":"wp","href":"https:\/\/api.w.org\/{rel}","templated":true}]}}