{"id":176479,"date":"2025-07-10T18:21:51","date_gmt":"2025-07-10T21:21:51","guid":{"rendered":"https:\/\/cdnoticias.com\/?p=176479"},"modified":"2025-07-10T19:45:55","modified_gmt":"2025-07-10T22:45:55","slug":"detuvieron-a-un-hombre-para-cumplir-la-condena-de-una-causa-por-venta-de-drogas","status":"publish","type":"post","link":"https:\/\/cdnoticias.com\/index.php\/2025\/07\/10\/detuvieron-a-un-hombre-para-cumplir-la-condena-de-una-causa-por-venta-de-drogas\/","title":{"rendered":"Detuvieron a un hombre para cumplir la condena de una causa por venta de drogas"},"content":{"rendered":"\n<p>Tras una investigaci\u00f3n de la SubDDI local en Olavarr\u00eda, Laprida y Coronel Pringles, fue interceptado en Rivadavia y 226.<\/p>\n\n\n\n<hr class=\"wp-block-separator aligncenter has-alpha-channel-opacity\"\/>\n\n\n\n<p><strong>Un hombre fue detenido en Olavarr\u00eda tras permanecer pr\u00f3fugo en una causa por drogas.<\/strong> Se trata de un hombre mayor de edad oriundo de Laprida, sobre quien<strong> pesaba un pedido de detenci\u00f3n en el marco de la causa caratulada<em> \u201ctenencia de estupefacientes con fines de comercializaci\u00f3n en dosis fraccionadas al consumo\u201d.<\/em><\/strong><\/p>\n\n\n\n<p>La detenci\u00f3n fue realizada por<strong> personal de la Subdelegaci\u00f3n Departamental de Investigaciones Olavarr\u00eda, con intervenci\u00f3n del Tribunal Oral en lo Criminal N.\u00ba 2 de Azul, a cargo de la Dra. Mar\u00eda Alejandra Raverta.<\/strong><\/p>\n\n\n\n<p>De acuerdo con lo informado, <strong>luego de varios meses de tareas investigativas desarrolladas en distintos puntos de la ciudad y en las localidades de Laprida y Coronel Pringles, adem\u00e1s de intervenciones telef\u00f3nicas y tareas encubiertas, se logr\u00f3 establecer que el acusado llegar\u00eda a Olavarr\u00eda.<\/strong> Por ese motivo, se mont\u00f3 un operativo en la zona de la intersecci\u00f3n de la <strong>Ruta Nacional 226 y calle Rivadavia, donde finalmente se logr\u00f3 su aprehensi\u00f3n.<\/strong><\/p>\n\n\n\n<p>El hombre fue alojado en la <strong>Unidad Carcelaria N.\u00ba 4 de Bah\u00eda Blanca para el cumplimiento de una pena de tres a\u00f1os de prisi\u00f3n de cumplimiento efectivo.<\/strong><\/p>\n\n\n\n<p><\/p>\n","protected":false},"excerpt":{"rendered":"<p>Tras una investigaci\u00f3n de la SubDDI local en Olavarr\u00eda, Laprida y Coronel Pringles, fue interceptado en Rivadavia y 226. Un<\/p>\n","protected":false},"author":2,"featured_media":176480,"comment_status":"closed","ping_status":"closed","sticky":false,"template":"","format":"standard","meta":{"_jetpack_memberships_contains_paid_content":false,"footnotes":""},"categories":[14,1],"tags":[],"class_list":["post-176479","post","type-post","status-publish","format-standard","has-post-thumbnail","hentry","category-policiales","category-portada"],"jetpack_featured_media_url":"https:\/\/i0.wp.com\/cdnoticias.com\/wp-content\/uploads\/2025\/07\/Diseno-sin-titulo-1-1.jpg?fit=800%2C445&ssl=1","jetpack_sharing_enabled":true,"_links":{"self":[{"href":"https:\/\/cdnoticias.com\/index.php\/wp-json\/wp\/v2\/posts\/176479","targetHints":{"allow":["GET"]}}],"collection":[{"href":"https:\/\/cdnoticias.com\/index.php\/wp-json\/wp\/v2\/posts"}],"about":[{"href":"https:\/\/cdnoticias.com\/index.php\/wp-json\/wp\/v2\/types\/post"}],"author":[{"embeddable":true,"href":"https:\/\/cdnoticias.com\/index.php\/wp-json\/wp\/v2\/users\/2"}],"replies":[{"embeddable":true,"href":"https:\/\/cdnoticias.com\/index.php\/wp-json\/wp\/v2\/comments?post=176479"}],"version-history":[{"count":0,"href":"https:\/\/cdnoticias.com\/index.php\/wp-json\/wp\/v2\/posts\/176479\/revisions"}],"wp:featuredmedia":[{"embeddable":true,"href":"https:\/\/cdnoticias.com\/index.php\/wp-json\/wp\/v2\/media\/176480"}],"wp:attachment":[{"href":"https:\/\/cdnoticias.com\/index.php\/wp-json\/wp\/v2\/media?parent=176479"}],"wp:term":[{"taxonomy":"category","embeddable":true,"href":"https:\/\/cdnoticias.com\/index.php\/wp-json\/wp\/v2\/categories?post=176479"},{"taxonomy":"post_tag","embeddable":true,"href":"https:\/\/cdnoticias.com\/index.php\/wp-json\/wp\/v2\/tags?post=176479"}],"curies":[{"name":"wp","href":"https:\/\/api.w.org\/{rel}","templated":true}]}}