{"id":176460,"date":"2025-07-10T14:12:01","date_gmt":"2025-07-10T17:12:01","guid":{"rendered":"https:\/\/cdnoticias.com\/?p=176460"},"modified":"2025-07-10T17:31:24","modified_gmt":"2025-07-10T20:31:24","slug":"belen-abraham-con-ezequiel-galli-la-hipocresia-avanza","status":"publish","type":"post","link":"https:\/\/cdnoticias.com\/index.php\/2025\/07\/10\/belen-abraham-con-ezequiel-galli-la-hipocresia-avanza\/","title":{"rendered":"Bel\u00e9n Abraham: \u201ccon Ezequiel Galli, la hipocres\u00eda avanza\u201d"},"content":{"rendered":"<p>La concejal de Uni\u00f3n por la Patria respondi\u00f3 las cr\u00edticas del ex intendente, expresadas en el marco del cierre de alianzas. \u201cLas encuestas no les dan, el PRO agot\u00f3 su relato\u201d sostuvo Abraham.<!--more--><\/p>\n<hr \/>\n<p>La<strong> concejal de Uni\u00f3n por la Patria, Bel\u00e9n Abraham<\/strong>, respondi\u00f3 a las<strong> cr\u00edticas del ex intendente Ezequiel Galli<\/strong> quien se expres\u00f3 en el <a href=\"https:\/\/cdnoticias.com\/index.php\/2025\/07\/10\/ezequiel-galli-en-el-cierre-de-alianzas-tenemos-claro-de-que-lado-estamos\/\" target=\"_blank\" rel=\"noopener\">marco del cierre de alianzas este mi\u00e9rcoles<\/a>. \u201cSin querer <strong>nos record\u00f3 por qu\u00e9 los olavarrienses eligieron cambiar<\/strong>. En su intento de criticar a la Provincia y al Municipio, termin\u00f3 <strong>describiendo los desastres que dej\u00f3 en su propia gesti\u00f3n<\/strong>\u201d sostuvo en sus redes sociales.<\/p>\n<p>Abraham cuestion\u00f3 que Galli<strong> \u201cen su primer a\u00f1o meti\u00f3 m\u00e1s de 400 empleados nuevos<\/strong>, muchos sin concurso y con apellidos conocidos.<strong> Llen\u00f3 su gabinete de familiares y amigos\u201d<\/strong>. A\u00f1adi\u00f3 que <strong>\u201cdej\u00f3 un hospital municipal colapsado<\/strong>, sin resonador, con aparatolog\u00eda obsoleta y m\u00e1s de 20 a\u00f1os de atraso por falta de inversi\u00f3n\u201d.<\/p>\n<blockquote class=\"twitter-tweet\">\n<p lang=\"es\" dir=\"ltr\">Ayer Ezequiel Galli volvi\u00f3 a hablar, y sin querer nos record\u00f3 por qu\u00e9 los olavarrienses eligieron cambiar. En su intento de criticar a la Provincia y al Municipio, termin\u00f3 describiendo los desastres que dej\u00f3 en su propia gesti\u00f3n. Abro hilo\ud83e\uddf5 <a href=\"https:\/\/t.co\/yIk35zU1od\">pic.twitter.com\/yIk35zU1od<\/a><\/p>\n<p>&mdash; Bel\u00e9n Abraham (@Belenabraham87) <a href=\"https:\/\/twitter.com\/Belenabraham87\/status\/1943328012637732977?ref_src=twsrc%5Etfw\">July 10, 2025<\/a><\/p><\/blockquote>\n<p> <script async src=\"https:\/\/platform.twitter.com\/widgets.js\" charset=\"utf-8\"><\/script><\/p>\n<p>Tambi\u00e9n apunt\u00f3 contra la alianza con La Libertad Avanza de cara a las elecciones legislativas provinciales: \u201cAhora dice que quiere \u00b4orden, salud y educaci\u00f3n\u00b4, pero<strong> firma una alianza con Milei, el presidente que quiere eliminar el Estado y ajusta brutalmente en todas esas \u00e1reas<\/strong>. El caso del Garrahan es solo un ejemplo\u201d consider\u00f3 Bel\u00e9n Abraham. Adem\u00e1s, repas\u00f3 fallas y errores de la gesti\u00f3n de Ezequiel Galli en materia de seguridad y de infraestructura educativa.<\/p>\n<blockquote><p>\u201cLas encuestas no les dan, el PRO agot\u00f3 su relato y ahora se maquillan con otro nombre\u201d lanz\u00f3 la concejal oficialista para subrayar \u201ccon Ezequiel Galli, la hipocres\u00eda avanza\u201d.<\/p><\/blockquote>\n","protected":false},"excerpt":{"rendered":"<p>La concejal de Uni\u00f3n por la Patria respondi\u00f3 las cr\u00edticas del ex intendente, expresadas en el marco del cierre de<\/p>\n","protected":false},"author":4,"featured_media":128706,"comment_status":"closed","ping_status":"closed","sticky":false,"template":"","format":"standard","meta":{"_jetpack_memberships_contains_paid_content":false,"footnotes":""},"categories":[4,1],"tags":[],"class_list":["post-176460","post","type-post","status-publish","format-standard","has-post-thumbnail","hentry","category-politica","category-portada"],"jetpack_featured_media_url":"https:\/\/i0.wp.com\/cdnoticias.com\/wp-content\/uploads\/2024\/10\/HCD-belen-abraham-02.jpg?fit=1000%2C556&ssl=1","jetpack_sharing_enabled":true,"_links":{"self":[{"href":"https:\/\/cdnoticias.com\/index.php\/wp-json\/wp\/v2\/posts\/176460","targetHints":{"allow":["GET"]}}],"collection":[{"href":"https:\/\/cdnoticias.com\/index.php\/wp-json\/wp\/v2\/posts"}],"about":[{"href":"https:\/\/cdnoticias.com\/index.php\/wp-json\/wp\/v2\/types\/post"}],"author":[{"embeddable":true,"href":"https:\/\/cdnoticias.com\/index.php\/wp-json\/wp\/v2\/users\/4"}],"replies":[{"embeddable":true,"href":"https:\/\/cdnoticias.com\/index.php\/wp-json\/wp\/v2\/comments?post=176460"}],"version-history":[{"count":0,"href":"https:\/\/cdnoticias.com\/index.php\/wp-json\/wp\/v2\/posts\/176460\/revisions"}],"wp:featuredmedia":[{"embeddable":true,"href":"https:\/\/cdnoticias.com\/index.php\/wp-json\/wp\/v2\/media\/128706"}],"wp:attachment":[{"href":"https:\/\/cdnoticias.com\/index.php\/wp-json\/wp\/v2\/media?parent=176460"}],"wp:term":[{"taxonomy":"category","embeddable":true,"href":"https:\/\/cdnoticias.com\/index.php\/wp-json\/wp\/v2\/categories?post=176460"},{"taxonomy":"post_tag","embeddable":true,"href":"https:\/\/cdnoticias.com\/index.php\/wp-json\/wp\/v2\/tags?post=176460"}],"curies":[{"name":"wp","href":"https:\/\/api.w.org\/{rel}","templated":true}]}}