{"id":176455,"date":"2025-07-10T17:01:38","date_gmt":"2025-07-10T20:01:38","guid":{"rendered":"https:\/\/cdnoticias.com\/?p=176455"},"modified":"2025-07-10T17:01:40","modified_gmt":"2025-07-10T20:01:40","slug":"permanece-abierta-la-inscripcion-para-comenzar-a-estudiar-en-agosto-en-sociales","status":"publish","type":"post","link":"https:\/\/cdnoticias.com\/index.php\/2025\/07\/10\/permanece-abierta-la-inscripcion-para-comenzar-a-estudiar-en-agosto-en-sociales\/","title":{"rendered":"Permanece abierta la inscripci\u00f3n para comenzar a estudiar en agosto en Sociales"},"content":{"rendered":"\n<p>Hasta el 11 de agosto seguir\u00e1 abierta en la Facultad de Ciencias Sociales (UNICEN) la inscripci\u00f3n para estudiantes que tengan inter\u00e9s en comenzar a cursar las carreras de grado a partir del segundo cuatrimestre.<\/p>\n\n\n\n<hr class=\"wp-block-separator has-alpha-channel-opacity\"\/>\n\n\n\n<p>Entre los meses de junio y agosto permanecer\u00e1 abierta la inscripci\u00f3n a las<strong> carreras de grado<\/strong> que ofrece la Facultad de Ciencias Sociales de la Universidad Nacional del Centro de la Provincia de Buenos Aires.<\/p>\n\n\n\n<p><\/p>\n\n\n\n<p>El per\u00edodo de <strong>preinscripci\u00f3n estar\u00e1 abierto hasta el 11 de agosto<\/strong> a trav\u00e9s de un tr\u00e1mite que se inicia de manera virtual. <strong>La cursada comenzar\u00e1 el lunes 11 de agosto, cuando inicie el Curso Introductorio a la Vida Universitaria (CIVU).<\/strong><\/p>\n\n\n\n<p><\/p>\n\n\n\n<p><strong>Las carreras de grado que dicta FACSO son:<\/strong><\/p>\n\n\n\n<p><\/p>\n\n\n\n<p>-Licenciatura en Antropolog\u00eda orientaci\u00f3n Social<\/p>\n\n\n\n<p><\/p>\n\n\n\n<p>-Licenciatura en Antropolog\u00eda orientaci\u00f3n Arqueolog\u00eda<\/p>\n\n\n\n<p><\/p>\n\n\n\n<p>-Licenciatura en Comunicaci\u00f3n Social<\/p>\n\n\n\n<p><\/p>\n\n\n\n<p>-Periodismo<\/p>\n\n\n\n<p><\/p>\n\n\n\n<p>-Profesorado de Comunicaci\u00f3n Social<\/p>\n\n\n\n<p><\/p>\n\n\n\n<p>-Profesorado de Antropolog\u00eda<\/p>\n\n\n\n<p><\/p>\n\n\n\n<p>Desde hace m\u00e1s de 35 a\u00f1os la Facultad de Ciencias Sociales forma a profesionales universitarios\/as de las estas carreras, las cuales son elegidas a\u00f1o a a\u00f1o por j\u00f3venes de Olavarr\u00eda, de ciudades de la provincia de Buenos Aires y de provincias lim\u00edtrofes para cursar sus estudios universitarios.<\/p>\n\n\n\n<p><\/p>\n\n\n\n<p>Desde sus comienzos FACSO ha tenido una amplia visibilidad e inserci\u00f3n en la comunidad de Olavarr\u00eda y la regi\u00f3n, y en sus carreras siempre ha puesto \u00e9nfasis en la construcci\u00f3n cr\u00edtica del conocimiento y el compromiso social.<\/p>\n\n\n\n<p><\/p>\n\n\n\n<p><strong>C\u00f3mo inscribirse<\/strong><\/p>\n\n\n\n<p><\/p>\n\n\n\n<p>Los pasos para realizar la inscripci\u00f3n a las carreras de grado de la FACSO son los siguientes:<\/p>\n\n\n\n<p><\/p>\n\n\n\n<p><strong>Paso 1:<\/strong> Reun\u00ed la siguiente documentaci\u00f3n, en papel y digitalizada (cada documento debe estar en un archivo separados, anverso y reverso juntos):<\/p>\n\n\n\n<p><\/p>\n\n\n\n<ul class=\"wp-block-list\">\n<li>T\u00edtulo secundario (copia autenticada), constancia de t\u00edtulo en tr\u00e1mite (si ya finalizaste la escuela secundaria) o certificado de alumno\/a regular con detalle de materias adeudadas (si finalizaste de cursar la escuela secundaria y a\u00fan adeud\u00e1s materias).<\/li>\n\n\n\n<li>Fotocopia de DNI (anverso y reverso).<\/li>\n\n\n\n<li>Foto carnet 4 x 4 (2 fotos).<\/li>\n\n\n\n<li>Fotocopia de <a href=\"https:\/\/www.gba.gob.ar\/registrodelaspersonas\/solicitud_de_partidas_online\" data-type=\"link\" data-id=\"https:\/\/www.gba.gob.ar\/registrodelaspersonas\/solicitud_de_partidas_online\">Partida de nacimiento.<\/a><\/li>\n\n\n\n<li>Complet\u00e1 esta<a href=\"http:\/\/chrome-extension:\/\/efaidnbmnnnibpcajpcglclefindmkaj\/https:\/\/www.soc.unicen.edu.ar\/images\/M_images\/2019\/Academica\/pdf\/ficha_salud_sociales.pdf\" data-type=\"link\" data-id=\"chrome-extension:\/\/efaidnbmnnnibpcajpcglclefindmkaj\/https:\/\/www.soc.unicen.edu.ar\/images\/M_images\/2019\/Academica\/pdf\/ficha_salud_sociales.pdf\"> ficha de salud.<\/a><\/li>\n<\/ul>\n\n\n\n<p><\/p>\n\n\n\n<p><strong>Paso 2: <\/strong>Completar el formulario de preinscripci\u00f3n <a href=\"https:\/\/guarani.unicen.edu.ar\/preinscripcion\/sociales\/\" data-type=\"link\" data-id=\"https:\/\/guarani.unicen.edu.ar\/preinscripcion\/sociales\/\">disponible aqu\u00ed <\/a>y cargar en el sistema toda la documentaci\u00f3n reunida en el PASO 1 (a excepci\u00f3n de la Ficha de Salud). Luego descargar el archivo en .pdf del comprobante que genera e imprimilo.<\/p>\n\n\n\n<p><\/p>\n\n\n\n<p>Si el\/la estudiante realiz\u00f3 la preinscripci\u00f3n en a\u00f1os anteriores en alguna de las carreras de la FACSO debe ingresar con el mismo correo electr\u00f3nico, usuario y contrase\u00f1a para actualizar el formulario de preinscripci\u00f3n e imprimirlo. <strong>Si es o fue alumno\/a de alguna de las carreras de otras unidades acad\u00e9micas de UNICEN debe realizar la preinscripci\u00f3n por el SIU de la Facultad de origen.<\/strong><\/p>\n\n\n\n<p><\/p>\n\n\n\n<p><strong>Paso 3: <\/strong>Presentar el comprobante de preinscripci\u00f3n impreso m\u00e1s toda la documentaci\u00f3n en papel de manera presencial en la ventanilla del Departamento de Alumnos, avenida Del Valle 5737, hasta el 18 de julio y del 4 al 11 de agosto (de lunes a viernes, d\u00edas h\u00e1biles) en el horario de 10 a 17 horas.<\/p>\n\n\n\n<p><\/p>\n\n\n\n<p><strong>Consultas<\/strong><\/p>\n\n\n\n<p><\/p>\n\n\n\n<p>Para realizar consultas es posible comunicarse al mail inscripcioncarrerafacso@gmail.com y al celular 02284-247325 (v\u00eda Whatsapp). Para conocer m\u00e1s sobre las carreras es posible escribir al mail futuros.estudiantes@soc.unicen.edu.ar.<\/p>\n","protected":false},"excerpt":{"rendered":"<p>Hasta el 11 de agosto seguir\u00e1 abierta en la Facultad de Ciencias Sociales (UNICEN) la inscripci\u00f3n para estudiantes que tengan<\/p>\n","protected":false},"author":5,"featured_media":26495,"comment_status":"closed","ping_status":"closed","sticky":false,"template":"","format":"standard","meta":{"_jetpack_memberships_contains_paid_content":false,"footnotes":""},"categories":[5,1],"tags":[],"class_list":["post-176455","post","type-post","status-publish","format-standard","has-post-thumbnail","hentry","category-informacion-general","category-portada"],"jetpack_featured_media_url":"https:\/\/i0.wp.com\/cdnoticias.com\/wp-content\/uploads\/2021\/07\/Facultad-de-Ciencias-Sociales.jpg?fit=1428%2C748&ssl=1","jetpack_sharing_enabled":true,"_links":{"self":[{"href":"https:\/\/cdnoticias.com\/index.php\/wp-json\/wp\/v2\/posts\/176455","targetHints":{"allow":["GET"]}}],"collection":[{"href":"https:\/\/cdnoticias.com\/index.php\/wp-json\/wp\/v2\/posts"}],"about":[{"href":"https:\/\/cdnoticias.com\/index.php\/wp-json\/wp\/v2\/types\/post"}],"author":[{"embeddable":true,"href":"https:\/\/cdnoticias.com\/index.php\/wp-json\/wp\/v2\/users\/5"}],"replies":[{"embeddable":true,"href":"https:\/\/cdnoticias.com\/index.php\/wp-json\/wp\/v2\/comments?post=176455"}],"version-history":[{"count":0,"href":"https:\/\/cdnoticias.com\/index.php\/wp-json\/wp\/v2\/posts\/176455\/revisions"}],"wp:featuredmedia":[{"embeddable":true,"href":"https:\/\/cdnoticias.com\/index.php\/wp-json\/wp\/v2\/media\/26495"}],"wp:attachment":[{"href":"https:\/\/cdnoticias.com\/index.php\/wp-json\/wp\/v2\/media?parent=176455"}],"wp:term":[{"taxonomy":"category","embeddable":true,"href":"https:\/\/cdnoticias.com\/index.php\/wp-json\/wp\/v2\/categories?post=176455"},{"taxonomy":"post_tag","embeddable":true,"href":"https:\/\/cdnoticias.com\/index.php\/wp-json\/wp\/v2\/tags?post=176455"}],"curies":[{"name":"wp","href":"https:\/\/api.w.org\/{rel}","templated":true}]}}