{"id":176453,"date":"2025-07-10T12:38:52","date_gmt":"2025-07-10T15:38:52","guid":{"rendered":"https:\/\/cdnoticias.com\/?p=176453"},"modified":"2025-07-10T16:04:16","modified_gmt":"2025-07-10T19:04:16","slug":"gaston-sarachu-en-el-encuentro-de-concejales-del-frente-renovador","status":"publish","type":"post","link":"https:\/\/cdnoticias.com\/index.php\/2025\/07\/10\/gaston-sarachu-en-el-encuentro-de-concejales-del-frente-renovador\/","title":{"rendered":"Gast\u00f3n Sarachu en el encuentro de concejales del Frente Renovador"},"content":{"rendered":"\n<p>La reuni\u00f3n virtual tuvo como objetivo delinear acciones de cara a las elecciones 2025. Fue encabezada por Malena Galmarini. <\/p>\n\n\n\n<hr class=\"wp-block-separator has-alpha-channel-opacity\"\/>\n\n\n\n<p>El <strong>dirigente del Foro Olavarr\u00eda FR, Gast\u00f3n Sarachu <\/strong>particip\u00f3 del encuentro virtual del Frente Renovador con <strong>concejales bonaerenses <\/strong>con el objetivo de coordinar acciones de cara a las elecciones 2025, a trav\u00e9s de la unidad de <strong>Fuerza Patria.<\/strong><\/p>\n\n\n\n<p><\/p>\n\n\n\n<p>La reuni\u00f3n estuvo encabezada por <strong>Malena Galmarini <\/strong>y se realiz\u00f3 el mi\u00e9rcoles por la tarde a trav\u00e9s de la <strong>plataforma Zoom.<\/strong><\/p>\n\n\n\n<p><\/p>\n\n\n\n<p>El encuentro sirvi\u00f3 para <strong>intercambiar situaciones de los municipios<\/strong> donde cada uno ejerce su funci\u00f3n, an\u00e1lisis de la situaci\u00f3n actual y c\u00f3mo impactan de manera negativa a nivel local las pol\u00edticas del gobierno de Milei.<\/p>\n\n\n\n<p><\/p>\n\n\n\n<p>Al respecto, Gast\u00f3n Sarachu, concejal en uso de licencia y funcionario Municipal, se\u00f1al\u00f3 que <strong>es alarmante la ca\u00edda de la actividad econ\u00f3mica en general y la p\u00e9rdida de puestos de trabajo<\/strong> en la ciudad y las localidades por las pol\u00edticas del gobierno nacional.<\/p>\n\n\n\n<p><\/p>\n\n\n\n<p>\u201cEso adem\u00e1s tiene un impacto sobre las finanzas de todos los Municipios que tienen que <strong>atender las demandas sociales de los vecinos afectados<\/strong>\u201d concluy\u00f3 Sarachu.<\/p>\n","protected":false},"excerpt":{"rendered":"<p>La reuni\u00f3n virtual tuvo como objetivo delinear acciones de cara a las elecciones 2025. Fue encabezada por Malena Galmarini. El<\/p>\n","protected":false},"author":5,"featured_media":119655,"comment_status":"closed","ping_status":"closed","sticky":false,"template":"","format":"standard","meta":{"_jetpack_memberships_contains_paid_content":false,"footnotes":""},"categories":[4,1],"tags":[],"class_list":["post-176453","post","type-post","status-publish","format-standard","has-post-thumbnail","hentry","category-politica","category-portada"],"jetpack_featured_media_url":"https:\/\/i0.wp.com\/cdnoticias.com\/wp-content\/uploads\/2024\/07\/gaston-sarachu-1.jpg?fit=800%2C444&ssl=1","jetpack_sharing_enabled":true,"_links":{"self":[{"href":"https:\/\/cdnoticias.com\/index.php\/wp-json\/wp\/v2\/posts\/176453","targetHints":{"allow":["GET"]}}],"collection":[{"href":"https:\/\/cdnoticias.com\/index.php\/wp-json\/wp\/v2\/posts"}],"about":[{"href":"https:\/\/cdnoticias.com\/index.php\/wp-json\/wp\/v2\/types\/post"}],"author":[{"embeddable":true,"href":"https:\/\/cdnoticias.com\/index.php\/wp-json\/wp\/v2\/users\/5"}],"replies":[{"embeddable":true,"href":"https:\/\/cdnoticias.com\/index.php\/wp-json\/wp\/v2\/comments?post=176453"}],"version-history":[{"count":0,"href":"https:\/\/cdnoticias.com\/index.php\/wp-json\/wp\/v2\/posts\/176453\/revisions"}],"wp:featuredmedia":[{"embeddable":true,"href":"https:\/\/cdnoticias.com\/index.php\/wp-json\/wp\/v2\/media\/119655"}],"wp:attachment":[{"href":"https:\/\/cdnoticias.com\/index.php\/wp-json\/wp\/v2\/media?parent=176453"}],"wp:term":[{"taxonomy":"category","embeddable":true,"href":"https:\/\/cdnoticias.com\/index.php\/wp-json\/wp\/v2\/categories?post=176453"},{"taxonomy":"post_tag","embeddable":true,"href":"https:\/\/cdnoticias.com\/index.php\/wp-json\/wp\/v2\/tags?post=176453"}],"curies":[{"name":"wp","href":"https:\/\/api.w.org\/{rel}","templated":true}]}}