{"id":176451,"date":"2025-07-10T11:42:57","date_gmt":"2025-07-10T14:42:57","guid":{"rendered":"https:\/\/cdnoticias.com\/?p=176451"},"modified":"2025-07-10T14:27:28","modified_gmt":"2025-07-10T17:27:28","slug":"endere-vamos-a-seguir-trabajando-para-lograr-el-mejor-acuerdo-posible","status":"publish","type":"post","link":"https:\/\/cdnoticias.com\/index.php\/2025\/07\/10\/endere-vamos-a-seguir-trabajando-para-lograr-el-mejor-acuerdo-posible\/","title":{"rendered":"Endere: \u201cvamos a seguir trabajando para lograr el mejor acuerdo posible\u201d"},"content":{"rendered":"\n<p>El diputado provincial del PRO se refiri\u00f3 a la alianza celebrada con La Libertad Avanza. El armado seccional, la mirada puesta en el 2027 y la evaluaci\u00f3n sobre la gesti\u00f3n municipal de Maximiliano Wesner.<\/p>\n\n\n\n<hr class=\"wp-block-separator has-alpha-channel-opacity\"\/>\n\n\n\n<p>El diputado provincial Martin Endere habl\u00f3 tras la <a href=\"https:\/\/cdnoticias.com\/index.php\/2025\/07\/10\/ezequiel-galli-en-el-cierre-de-alianzas-tenemos-claro-de-que-lado-estamos\/\" data-type=\"link\" data-id=\"https:\/\/cdnoticias.com\/index.php\/2025\/07\/10\/ezequiel-galli-en-el-cierre-de-alianzas-tenemos-claro-de-que-lado-estamos\/\">firma de alianza del Pro con La Libertad Avanza. <\/a>Consider\u00f3 que en lo local &#8220;vamos a tratar de discutir cada punto. Vamos a seguir trabajando para lograr el mejor acuerdo posible para darle al olavarriense la mejor alternativa posible&#8221;.<\/p>\n\n\n\n<p><\/p>\n\n\n\n<p>Respecto a la participaci\u00f3n de cada uno de los espacios indic\u00f3 que \u201c<strong>lo primero que uno tiene que entender es que perdiste. Gan\u00f3 la Libertad Avanza que gobierna a nivel nacional<\/strong> y probablemente en cuanto a cantidad de acciones -por ilustrarlo de alguna manera- tiene muchas m\u00e1s que las que puede llegar a tener el PRO\u201d.<\/p>\n\n\n\n<p><\/p>\n\n\n\n<blockquote class=\"wp-block-quote is-layout-flow wp-block-quote-is-layout-flow\">\n<p>En una entrevista realizada en el programa <strong>Levantate (Radio Sapiens) <\/strong>sostuvo que \u201clo importante es que el primer paso fue dado, que es la conformaci\u00f3n de la alianza, y a partir de ah\u00ed van a seguir las discusiones\u201d y agreg\u00f3: <strong>\u201cva a ser una elecci\u00f3n estrictamente provincial y a mi criterio va a ser muy seccional\u201d.<\/strong><\/p>\n<\/blockquote>\n\n\n\n<p><\/p>\n\n\n\n<p>El diputado asegur\u00f3 que la alianza \u201ces un acuerdo de partidos\u201d y tiene peso no solo lo que pasa actualmente sino lo que pas\u00f3: \u201c<strong>la historia de los partidos cuenta,<\/strong> de otra manera, el radicalismo, en algunos aspectos, tantas veces derrotado, debi\u00f3 no haber existido, y aun as\u00ed est\u00e1 vigente\u201d.<\/p>\n\n\n\n<p><\/p>\n\n\n\n<p>Por otra parte, tambi\u00e9n hizo referencia al comentario extendido de que las candidaturas se conformar\u00e1n con una participaci\u00f3n 70-30 de acuerdo al color pol\u00edtico del intendente que gobierne en cada ciudad. \u201c<strong>Para m\u00ed 70-30 es el Fernet. <\/strong>Despu\u00e9s cada distrito va a tener su realidad, esto es pol\u00edtica, son 135 distritos, 135 realidades totalmente diferentes, y ah\u00ed me parece que tiene que estar la virtud de cada dirigente de llegar al mejor acuerdo, porque <strong>si lo que se est\u00e1 poniendo por delante es el objetivo de ganarle al kirchnerismo, y uno se ajusta a un n\u00famero estrictamente, lo m\u00e1s probable es que no tenga ese \u00e9xito<\/strong>\u201d.<\/p>\n\n\n\n<p><\/p>\n\n\n\n<blockquote class=\"wp-block-quote is-layout-flow wp-block-quote-is-layout-flow\">\n<p>\u201cEn el 23 la ciudadan\u00eda nos dio un mensaje clar\u00edsimo. Y si vamos separados no hay posibilidad de construir una alternativa de poder real, por lo menos a mi criterio. Entonces yo creo que nosotros tenemos que movernos en ese eje\u201d. <\/p>\n<\/blockquote>\n\n\n\n<p><\/p>\n\n\n\n<p>\u201cLo que viene ahora es lo m\u00e1s complejo, que es el contrato fino, por llamarlo de alguna manera, donde vos ten\u00e9s que poner en la cancha a los mejores jugadores de cada lugar, respetando, si se quiere, pero no estrictamente ese famoso 70-30, y<strong> buscar ganar estas elecciones intermedias para pararte con una buena alternativa para el 2027<\/strong>\u201d, concluy\u00f3.<\/p>\n\n\n\n<p><\/p>\n\n\n\n<p><strong>Olavarr\u00eda: gesti\u00f3n y matriz productiva<\/strong><\/p>\n\n\n\n<p><\/p>\n\n\n\n<p>El diputado Endere tambi\u00e9n <strong>aport\u00f3 su mirada sobre la gesti\u00f3n del intendente Wesner<\/strong>: &#8220;<strong>lo veo bien a \u00e9l y mal a la gesti\u00f3n. <\/strong>Es decir, veo imagen no veo gesti\u00f3n en obras&#8221;, indic\u00f3 y mencion\u00f3 que &#8220;en salud no se est\u00e1n haciendo las cosas bien, me preocup\u00f3 mucho el escape de gas en pediatr\u00eda, se han discontinuado programas, nosotros presentamos un proyecto de ley a nivel provincial para el programa Puente Educativo, que es un programa que se ven\u00eda haciendo\u201d.<\/p>\n\n\n\n<p><\/p>\n\n\n\n<p>\u201cEst\u00e1 marcado tambi\u00e9n que hay un <a href=\"https:\/\/cdnoticias.com\/index.php\/2025\/07\/07\/situacion-economica-financiera-el-municipio-informo-1500-millones-de-pesos-de-deficit\/\" data-type=\"link\" data-id=\"https:\/\/cdnoticias.com\/index.php\/2025\/07\/07\/situacion-economica-financiera-el-municipio-informo-1500-millones-de-pesos-de-deficit\/\">d\u00e9ficit de 1.500 millones de pesos, <\/a>obviamente va a estar justificado, entre comillas, por el gobierno nacional, pero la verdad es que me parece que <strong>el ciudadano olavarriense lo que busca es que se gestione la ciudad, no que se justifique todo en base a lo que pasa a nivel nacional<\/strong>\u201d, agreg\u00f3 Endere.<\/p>\n\n\n\n<p><\/p>\n\n\n\n<p>Por otra parte, hizo referencia a los <a href=\"https:\/\/cdnoticias.com\/index.php\/2025\/07\/04\/economia-de-olavarria-la-situacion-actual-por-decisiones-que-se-toman-a-nivel-nacional-son-sumamente-negativas\/\" data-type=\"link\" data-id=\"https:\/\/cdnoticias.com\/index.php\/2025\/07\/04\/economia-de-olavarria-la-situacion-actual-por-decisiones-que-se-toman-a-nivel-nacional-son-sumamente-negativas\/\">indicadores econ\u00f3micos presentados por el Municipio <\/a>y su impacto en distintos sectores productivos: \u201cde los indicadores que se recuperan ninguno est\u00e1n asociados a la matriz productiva de la ciudad. La econom\u00eda nuestra se ve retra\u00edda en ese aspecto\u201d, reconoci\u00f3.<\/p>\n\n\n\n<p><\/p>\n\n\n\n<p>\u201c<strong>Uno aspira a que la reactivaci\u00f3n que todos esperamos que se produzca traiga beneficios a la ciudad.<\/strong> Yo creo que lo que se est\u00e1 buscando, al menos a nivel nacional, y ah\u00ed ya es un tema que si se quiere se me escapa, es que la obra exista, que quiz\u00e1s no sea el Estado el que la lleva adelante. Me pregunt\u00e1s a m\u00ed, no s\u00e9 de qu\u00e9 manera estar\u00e1n pensando hacerlo, pero ese ser\u00eda el camino porque uno tambi\u00e9n transita rutas y las rutas no est\u00e1n en buen estado\u201d, asegur\u00f3.<\/p>\n\n\n\n<p><\/p>\n\n\n\n<p>Por \u00faltimo, tambi\u00e9n hizo referencia a la <strong>gesti\u00f3n provincial del gobernador Axel Kicillof <\/strong>y afirm\u00f3 que \u201clo veo muy mal, creo que ha sido preso de su ideolog\u00eda y ha mal administrado los recursos de una provincia que s\u00ed es cierto que recibe menos de lo que da\u201d.<\/p>\n\n\n\n<p><\/p>\n\n\n\n<p>\u201cTambi\u00e9n hay que decirlo, IOMA est\u00e1 como est\u00e1 porque no tiene gesti\u00f3n y porque seguramente no recibe lo que tiene que recibir. Las rutas provinciales, m\u00e1s all\u00e1 que, insisto, la Ruta 3 est\u00e1 en un peor estado que nunca lo he visto, pero las rutas provinciales tambi\u00e9n\u201d, finaliz\u00f3.<\/p>\n","protected":false},"excerpt":{"rendered":"<p>El diputado provincial del PRO se refiri\u00f3 a la alianza celebrada con La Libertad Avanza. El armado seccional, la mirada<\/p>\n","protected":false},"author":5,"featured_media":171520,"comment_status":"closed","ping_status":"closed","sticky":false,"template":"","format":"standard","meta":{"_jetpack_memberships_contains_paid_content":false,"footnotes":""},"categories":[4,1],"tags":[],"class_list":["post-176451","post","type-post","status-publish","format-standard","has-post-thumbnail","hentry","category-politica","category-portada"],"jetpack_featured_media_url":"https:\/\/i0.wp.com\/cdnoticias.com\/wp-content\/uploads\/2025\/05\/endere-martin.png?fit=800%2C445&ssl=1","jetpack_sharing_enabled":true,"_links":{"self":[{"href":"https:\/\/cdnoticias.com\/index.php\/wp-json\/wp\/v2\/posts\/176451","targetHints":{"allow":["GET"]}}],"collection":[{"href":"https:\/\/cdnoticias.com\/index.php\/wp-json\/wp\/v2\/posts"}],"about":[{"href":"https:\/\/cdnoticias.com\/index.php\/wp-json\/wp\/v2\/types\/post"}],"author":[{"embeddable":true,"href":"https:\/\/cdnoticias.com\/index.php\/wp-json\/wp\/v2\/users\/5"}],"replies":[{"embeddable":true,"href":"https:\/\/cdnoticias.com\/index.php\/wp-json\/wp\/v2\/comments?post=176451"}],"version-history":[{"count":0,"href":"https:\/\/cdnoticias.com\/index.php\/wp-json\/wp\/v2\/posts\/176451\/revisions"}],"wp:featuredmedia":[{"embeddable":true,"href":"https:\/\/cdnoticias.com\/index.php\/wp-json\/wp\/v2\/media\/171520"}],"wp:attachment":[{"href":"https:\/\/cdnoticias.com\/index.php\/wp-json\/wp\/v2\/media?parent=176451"}],"wp:term":[{"taxonomy":"category","embeddable":true,"href":"https:\/\/cdnoticias.com\/index.php\/wp-json\/wp\/v2\/categories?post=176451"},{"taxonomy":"post_tag","embeddable":true,"href":"https:\/\/cdnoticias.com\/index.php\/wp-json\/wp\/v2\/tags?post=176451"}],"curies":[{"name":"wp","href":"https:\/\/api.w.org\/{rel}","templated":true}]}}