{"id":176449,"date":"2025-07-10T10:57:25","date_gmt":"2025-07-10T13:57:25","guid":{"rendered":"https:\/\/cdnoticias.com\/?p=176449"},"modified":"2025-07-10T10:57:27","modified_gmt":"2025-07-10T13:57:27","slug":"legislativas-bonaerenses-se-anotaron-nueve-alianzas-para-las-elecciones-de-septiembre","status":"publish","type":"post","link":"https:\/\/cdnoticias.com\/index.php\/2025\/07\/10\/legislativas-bonaerenses-se-anotaron-nueve-alianzas-para-las-elecciones-de-septiembre\/","title":{"rendered":"Legislativas bonaerenses: se anotaron nueve alianzas para las elecciones de septiembre"},"content":{"rendered":"<p>Luego de d\u00edas de tensi\u00f3n, los partidos oficializaron la conformaci\u00f3n de los frentes que competir\u00e1n en los comicios.<!--more--><\/p>\n<hr \/>\n<p>La<strong> Junta Electoral de la provincia de Buenos Aires<\/strong> recibi\u00f3 las <strong>inscripciones de alianzas electorales<\/strong> para los comicios del <strong>7 de septiembre.<\/strong><\/p>\n<p>Se registraron en total <strong>nueve frentes<\/strong>, entre los que est\u00e1n La Libertad Avanza y Pro, y por el pacto peronista entre Axel Kicillof, M\u00e1ximo Kirchner y Sergio Massa.<\/p>\n<h4>Fuerza Patria<\/h4>\n<p>El <strong>peronismo en la provincia de Buenos Aires<\/strong> encontr\u00f3 el camino de unidad luego de varios meses de tensiones entre los distintos espacios que se disputan la conducci\u00f3n. De esta manera, el <strong>Movimiento Derecho al Futuro, La C\u00e1mpora y el Frente Renovador<\/strong> llegaron a un consenso para sellar el frente con el que competir\u00e1n en las pr\u00f3ximas elecciones del 7 de septiembre.<\/p>\n<p>En medio de fuertes desconfianzas, marcadas sobro todo por la muy tensa relaci\u00f3n entre Axel Kicillof y M\u00e1ximo Kirchner, un punto clave para lograr ese primer entendimiento fue la <strong>arquitectura de controles cruzados en los \u00f3rganos de gobierno<\/strong> principales que definir\u00e1n las listas: la<strong> junta electoral y el esquema de apoderados<\/strong>, donde como cont\u00f3 DIB habr\u00e1 representaci\u00f3n equitativa de todos los tres principales sectores internos.<\/p>\n<p>As\u00ed, habr\u00e1 un<strong> esquema de apoderados equivalente para todas las listas en las ocho secciones y los 135 municipios<\/strong>, con un representante por cada sector y una Junta con uno de cada tribu, que ser\u00edan Carlos Bianco por el Movimiento Derecho al Futuro (kicillofismo); el diputado Rub\u00e9n Eslaiman por el Frente Renovador y el intendente de Malvinas Argentinas, Leonardo Nardini, por el cristinismo.<\/p>\n<h4>Frente La Libertad Avanza<\/h4>\n<p>La <strong>confluencia entre La Libertad Avanza y Pro<\/strong> se oficializ\u00f3 en una conferencia de prensa de la que participaron<strong> Karina Milei, Sebasti\u00e1n Pareja, Cristian Ritondo, Diego Santilli y Guillermo Montenegro<\/strong>. Llevar\u00e1 el nombre de Frente La Libertad Avanza, un paso que lleva a <strong>invisibilizar al partido amarillo<\/strong> de la boleta.<\/p>\n<p>El acuerdo, que se tradujo en una fuerte primaria libertaria en las listas lleg\u00f3 al cabo de una dura ronda de negociaciones que <strong>asegur\u00f3 por ahora la participaci\u00f3n de los 13 intendentes amarillos<\/strong>, aunque persiste la tensi\u00f3n con cuatro de ellos, alineados con Jorge Macri y Daniel Angelici. Se trata de los intendentes Soledad Mart\u00ednez (Vicente L\u00f3pez), Pablo Petrecca (Jun\u00edn), Mar\u00eda Jos\u00e9 Gentile (9 de Julio), ligados al jefe de gobierno porte\u00f1o Jorge Macri y Javier Mart\u00ednez (Pergamino).<\/p>\n<blockquote class=\"wp-embedded-content\" data-secret=\"KjQ7YawGgX\"><p><a href=\"https:\/\/cdnoticias.com\/index.php\/2025\/07\/10\/ezequiel-galli-en-el-cierre-de-alianzas-tenemos-claro-de-que-lado-estamos\/\">Ezequiel Galli en el cierre de alianzas: \u201ctenemos claro de qu\u00e9 lado estamos\u201d<\/a><\/p><\/blockquote>\n<p><iframe loading=\"lazy\" class=\"wp-embedded-content\" sandbox=\"allow-scripts\" security=\"restricted\" style=\"position: absolute; visibility: hidden;\" title=\"&#8220;Ezequiel Galli en el cierre de alianzas: \u201ctenemos claro de qu\u00e9 lado estamos\u201d&#8221; &#8212; Central de Noticias | Olavarr\u00eda\" src=\"https:\/\/cdnoticias.com\/index.php\/2025\/07\/10\/ezequiel-galli-en-el-cierre-de-alianzas-tenemos-claro-de-que-lado-estamos\/embed\/#?secret=bkwdp7oA8v#?secret=KjQ7YawGgX\" data-secret=\"KjQ7YawGgX\" width=\"600\" height=\"338\" frameborder=\"0\" marginwidth=\"0\" marginheight=\"0\" scrolling=\"no\"><\/iframe><\/p>\n<h4>Somos Buenos Aires<\/h4>\n<p><strong>La UCR, en sus dos variantes internas, acord\u00f3 con el monzo\u00edsmo, el schiarettismo<\/strong> aliado con el sector de Facundo Manes,<strong> la Coalici\u00f3n C\u00edvica y el GEN<\/strong> un frente electoral para competir en las elecciones en la provincia de Buenos Aires.<\/p>\n<p>Las conversaciones que llevaban varias semanas de duraci\u00f3n, cerraron este mi\u00e9rcoles por la tarde con una serie de encuentros paralelos en la ciudad de Buenos Aires <strong>un frente \u201cde centro\u201d, alejados seg\u00fan definen tanto del kirchnerismo como de la alianza entre La Libertad Avanza y el PRO<\/strong>.<\/p>\n<p>La nueva alianza de centro comprende a los dos sectores internamente enfrentados en el radicalismo que acordaron la unidad y tambi\u00e9n de sector nucleado en torno a Emilio Monz\u00f3. El GEN y la CC tambi\u00e9n formar\u00e1 parte del armado. Facundo Manes, que se fue del radicalismo semanas atr\u00e1s, participar\u00e1 junto al sector alienado con el gobernador cordob\u00e9s, Juan Schiaretti, con el que estuvo en La Plata semanas atr\u00e1s, aunque no integrar\u00eda las lisas en septiembre.<\/p>\n<p>Tambi\u00e9n se sumar\u00e1n el <strong>partido de Florencio Randazzo, el vecinalismo de Guillermo Britos<\/strong>, intendente de Chivilcoy <strong>y el exintendente de San Miguel y actual senador provincial por Derecha Popular, Joaqu\u00edn de la Torre<\/strong>.<\/p>\n<blockquote class=\"wp-embedded-content\" data-secret=\"ROlhB3YUXt\"><p><a href=\"https:\/\/cdnoticias.com\/index.php\/2025\/07\/08\/cierre-de-alianzas-desde-el-radicalismo-vamos-a-ir-por-una-linea-del-medio\/\">Cierre de alianzas: \u201cdesde el radicalismo vamos a ir por una l\u00ednea del medio\u201d<\/a><\/p><\/blockquote>\n<p><iframe loading=\"lazy\" class=\"wp-embedded-content\" sandbox=\"allow-scripts\" security=\"restricted\" style=\"position: absolute; visibility: hidden;\" title=\"&#8220;Cierre de alianzas: \u201cdesde el radicalismo vamos a ir por una l\u00ednea del medio\u201d&#8221; &#8212; Central de Noticias | Olavarr\u00eda\" src=\"https:\/\/cdnoticias.com\/index.php\/2025\/07\/08\/cierre-de-alianzas-desde-el-radicalismo-vamos-a-ir-por-una-linea-del-medio\/embed\/#?secret=W8iBNWfJg8#?secret=ROlhB3YUXt\" data-secret=\"ROlhB3YUXt\" width=\"600\" height=\"338\" frameborder=\"0\" marginwidth=\"0\" marginheight=\"0\" scrolling=\"no\"><\/iframe><\/p>\n<h4>Frente de Izquierda y de los Trabajadores \u2013 Unidad<\/h4>\n<p>El Frente de Izquierda y de los Trabajadores volvi\u00f3 a anotar su frente habitual, integrado por el<strong> Partido Obrero, el Partido de los Trabajadores Socialistas, Izquierda Socialista y el Movimiento Socialista de los Trabajadores<\/strong>. No prosper\u00f3 la incorporaci\u00f3n del Nuevo MAS.<\/p>\n<p>Nicol\u00e1s del Ca\u00f1o encabezar\u00e1 la boleta de diputados por la tercera secci\u00f3n electoral; Romina del Pla har\u00e1 lo propio en la de senadores de la primera secci\u00f3n.<\/p>\n<blockquote class=\"wp-embedded-content\" data-secret=\"j3KVvnpoaM\"><p><a href=\"https:\/\/cdnoticias.com\/index.php\/2025\/06\/04\/nestor-pitrola-en-olavarria-tenemos-que-ponernos-en-pie-de-lucha\/\">N\u00e9stor Pitrola en Olavarr\u00eda: \u201ctenemos que ponernos en pie de lucha\u201d<\/a><\/p><\/blockquote>\n<p><iframe loading=\"lazy\" class=\"wp-embedded-content\" sandbox=\"allow-scripts\" security=\"restricted\" style=\"position: absolute; visibility: hidden;\" title=\"&#8220;N\u00e9stor Pitrola en Olavarr\u00eda: \u201ctenemos que ponernos en pie de lucha\u201d&#8221; &#8212; Central de Noticias | Olavarr\u00eda\" src=\"https:\/\/cdnoticias.com\/index.php\/2025\/06\/04\/nestor-pitrola-en-olavarria-tenemos-que-ponernos-en-pie-de-lucha\/embed\/#?secret=U1XdW0BGgT#?secret=j3KVvnpoaM\" data-secret=\"j3KVvnpoaM\" width=\"600\" height=\"338\" frameborder=\"0\" marginwidth=\"0\" marginheight=\"0\" scrolling=\"no\"><\/iframe><\/p>\n<h4>Nuevos Aires<\/h4>\n<p>Los <strong>diputados bonaerenses Fabi\u00e1n Luayza y Gustavo Cuervo (Uni\u00f3n, Renovaci\u00f3n y Fe)<\/strong> firmaron este frente, al que incorporaron a la <strong>intendenta radical de Adolfo Gonz\u00e1les Chaves, Luc\u00eda G\u00f3mez<\/strong>. Lo integran el <strong>Partido Renovador Federal y Uni\u00f3n Celeste y Blanco<\/strong>.<\/p>\n<h4>Avanza Libertad<\/h4>\n<p>Es una coalici\u00f3n que repite el nombre del frente que compiti\u00f3 en 2021, cuando su referente fue Jos\u00e9 Luis Espert. La integran el <strong>Frente Federal de Acci\u00f3n Solidaria y Uni\u00f3n Liberal (exUced\u00e9)<\/strong>. Por el primer partido, el apoderado es Alejandro Rodr\u00edguez; por el segundo, Hugo Bontempo.<\/p>\n<h4>Es con vos, es con nosotros<\/h4>\n<p>Este frente electoral fue constituido por los partidos <strong>Encuentro Republicano Federal y Uni\u00f3n Popular Federal<\/strong>. Ambos fueron parte de Juntos por el Cambio en las elecciones de 2023.<\/p>\n<p>Encuentro Republicano Federal (antes Alternativa Republicana Federal) es el espacio liderado por Miguel \u00c1ngel Pichetto, pero el diputado rionegrino no adhiere a esta alianza. S\u00ed lo hace el vicepresidente del partido, Roberto Damboriana.<\/p>\n<h4>Potencia<\/h4>\n<p>Es el nombre adquirido por la uni\u00f3n electoral entre el <strong>partido UNIR y el Movimiento de Integraci\u00f3n y Desarrollo (MID)<\/strong>. La alianza, acordada y presentada el 8 de julio ante la Junta Electoral provincial, estar\u00e1 encabezada en los comicios por la candidata a diputada nacional Mar\u00eda Eugenia Talerico.<\/p>\n<h4>Espacio Abierto para el Desarrollo y la Integraci\u00f3n Social<\/h4>\n<p>Este espacio representa al espacio que lleva ese nombre, m\u00e1s dos<strong> agrupaciones vecinales de San Isidro y San Mart\u00edn<\/strong>.<\/p>\n<h3>Las alianzas que van a competir en las elecciones bonaerenses<\/h3>\n<ul>\n<li>Alianza Avanza Libertad<\/li>\n<li>Alianza Es con vos, es con nosotros<\/li>\n<li>Alianza Espacio Abierto para el Desarrollo y la Integraci\u00f3n Social<\/li>\n<li>Alianza Frente de Izquierda y de Trabajadores \u2013 Unidad<\/li>\n<li>Alianza Fuerza Patria<\/li>\n<li>Alianza La Libertad Avanza<\/li>\n<li>Alianza Nuevos Aires<\/li>\n<li>Alianza Potencia<\/li>\n<li>Alianza Somos Buenos Aires<\/li>\n<\/ul>\n<p>Fuente: <em>Agencia DIB<\/em><\/p>\n","protected":false},"excerpt":{"rendered":"<p>Luego de d\u00edas de tensi\u00f3n, los partidos oficializaron la conformaci\u00f3n de los frentes que competir\u00e1n en los comicios.<\/p>\n","protected":false},"author":4,"featured_media":32925,"comment_status":"closed","ping_status":"closed","sticky":false,"template":"","format":"standard","meta":{"_jetpack_memberships_contains_paid_content":false,"footnotes":""},"categories":[6,1],"tags":[],"class_list":["post-176449","post","type-post","status-publish","format-standard","has-post-thumbnail","hentry","category-nacionales","category-portada"],"jetpack_featured_media_url":"https:\/\/i0.wp.com\/cdnoticias.com\/wp-content\/uploads\/2021\/09\/DIB-boletas-elecciones-3-696x464.jpg?fit=696%2C464&ssl=1","jetpack_sharing_enabled":true,"_links":{"self":[{"href":"https:\/\/cdnoticias.com\/index.php\/wp-json\/wp\/v2\/posts\/176449","targetHints":{"allow":["GET"]}}],"collection":[{"href":"https:\/\/cdnoticias.com\/index.php\/wp-json\/wp\/v2\/posts"}],"about":[{"href":"https:\/\/cdnoticias.com\/index.php\/wp-json\/wp\/v2\/types\/post"}],"author":[{"embeddable":true,"href":"https:\/\/cdnoticias.com\/index.php\/wp-json\/wp\/v2\/users\/4"}],"replies":[{"embeddable":true,"href":"https:\/\/cdnoticias.com\/index.php\/wp-json\/wp\/v2\/comments?post=176449"}],"version-history":[{"count":0,"href":"https:\/\/cdnoticias.com\/index.php\/wp-json\/wp\/v2\/posts\/176449\/revisions"}],"wp:featuredmedia":[{"embeddable":true,"href":"https:\/\/cdnoticias.com\/index.php\/wp-json\/wp\/v2\/media\/32925"}],"wp:attachment":[{"href":"https:\/\/cdnoticias.com\/index.php\/wp-json\/wp\/v2\/media?parent=176449"}],"wp:term":[{"taxonomy":"category","embeddable":true,"href":"https:\/\/cdnoticias.com\/index.php\/wp-json\/wp\/v2\/categories?post=176449"},{"taxonomy":"post_tag","embeddable":true,"href":"https:\/\/cdnoticias.com\/index.php\/wp-json\/wp\/v2\/tags?post=176449"}],"curies":[{"name":"wp","href":"https:\/\/api.w.org\/{rel}","templated":true}]}}