{"id":176445,"date":"2025-07-10T10:00:28","date_gmt":"2025-07-10T13:00:28","guid":{"rendered":"https:\/\/cdnoticias.com\/?p=176445"},"modified":"2025-07-10T14:12:29","modified_gmt":"2025-07-10T17:12:29","slug":"florencia-juarez-vuelve-a-ser-directora-municipal-en-el-area-de-genero","status":"publish","type":"post","link":"https:\/\/cdnoticias.com\/index.php\/2025\/07\/10\/florencia-juarez-vuelve-a-ser-directora-municipal-en-el-area-de-genero\/","title":{"rendered":"Florencia Ju\u00e1rez vuelve a ser directora municipal en el \u00e1rea de G\u00e9nero"},"content":{"rendered":"<p>Ya ocup\u00f3 el cargo durante la gesti\u00f3n de Ezequiel Galli y este jueves se anunci\u00f3 que reasumir\u00e1 como titular.<!--more--><\/p>\n<hr \/>\n<p><strong>Florencia Ju\u00e1rez volver\u00e1 a ser directora municipal en el \u00e1rea de G\u00e9nero<\/strong>. Tras la <a href=\"https:\/\/cdnoticias.com\/index.php\/2025\/07\/02\/renuncio-la-directora-de-mujeres-generos-y-diversidad-del-municipio\/\" target=\"_blank\" rel=\"noopener\">renuncia de Patricia P\u00e9rez<\/a> conocida a principios de este mes, se inform\u00f3 la pr\u00f3xima cobertura del cargo.<\/p>\n<blockquote><p>\u201cEl Municipio de Olavarr\u00eda informa que la Licenciada Florencia Ju\u00e1rez estar\u00e1 a cargo de la direcci\u00f3n de Mujeres, G\u00e9neros y Diversidad, \u00e1rea en la que ya ven\u00eda trabajando\u201d se dio a conocer formalmente este jueves.<\/p><\/blockquote>\n<p>Cabe recordar que <strong>Ju\u00e1rez fue directora municipal en el \u00e1rea de G\u00e9nero<\/strong> -se denominaba Direcci\u00f3n de Pol\u00edticas de G\u00e9nero- <a href=\"https:\/\/cdnoticias.com\/index.php\/2022\/03\/02\/florencia-juarez-renuncio-a-la-direccion-de-politicas-de-genero\/\" target=\"_blank\" rel=\"noopener\">entre 2016 y 2022<\/a>, <strong>durante la gesti\u00f3n de Ezequiel Galli<\/strong>. Tras su salida se mantuvo en el staff municipal y<strong> con el inicio de la gesti\u00f3n de Maximiliano Wesner se hab\u00eda incorporado a la Direcci\u00f3n<\/strong>.<\/p>\n","protected":false},"excerpt":{"rendered":"<p>Ya ocup\u00f3 el cargo durante la gesti\u00f3n de Ezequiel Galli y este jueves se anunci\u00f3 que reasumir\u00e1 como titular.<\/p>\n","protected":false},"author":4,"featured_media":176446,"comment_status":"closed","ping_status":"closed","sticky":false,"template":"","format":"standard","meta":{"_jetpack_memberships_contains_paid_content":false,"footnotes":""},"categories":[4,1],"tags":[],"class_list":["post-176445","post","type-post","status-publish","format-standard","has-post-thumbnail","hentry","category-politica","category-portada"],"jetpack_featured_media_url":"https:\/\/i0.wp.com\/cdnoticias.com\/wp-content\/uploads\/2025\/07\/florencia-juarez-00.jpg?fit=800%2C445&ssl=1","jetpack_sharing_enabled":true,"_links":{"self":[{"href":"https:\/\/cdnoticias.com\/index.php\/wp-json\/wp\/v2\/posts\/176445","targetHints":{"allow":["GET"]}}],"collection":[{"href":"https:\/\/cdnoticias.com\/index.php\/wp-json\/wp\/v2\/posts"}],"about":[{"href":"https:\/\/cdnoticias.com\/index.php\/wp-json\/wp\/v2\/types\/post"}],"author":[{"embeddable":true,"href":"https:\/\/cdnoticias.com\/index.php\/wp-json\/wp\/v2\/users\/4"}],"replies":[{"embeddable":true,"href":"https:\/\/cdnoticias.com\/index.php\/wp-json\/wp\/v2\/comments?post=176445"}],"version-history":[{"count":0,"href":"https:\/\/cdnoticias.com\/index.php\/wp-json\/wp\/v2\/posts\/176445\/revisions"}],"wp:featuredmedia":[{"embeddable":true,"href":"https:\/\/cdnoticias.com\/index.php\/wp-json\/wp\/v2\/media\/176446"}],"wp:attachment":[{"href":"https:\/\/cdnoticias.com\/index.php\/wp-json\/wp\/v2\/media?parent=176445"}],"wp:term":[{"taxonomy":"category","embeddable":true,"href":"https:\/\/cdnoticias.com\/index.php\/wp-json\/wp\/v2\/categories?post=176445"},{"taxonomy":"post_tag","embeddable":true,"href":"https:\/\/cdnoticias.com\/index.php\/wp-json\/wp\/v2\/tags?post=176445"}],"curies":[{"name":"wp","href":"https:\/\/api.w.org\/{rel}","templated":true}]}}