{"id":176443,"date":"2025-07-10T09:39:23","date_gmt":"2025-07-10T12:39:23","guid":{"rendered":"https:\/\/cdnoticias.com\/?p=176443"},"modified":"2025-07-10T11:43:23","modified_gmt":"2025-07-10T14:43:23","slug":"por-la-lluvia-se-suspendieron-barrio-por-barrio-y-la-distribucion-de-gas-envasado","status":"publish","type":"post","link":"https:\/\/cdnoticias.com\/index.php\/2025\/07\/10\/por-la-lluvia-se-suspendieron-barrio-por-barrio-y-la-distribucion-de-gas-envasado\/","title":{"rendered":"Por la lluvia se suspendieron \u201cBarrio por Barrio\u201d y la distribuci\u00f3n de gas envasado"},"content":{"rendered":"<p>El Municipio dio a conocer la reprogramaci\u00f3n de ambas actividades. \u201cBarrio por Barrio\u201d pas\u00f3 al viernes, y la recorrida con los puntos de venta de garrafas se har\u00e1 el martes 15 de julio.<!--more--><\/p>\n<hr \/>\n<p>Debido a las <strong>condiciones clim\u00e1ticas adversas<\/strong>, el <strong>Municipio de Olavarr\u00eda<\/strong> inform\u00f3 la <strong>suspensi\u00f3n de actividades previstas para este jueves<\/strong>.<\/p>\n<p>Iba a realizarse una <a href=\"https:\/\/cdnoticias.com\/index.php\/2025\/07\/08\/villa-mailin-y-provincias-unidas-recibiran-una-nueva-edicion-de-barrio-por-barrio\/\" target=\"_blank\" rel=\"noopener\">nueva edici\u00f3n<\/a> del programa <strong>\u201cBarrio por Barrio\u201d en Villa Mail\u00edn y Provincias Unidas<\/strong>. El programa municipal de abordaje territorial integral se reprogram\u00f3 para este <strong>viernes: a partir de 9.30<\/strong> el punto de encuentro ser\u00e1 el<strong> Servicio Territorial Municipal N\u00b0 6, ubicado en Mendoza y Balcarce<\/strong>.<\/p>\n<p>En tanto, el <strong>programa municipal de gas envasado<\/strong> ten\u00eda previsto para este jueves un<strong> recorrido a partir de 9.30<\/strong> por seis puntos de Olavarr\u00eda y localidades. Tambi\u00e9n se defini\u00f3 la reprogramaci\u00f3n por la lluvia y <strong>pas\u00f3 para el pr\u00f3ximo martes 15 de julio<\/strong>.<\/p>\n<p>Las garrafas se venden a <strong>13.000 pesos cada una.<\/strong><\/p>\n<h4>Los puntos de venta ser\u00e1n:<\/h4>\n<ul>\n<li>9.30 a 10 en Villa Mi Serran\u00eda. Salta y C\u00f3rdoba (esquina del club).<\/li>\n<li>10.15 a 11 en Loma Negra, Plaza Libertad.<\/li>\n<li>11.45 a 12.30 en Sierra Chica, plaza La Tecla.<\/li>\n<li>13 a 13.45 en Hinojo, Estaci\u00f3n de tren.<\/li>\n<li>14.15 a 15 en Sierras Bayas, plaza \u201c17 de Octubre\u201d.<\/li>\n<li>14.15 a 15 en Colonia San Miguel, Escuela Primaria N\u00ba 5.<\/li>\n<\/ul>\n","protected":false},"excerpt":{"rendered":"<p>El Municipio dio a conocer la reprogramaci\u00f3n de ambas actividades. \u201cBarrio por Barrio\u201d pas\u00f3 al viernes, y la recorrida con<\/p>\n","protected":false},"author":4,"featured_media":169842,"comment_status":"closed","ping_status":"closed","sticky":false,"template":"","format":"standard","meta":{"_jetpack_memberships_contains_paid_content":false,"footnotes":""},"categories":[5,1],"tags":[],"class_list":["post-176443","post","type-post","status-publish","format-standard","has-post-thumbnail","hentry","category-informacion-general","category-portada"],"jetpack_featured_media_url":"https:\/\/i0.wp.com\/cdnoticias.com\/wp-content\/uploads\/2025\/04\/barrio-x-barrio-carlos-pellegrini1.png?fit=883%2C459&ssl=1","jetpack_sharing_enabled":true,"_links":{"self":[{"href":"https:\/\/cdnoticias.com\/index.php\/wp-json\/wp\/v2\/posts\/176443","targetHints":{"allow":["GET"]}}],"collection":[{"href":"https:\/\/cdnoticias.com\/index.php\/wp-json\/wp\/v2\/posts"}],"about":[{"href":"https:\/\/cdnoticias.com\/index.php\/wp-json\/wp\/v2\/types\/post"}],"author":[{"embeddable":true,"href":"https:\/\/cdnoticias.com\/index.php\/wp-json\/wp\/v2\/users\/4"}],"replies":[{"embeddable":true,"href":"https:\/\/cdnoticias.com\/index.php\/wp-json\/wp\/v2\/comments?post=176443"}],"version-history":[{"count":0,"href":"https:\/\/cdnoticias.com\/index.php\/wp-json\/wp\/v2\/posts\/176443\/revisions"}],"wp:featuredmedia":[{"embeddable":true,"href":"https:\/\/cdnoticias.com\/index.php\/wp-json\/wp\/v2\/media\/169842"}],"wp:attachment":[{"href":"https:\/\/cdnoticias.com\/index.php\/wp-json\/wp\/v2\/media?parent=176443"}],"wp:term":[{"taxonomy":"category","embeddable":true,"href":"https:\/\/cdnoticias.com\/index.php\/wp-json\/wp\/v2\/categories?post=176443"},{"taxonomy":"post_tag","embeddable":true,"href":"https:\/\/cdnoticias.com\/index.php\/wp-json\/wp\/v2\/tags?post=176443"}],"curies":[{"name":"wp","href":"https:\/\/api.w.org\/{rel}","templated":true}]}}