{"id":176439,"date":"2025-07-10T09:13:01","date_gmt":"2025-07-10T12:13:01","guid":{"rendered":"https:\/\/cdnoticias.com\/?p=176439"},"modified":"2025-07-10T10:02:21","modified_gmt":"2025-07-10T13:02:21","slug":"ezequiel-galli-en-el-cierre-de-alianzas-tenemos-claro-de-que-lado-estamos","status":"publish","type":"post","link":"https:\/\/cdnoticias.com\/index.php\/2025\/07\/10\/ezequiel-galli-en-el-cierre-de-alianzas-tenemos-claro-de-que-lado-estamos\/","title":{"rendered":"Ezequiel Galli en el cierre de alianzas: \u201ctenemos claro de qu\u00e9 lado estamos\u201d"},"content":{"rendered":"<p>El ex intendente destac\u00f3 el acuerdo con La Libertad Avanza para las Legislativas bonaerenses del 7 de septiembre.<!--more--><\/p>\n<hr \/>\n<p>Este mi\u00e9rcoles venci\u00f3 el plazo de <strong>presentaciones de alianzas de partidos<\/strong> para participar de las <strong>Legislativas bonaerenses<\/strong> a realizarse el 7 de septiembre y el ex intendente de Olavarr\u00eda <strong>Ezequiel Galli destac\u00f3 en ese marco el acuerdo con La Libertad Avanza<\/strong>.<\/p>\n<blockquote><p>\u201cFirmamos nuestra alianza con el Frente La Libertad Avanza porque tenemos claro de qu\u00e9 lado estamos. Estamos del lado de los que trabajan, de los que quieren vivir tranquilos, de los que valoran el esfuerzo\u201d defini\u00f3 Galli al mostrarse en una imagen en la firma del acuerdo para las elecciones.<\/p><\/blockquote>\n<p>Con <strong>cr\u00edticas a la gesti\u00f3n del gobernador Axel Kicillof<\/strong>, el ex mandatario local plante\u00f3 <strong>\u201cqueremos que Olavarr\u00eda vuelva a ser referencia regional en materia de salud<\/strong>, que la <strong>educaci\u00f3n<\/strong> vuelva a ser una prioridad y que la <strong>inseguridad<\/strong> no sea un flagelo\u201d.<\/p>\n<p>De esta manera, <strong>Galli reafirm\u00f3 la postura que ven\u00eda mostrando durante el a\u00f1o<\/strong> con su alejamiento del PRO, <a href=\"https:\/\/cdnoticias.com\/index.php\/2024\/11\/29\/ezequiel-galli-hoy-mas-que-nunca-somos-un-vecinalismo-con-intenciones-de-volver-a-ser-gobierno-en-la-ciudad\/\" target=\"_blank\" rel=\"noopener\">su refugio en el partido vecinalista<\/a> Juntos por Olavarr\u00eda y su acercamiento a <a href=\"https:\/\/cdnoticias.com\/index.php\/2024\/12\/14\/ezequiel-galli-se-reunio-con-alejandro-carrancio-y-geraldine-calvella\/\" target=\"_blank\" rel=\"noopener\">figuras del sector libertario bonaerense<\/a>. En ese contexto se hab\u00edan dado a conocer <a href=\"https:\/\/cdnoticias.com\/index.php\/2025\/02\/12\/celeste-arouxet-es-momento-de-dejar-de-lado-las-diferencias-personales\/\" target=\"_blank\" rel=\"noopener\">reuniones con dirigentes de La Libertad Avanza de Olavarr\u00eda<\/a> para fortalecer el<a href=\"https:\/\/cdnoticias.com\/index.php\/2025\/02\/21\/ezequiel-galli-la-gestion-wesner-es-la-estafa-electoral-mas-grande-desde-la-vuelta-de-la-democracia-en-olavarria\/\" target=\"_blank\" rel=\"noopener\"> rol opositor local<\/a> y sellar un acuerdo para las elecciones intermedias.<\/p>\n<blockquote class=\"wp-embedded-content\" data-secret=\"iIBrGVa6Tr\"><p><a href=\"https:\/\/cdnoticias.com\/index.php\/2025\/02\/19\/martin-endere-galli-puede-ser-candidato-en-el-25-en-el-27-o-cuando-el-lo-decida\/\">Mart\u00edn Endere: \u201cGalli puede ser candidato en el 25, en el 27 o cuando \u00e9l lo decida\u201d<\/a><\/p><\/blockquote>\n<p><iframe loading=\"lazy\" class=\"wp-embedded-content\" sandbox=\"allow-scripts\" security=\"restricted\" style=\"position: absolute; visibility: hidden;\" title=\"&#8220;Mart\u00edn Endere: \u201cGalli puede ser candidato en el 25, en el 27 o cuando \u00e9l lo decida\u201d&#8221; &#8212; Central de Noticias | Olavarr\u00eda\" src=\"https:\/\/cdnoticias.com\/index.php\/2025\/02\/19\/martin-endere-galli-puede-ser-candidato-en-el-25-en-el-27-o-cuando-el-lo-decida\/embed\/#?secret=jBPL1tyjwx#?secret=iIBrGVa6Tr\" data-secret=\"iIBrGVa6Tr\" width=\"600\" height=\"338\" frameborder=\"0\" marginwidth=\"0\" marginheight=\"0\" scrolling=\"no\"><\/iframe><\/p>\n","protected":false},"excerpt":{"rendered":"<p>El ex intendente destac\u00f3 el acuerdo con La Libertad Avanza para las Legislativas bonaerenses del 7 de septiembre.<\/p>\n","protected":false},"author":4,"featured_media":176440,"comment_status":"closed","ping_status":"closed","sticky":false,"template":"","format":"standard","meta":{"_jetpack_memberships_contains_paid_content":false,"footnotes":""},"categories":[4,1],"tags":[],"class_list":["post-176439","post","type-post","status-publish","format-standard","has-post-thumbnail","hentry","category-politica","category-portada"],"jetpack_featured_media_url":"https:\/\/i0.wp.com\/cdnoticias.com\/wp-content\/uploads\/2025\/07\/ezequiel-galli-cierre-de-alianzas-PRO-LLA-a.jpg?fit=800%2C444&ssl=1","jetpack_sharing_enabled":true,"_links":{"self":[{"href":"https:\/\/cdnoticias.com\/index.php\/wp-json\/wp\/v2\/posts\/176439","targetHints":{"allow":["GET"]}}],"collection":[{"href":"https:\/\/cdnoticias.com\/index.php\/wp-json\/wp\/v2\/posts"}],"about":[{"href":"https:\/\/cdnoticias.com\/index.php\/wp-json\/wp\/v2\/types\/post"}],"author":[{"embeddable":true,"href":"https:\/\/cdnoticias.com\/index.php\/wp-json\/wp\/v2\/users\/4"}],"replies":[{"embeddable":true,"href":"https:\/\/cdnoticias.com\/index.php\/wp-json\/wp\/v2\/comments?post=176439"}],"version-history":[{"count":0,"href":"https:\/\/cdnoticias.com\/index.php\/wp-json\/wp\/v2\/posts\/176439\/revisions"}],"wp:featuredmedia":[{"embeddable":true,"href":"https:\/\/cdnoticias.com\/index.php\/wp-json\/wp\/v2\/media\/176440"}],"wp:attachment":[{"href":"https:\/\/cdnoticias.com\/index.php\/wp-json\/wp\/v2\/media?parent=176439"}],"wp:term":[{"taxonomy":"category","embeddable":true,"href":"https:\/\/cdnoticias.com\/index.php\/wp-json\/wp\/v2\/categories?post=176439"},{"taxonomy":"post_tag","embeddable":true,"href":"https:\/\/cdnoticias.com\/index.php\/wp-json\/wp\/v2\/tags?post=176439"}],"curies":[{"name":"wp","href":"https:\/\/api.w.org\/{rel}","templated":true}]}}