{"id":176417,"date":"2025-07-11T08:13:46","date_gmt":"2025-07-11T11:13:46","guid":{"rendered":"https:\/\/cdnoticias.com\/?p=176417"},"modified":"2025-07-11T08:13:48","modified_gmt":"2025-07-11T11:13:48","slug":"se-inaugura-una-nueva-muestra-en-el-centro-cultural-san-jose","status":"publish","type":"post","link":"https:\/\/cdnoticias.com\/index.php\/2025\/07\/11\/se-inaugura-una-nueva-muestra-en-el-centro-cultural-san-jose\/","title":{"rendered":"Se inaugura una nueva muestra en el Centro Cultural \u201cSan Jos\u00e9\u201d"},"content":{"rendered":"\n<p>Ser\u00e1 este s\u00e1bado 12 de julio a partir de las 18 horas. Grabados, pinturas y esculturas: tres exposiciones que recorren diferentes lenguajes del arte y la cultura social argentina.<\/p>\n\n\n\n<hr class=\"wp-block-separator aligncenter has-alpha-channel-opacity\"\/>\n\n\n\n<p>Dentro del marco de la programaci\u00f3n del <strong>Centro Cultural Municipal \u201cSan Jos\u00e9\u201d<\/strong>, este <strong>s\u00e1bado 12 de julio, a las 18 horas,<\/strong> se llevar\u00e1 a cabo la <strong>inauguraci\u00f3n de tres exposiciones que recorren diferentes lenguajes del arte y la cultura social argentina.<\/strong><\/p>\n\n\n\n<p><\/p>\n\n\n\n<blockquote class=\"wp-block-quote is-layout-flow wp-block-quote-is-layout-flow\">\n<p>El horario del Centro Cultural \u201cSan Jos\u00e9\u201d, en salas: lunes a viernes de 8 a 18 horas; s\u00e1bados, domingos y feriados de 15 a 18 horas, y administraci\u00f3n: lunes a viernes de 7 a 13 horas.<\/p>\n<\/blockquote>\n\n\n\n<p><\/p>\n\n\n\n<p>En Sala 1 se encuentran las <strong>obras de las grabadoras Alicia Scavino y Ang\u00fa V\u00e1zquez, oriundas de Capital Federal<\/strong>. Con m\u00e1s de 20 obras, chapas serigr\u00e1ficas y materiales de trabajo, la muestra implica un acercamiento a la t\u00e9cnica con una excelencia en la forma, el color y la profundidad en el dibujo. Entre la figuraci\u00f3n y la abstracci\u00f3n, esta muestra reivindica <strong>una de las grandes disciplinas del arte: el grabado.<\/strong><\/p>\n\n\n\n<p><\/p>\n\n\n\n<p>Asimismo, <strong>Emilio Reato,<\/strong> presentar\u00e1 en Sala 2 una muestra que nuclea <strong>bocetos, pinturas y una serie de \u00f3leos inspirada en el Quijote de Miguel de Cervantes.<\/strong> Esta exposici\u00f3n tiene la particularidad que las obras pueden verse con <strong>efecto de realidad aumentada<\/strong>, encontrar all\u00ed movimiento y una canci\u00f3n de trap sobre el paisaje y los personajes. Dicha colecci\u00f3n ha sido pr\u00e9stamo de Casa Ronco de la ciudad de Azul.<\/p>\n\n\n\n<p><\/p>\n\n\n\n<p>Por \u00faltimo, <strong>Juan Bautista Olmedo<\/strong>, artista oriundo de la ciudad de Azul, presenta en Salas 3 y 4 <strong>pinturas y esculturas en hierro de gran tama\u00f1o. <\/strong>El recorrido es una selecci\u00f3n de sus <strong>trabajos m\u00e1s relevantes de los \u00faltimos 10 a\u00f1os<\/strong>. La curadur\u00eda de la muestra se encuentra a cargo de<strong> Silvio Oliva Drys.<\/strong><\/p>\n\n\n\n<p><\/p>\n\n\n\n<p><\/p>\n","protected":false},"excerpt":{"rendered":"<p>Ser\u00e1 este s\u00e1bado 12 de julio a partir de las 18 horas. Grabados, pinturas y esculturas: tres exposiciones que recorren<\/p>\n","protected":false},"author":6,"featured_media":50365,"comment_status":"closed","ping_status":"closed","sticky":false,"template":"","format":"standard","meta":{"_jetpack_memberships_contains_paid_content":false,"footnotes":""},"categories":[9,1],"tags":[],"class_list":["post-176417","post","type-post","status-publish","format-standard","has-post-thumbnail","hentry","category-cultura","category-portada"],"jetpack_featured_media_url":"https:\/\/i0.wp.com\/cdnoticias.com\/wp-content\/uploads\/2022\/03\/Centro-Cultural-San-Jose-Drone.jpg?fit=800%2C445&ssl=1","jetpack_sharing_enabled":true,"_links":{"self":[{"href":"https:\/\/cdnoticias.com\/index.php\/wp-json\/wp\/v2\/posts\/176417","targetHints":{"allow":["GET"]}}],"collection":[{"href":"https:\/\/cdnoticias.com\/index.php\/wp-json\/wp\/v2\/posts"}],"about":[{"href":"https:\/\/cdnoticias.com\/index.php\/wp-json\/wp\/v2\/types\/post"}],"author":[{"embeddable":true,"href":"https:\/\/cdnoticias.com\/index.php\/wp-json\/wp\/v2\/users\/6"}],"replies":[{"embeddable":true,"href":"https:\/\/cdnoticias.com\/index.php\/wp-json\/wp\/v2\/comments?post=176417"}],"version-history":[{"count":0,"href":"https:\/\/cdnoticias.com\/index.php\/wp-json\/wp\/v2\/posts\/176417\/revisions"}],"wp:featuredmedia":[{"embeddable":true,"href":"https:\/\/cdnoticias.com\/index.php\/wp-json\/wp\/v2\/media\/50365"}],"wp:attachment":[{"href":"https:\/\/cdnoticias.com\/index.php\/wp-json\/wp\/v2\/media?parent=176417"}],"wp:term":[{"taxonomy":"category","embeddable":true,"href":"https:\/\/cdnoticias.com\/index.php\/wp-json\/wp\/v2\/categories?post=176417"},{"taxonomy":"post_tag","embeddable":true,"href":"https:\/\/cdnoticias.com\/index.php\/wp-json\/wp\/v2\/tags?post=176417"}],"curies":[{"name":"wp","href":"https:\/\/api.w.org\/{rel}","templated":true}]}}