{"id":176414,"date":"2025-07-11T16:17:37","date_gmt":"2025-07-11T19:17:37","guid":{"rendered":"https:\/\/cdnoticias.com\/?p=176414"},"modified":"2025-07-11T16:17:38","modified_gmt":"2025-07-11T19:17:38","slug":"el-quinteto-municipal-vientos-de-olavarria-se-presenta-en-la-sociedad-francesa","status":"publish","type":"post","link":"https:\/\/cdnoticias.com\/index.php\/2025\/07\/11\/el-quinteto-municipal-vientos-de-olavarria-se-presenta-en-la-sociedad-francesa\/","title":{"rendered":"El Quinteto Municipal \u201cVientos de Olavarr\u00eda\u201d se presenta en la Sociedad Francesa"},"content":{"rendered":"\n<p>Ser\u00e1 este domingo con entrada libre y gratuita.\u00a0Se interpretar\u00e1n obras de Georges Bizet, Jacques Ibert, Carlos Gardel, Astor Piazzolla y \u00c9dith Piaf.<\/p>\n\n\n\n<hr class=\"wp-block-separator aligncenter has-alpha-channel-opacity\"\/>\n\n\n\n<p>El <strong>Quinteto Municipal \u201cVientos de Olavarr\u00eda&#8221;<\/strong> se presentar\u00e1 este <strong>domingo 13 de julio en la Sociedad Francesa<\/strong>. La presentaci\u00f3n <strong>ser\u00e1 a las 18 horas,<\/strong> en la sede ubicada en San Mart\u00edn 2645, con <strong>entrada libre y gratuita.<\/strong><\/p>\n\n\n\n<p><\/p>\n\n\n\n<p>Se interpretar\u00e1n obras de <strong>Georges Bizet, Jacques Ibert, Carlos Gardel, Astor Piazzolla y \u00c9dith Piaf.<\/strong> El Quinteto de Vientos, inici\u00f3 su actividad en 1993. En su trayectoria de 30 a\u00f1os se autogestion\u00f3 en diez de ellos, (2008 \u2013 2017), retomando desde el a\u00f1o (2018) el auspicio municipal.\u00a0<\/p>\n\n\n\n<p><\/p>\n\n\n\n<blockquote class=\"wp-block-quote is-layout-flow wp-block-quote-is-layout-flow\">\n<p>El grupo integra su repertorio con obras conocidas y otras de interpretaci\u00f3n poco frecuente, con autores de todas las \u00e9pocas, estilos, g\u00e9neros y nacionalidades. Tambi\u00e9n busca en forma complementaria desarrollar una labor did\u00e1ctica.<\/p>\n<\/blockquote>\n\n\n\n<p><\/p>\n\n\n\n<p>\u201cVientos de Olavarr\u00eda\u201d se encuentra integrado por Claudia Cort\u00e9s en flauta, Carlos Orlando en oboe, Mario Romano en clarinete, Cristian Fabris en corno y Julieta Di Fede en fagot.<\/p>\n\n\n\n<p><\/p>\n\n\n\n<p>Los m\u00fasicos que forman el Quinteto Municipal \u201cVientos de Olavarr\u00eda \u201c, son solistas de sus instrumentos en las Orquestas Sinf\u00f3nicas de Olavarr\u00eda, Bah\u00eda Blanca, Mar del Plata, as\u00ed como de Grupos de C\u00e1mara y diversos g\u00e9neros musicales. Asimismo ha integrado la programaci\u00f3n de la filial local del Mozarteum Argentino.<\/p>\n","protected":false},"excerpt":{"rendered":"<p>Ser\u00e1 este domingo con entrada libre y gratuita.\u00a0Se interpretar\u00e1n obras de Georges Bizet, Jacques Ibert, Carlos Gardel, Astor Piazzolla y<\/p>\n","protected":false},"author":6,"featured_media":168211,"comment_status":"closed","ping_status":"closed","sticky":false,"template":"","format":"standard","meta":{"_jetpack_memberships_contains_paid_content":false,"footnotes":""},"categories":[9,1],"tags":[],"class_list":["post-176414","post","type-post","status-publish","format-standard","has-post-thumbnail","hentry","category-cultura","category-portada"],"jetpack_featured_media_url":"https:\/\/i0.wp.com\/cdnoticias.com\/wp-content\/uploads\/2025\/04\/quinteto-Vientos-de-Olavarria.jpg?fit=1000%2C666&ssl=1","jetpack_sharing_enabled":true,"_links":{"self":[{"href":"https:\/\/cdnoticias.com\/index.php\/wp-json\/wp\/v2\/posts\/176414","targetHints":{"allow":["GET"]}}],"collection":[{"href":"https:\/\/cdnoticias.com\/index.php\/wp-json\/wp\/v2\/posts"}],"about":[{"href":"https:\/\/cdnoticias.com\/index.php\/wp-json\/wp\/v2\/types\/post"}],"author":[{"embeddable":true,"href":"https:\/\/cdnoticias.com\/index.php\/wp-json\/wp\/v2\/users\/6"}],"replies":[{"embeddable":true,"href":"https:\/\/cdnoticias.com\/index.php\/wp-json\/wp\/v2\/comments?post=176414"}],"version-history":[{"count":0,"href":"https:\/\/cdnoticias.com\/index.php\/wp-json\/wp\/v2\/posts\/176414\/revisions"}],"wp:featuredmedia":[{"embeddable":true,"href":"https:\/\/cdnoticias.com\/index.php\/wp-json\/wp\/v2\/media\/168211"}],"wp:attachment":[{"href":"https:\/\/cdnoticias.com\/index.php\/wp-json\/wp\/v2\/media?parent=176414"}],"wp:term":[{"taxonomy":"category","embeddable":true,"href":"https:\/\/cdnoticias.com\/index.php\/wp-json\/wp\/v2\/categories?post=176414"},{"taxonomy":"post_tag","embeddable":true,"href":"https:\/\/cdnoticias.com\/index.php\/wp-json\/wp\/v2\/tags?post=176414"}],"curies":[{"name":"wp","href":"https:\/\/api.w.org\/{rel}","templated":true}]}}