{"id":176391,"date":"2025-07-13T12:30:06","date_gmt":"2025-07-13T15:30:06","guid":{"rendered":"https:\/\/cdnoticias.com\/?p=176391"},"modified":"2025-07-14T17:33:46","modified_gmt":"2025-07-14T20:33:46","slug":"jornada-sobre-residuos-domiciliarios-en-sierra-chica","status":"publish","type":"post","link":"https:\/\/cdnoticias.com\/index.php\/2025\/07\/13\/jornada-sobre-residuos-domiciliarios-en-sierra-chica\/","title":{"rendered":"Jornada sobre residuos domiciliarios en Sierra Chica"},"content":{"rendered":"\n<p>Ser\u00e1 este lunes 14 de julio con punto de encuentro en Plaza Belgrano.\u00a0<\/p>\n\n\n\n<hr class=\"wp-block-separator aligncenter has-alpha-channel-opacity\"\/>\n\n\n\n<p>A trav\u00e9s de la Direcci\u00f3n de Gesti\u00f3n Territorial se invita a participar de una <strong>Jornada sobre residuos domiciliarios<\/strong> denominada <strong>\u201cMenos residuos, m\u00e1s salud\u201d.&nbsp;<\/strong><\/p>\n\n\n\n<p><\/p>\n\n\n\n<blockquote class=\"wp-block-quote is-layout-flow wp-block-quote-is-layout-flow\">\n<p>La jornada se llevar\u00e1 a cabo el pr\u00f3ximo lunes 14 de julio en Sierra Chica, organizada por la Mesa de Gesti\u00f3n Territorial de 10 a 12 horas, con punto de encuentro en Plaza Belgrano (Centenario y Legorburu).<\/p>\n<\/blockquote>\n\n\n\n<p><\/p>\n\n\n\n<p>El objetivo es <strong>promover una adecuada gesti\u00f3n de los residuos domiciliarios, <\/strong>en forma conjunta con vecinos y vecinas de la localidad, y <strong>concientizar sobre las problem\u00e1ticas ambientales y sanitarias que generan los residuos en la v\u00eda p\u00fablica.<\/strong><\/p>\n\n\n\n<p><\/p>\n\n\n\n<blockquote class=\"wp-block-quote is-layout-flow wp-block-quote-is-layout-flow\">\n<p>Se realizar\u00e1n distintas acciones en el barrio Norte, delimitado por las calles Legorburu, Centenario, M\u00e1rquez y General Hornos. Estas acciones incluyen recorrida para dialogar con vecinos, relevamiento sobre causas de la acumulaci\u00f3n de residuos, entrega de folleter\u00eda sobre servicio de recolecci\u00f3n de residuos domiciliarios y un proyecto de plogging de estudiantes y docentes de Escuela Secundaria 17.<\/p>\n<\/blockquote>\n\n\n\n<p><\/p>\n\n\n\n<p>Dicha propuesta se enmarca en el programa municipal <strong>Mesas de Gesti\u00f3n Territorial <\/strong>y es organizada por los servicios municipales, instituciones educativas y organismos que se encuentran trabajando en la localidad de Sierra Chica.<\/p>\n\n\n\n<p><\/p>\n\n\n\n<p>Las Mesas de Gesti\u00f3n Territorial conforman un programa municipal que funciona como espacio de encuentro y trabajo participativo en los territorios con el fin de optimizar&nbsp; la planificaci\u00f3n e implementaci\u00f3n de las pol\u00edticas p\u00fablicas, fortalecer la integraci\u00f3n comunitaria y el v\u00ednculo institucional con la comunidad.<\/p>\n","protected":false},"excerpt":{"rendered":"<p>Ser\u00e1 este lunes 14 de julio con punto de encuentro en Plaza Belgrano.\u00a0 A trav\u00e9s de la Direcci\u00f3n de Gesti\u00f3n<\/p>\n","protected":false},"author":6,"featured_media":172674,"comment_status":"closed","ping_status":"closed","sticky":false,"template":"","format":"standard","meta":{"_jetpack_memberships_contains_paid_content":false,"footnotes":""},"categories":[5,1],"tags":[],"class_list":["post-176391","post","type-post","status-publish","format-standard","has-post-thumbnail","hentry","category-informacion-general","category-portada"],"jetpack_featured_media_url":"https:\/\/i0.wp.com\/cdnoticias.com\/wp-content\/uploads\/2025\/05\/sierra-chica.png?fit=800%2C445&ssl=1","jetpack_sharing_enabled":true,"_links":{"self":[{"href":"https:\/\/cdnoticias.com\/index.php\/wp-json\/wp\/v2\/posts\/176391","targetHints":{"allow":["GET"]}}],"collection":[{"href":"https:\/\/cdnoticias.com\/index.php\/wp-json\/wp\/v2\/posts"}],"about":[{"href":"https:\/\/cdnoticias.com\/index.php\/wp-json\/wp\/v2\/types\/post"}],"author":[{"embeddable":true,"href":"https:\/\/cdnoticias.com\/index.php\/wp-json\/wp\/v2\/users\/6"}],"replies":[{"embeddable":true,"href":"https:\/\/cdnoticias.com\/index.php\/wp-json\/wp\/v2\/comments?post=176391"}],"version-history":[{"count":0,"href":"https:\/\/cdnoticias.com\/index.php\/wp-json\/wp\/v2\/posts\/176391\/revisions"}],"wp:featuredmedia":[{"embeddable":true,"href":"https:\/\/cdnoticias.com\/index.php\/wp-json\/wp\/v2\/media\/172674"}],"wp:attachment":[{"href":"https:\/\/cdnoticias.com\/index.php\/wp-json\/wp\/v2\/media?parent=176391"}],"wp:term":[{"taxonomy":"category","embeddable":true,"href":"https:\/\/cdnoticias.com\/index.php\/wp-json\/wp\/v2\/categories?post=176391"},{"taxonomy":"post_tag","embeddable":true,"href":"https:\/\/cdnoticias.com\/index.php\/wp-json\/wp\/v2\/tags?post=176391"}],"curies":[{"name":"wp","href":"https:\/\/api.w.org\/{rel}","templated":true}]}}