{"id":176384,"date":"2025-07-10T16:30:00","date_gmt":"2025-07-10T19:30:00","guid":{"rendered":"https:\/\/cdnoticias.com\/?p=176384"},"modified":"2025-07-10T16:30:02","modified_gmt":"2025-07-10T19:30:02","slug":"legislativas-cuanto-cobraran-las-autoridades-de-mesa-el-7-de-septiembre","status":"publish","type":"post","link":"https:\/\/cdnoticias.com\/index.php\/2025\/07\/10\/legislativas-cuanto-cobraran-las-autoridades-de-mesa-el-7-de-septiembre\/","title":{"rendered":"Legislativas: cu\u00e1nto cobrar\u00e1n las autoridades de mesa el 7 de septiembre"},"content":{"rendered":"\n<p>Por decreto, el gobernador bonaerense, Axel Kicillof, decidi\u00f3 cu\u00e1nto van a percibir quienes ofician de autoridad de mesa en las elecciones.<\/p>\n\n\n\n<hr class=\"wp-block-separator aligncenter has-alpha-channel-opacity\"\/>\n\n\n\n<p>El <strong>Gobierno de la provincia de Buenos Aires <\/strong>estableci\u00f3 los <strong>montos de los vi\u00e1ticos que percibir\u00e1n las autoridades de mesa y los delegados electorales<\/strong> que participen en las <strong>elecciones legislativas del pr\u00f3ximo 7 de septiembre.<\/strong><\/p>\n\n\n\n<p><\/p>\n\n\n\n<p>La decisi\u00f3n qued\u00f3 oficializada este martes con la publicaci\u00f3n en el Bolet\u00edn Oficial del decreto 1567\/25, que <strong>estableci\u00f3 un monto de $40.000 en concepto de vi\u00e1tico para los electores <\/strong>que cumplan funciones de autoridad en las mesas receptoras de votos durante los comicios que elegir\u00e1n legisladores provinciales y concejales.<\/p>\n\n\n\n<p><\/p>\n\n\n\n<blockquote class=\"wp-block-quote is-layout-flow wp-block-quote-is-layout-flow\">\n<p>A esto se le suma un premio de otros $40.000 para las autoridades de mesa que hayan participado de las actividades de capacitaci\u00f3n dictadas por la Junta Electoral bonaerense. De esta manera, quien sea parte del comicio podr\u00eda obtener hasta $80.000 por colaborar con el proceso.<\/p>\n<\/blockquote>\n\n\n\n<p><\/p>\n\n\n\n<p>Finalmente, quienes sean designados por la Junta Electoral como delegados en los locales de votaci\u00f3n <strong>percibir\u00e1n un vi\u00e1tico de $120.000, <\/strong>siempre que cumplan efectivamente con sus responsabilidades durante los comicios.<\/p>\n\n\n\n<p><\/p>\n\n\n\n<p>El decreto tambi\u00e9n estableci\u00f3 que, dentro de los 30 d\u00edas posteriores a las elecciones, la Junta Electoral deber\u00e1 informar los nombres, apellidos y n\u00fameros de documento de identidad de las autoridades de mesa y delegados que hayan cumplido sus funciones, detallando el n\u00famero de mesa y distrito electoral en el caso de las autoridades, y el local de votaci\u00f3n y distrito electoral en el caso de los delegados. <\/p>\n\n\n\n<p><\/p>\n\n\n\n<p>Asimismo, <strong>se indicar\u00e1 qui\u00e9nes completaron la capacitaci\u00f3n correspondiente<\/strong>. A partir de ese listado, el Ministerio de Gobierno bonaerense<strong> har\u00e1 los pagos de los vi\u00e1ticos a trav\u00e9s del Banco Provincia o de Cuenta DNI.\u00a0<\/strong><\/p>\n\n\n\n<p><\/p>\n\n\n\n<p><em>Fuente: DIB<\/em><\/p>\n","protected":false},"excerpt":{"rendered":"<p>Por decreto, el gobernador bonaerense, Axel Kicillof, decidi\u00f3 cu\u00e1nto van a percibir quienes ofician de autoridad de mesa en las<\/p>\n","protected":false},"author":6,"featured_media":27769,"comment_status":"closed","ping_status":"closed","sticky":false,"template":"","format":"standard","meta":{"_jetpack_memberships_contains_paid_content":false,"footnotes":""},"categories":[6,1],"tags":[],"class_list":["post-176384","post","type-post","status-publish","format-standard","has-post-thumbnail","hentry","category-nacionales","category-portada"],"jetpack_featured_media_url":"https:\/\/i0.wp.com\/cdnoticias.com\/wp-content\/uploads\/2021\/07\/elecciones-urna.jpg?fit=1068%2C722&ssl=1","jetpack_sharing_enabled":true,"_links":{"self":[{"href":"https:\/\/cdnoticias.com\/index.php\/wp-json\/wp\/v2\/posts\/176384","targetHints":{"allow":["GET"]}}],"collection":[{"href":"https:\/\/cdnoticias.com\/index.php\/wp-json\/wp\/v2\/posts"}],"about":[{"href":"https:\/\/cdnoticias.com\/index.php\/wp-json\/wp\/v2\/types\/post"}],"author":[{"embeddable":true,"href":"https:\/\/cdnoticias.com\/index.php\/wp-json\/wp\/v2\/users\/6"}],"replies":[{"embeddable":true,"href":"https:\/\/cdnoticias.com\/index.php\/wp-json\/wp\/v2\/comments?post=176384"}],"version-history":[{"count":0,"href":"https:\/\/cdnoticias.com\/index.php\/wp-json\/wp\/v2\/posts\/176384\/revisions"}],"wp:featuredmedia":[{"embeddable":true,"href":"https:\/\/cdnoticias.com\/index.php\/wp-json\/wp\/v2\/media\/27769"}],"wp:attachment":[{"href":"https:\/\/cdnoticias.com\/index.php\/wp-json\/wp\/v2\/media?parent=176384"}],"wp:term":[{"taxonomy":"category","embeddable":true,"href":"https:\/\/cdnoticias.com\/index.php\/wp-json\/wp\/v2\/categories?post=176384"},{"taxonomy":"post_tag","embeddable":true,"href":"https:\/\/cdnoticias.com\/index.php\/wp-json\/wp\/v2\/tags?post=176384"}],"curies":[{"name":"wp","href":"https:\/\/api.w.org\/{rel}","templated":true}]}}