{"id":176359,"date":"2025-07-09T14:54:38","date_gmt":"2025-07-09T17:54:38","guid":{"rendered":"https:\/\/cdnoticias.com\/?p=176359"},"modified":"2025-07-09T14:54:40","modified_gmt":"2025-07-09T17:54:40","slug":"el-dia-de-la-independencia-en-sierra-chica","status":"publish","type":"post","link":"https:\/\/cdnoticias.com\/index.php\/2025\/07\/09\/el-dia-de-la-independencia-en-sierra-chica\/","title":{"rendered":"El D\u00eda de la Independencia en Sierra Chica"},"content":{"rendered":"<p>Las escuelas Secundaria 17 y Primaria 13 hicieron un festejo conjunto que tuvo presentaciones art\u00edsticas y buen acompa\u00f1amiento de las familias.<!--more--><\/p>\n<hr \/>\n<p>El <strong>D\u00eda de la Independencia<\/strong> se festej\u00f3 en las <strong>escuelas Sierra Chica<\/strong> este martes. El evento tuvo <strong>masiva participaci\u00f3n<\/strong> y convoc\u00f3 a la <strong>Secundaria 17<\/strong> en articulaci\u00f3n con la <strong>Primaria 13<\/strong>.<\/p>\n<p>\u00a0<\/p>\n<p>Estuvieron<em> Herencias Serranas, Retumbo Sachero, el grupo de Paloma Pacheco en voz, Tomas P\u00e9rez en bombo, Antonella Di Uono en vientos y Marcos Gainza en guitarra<\/em>.<\/p>\n<p>\u00a0<\/p>\n<p>Hubo <strong>participaci\u00f3n de los estudiantes<\/strong> en lectura de glosas, palabras alusivas y bailes caracter\u00edsticos.<\/p>\n<p>\u00a0<\/p>\n<p><img data-recalc-dims=\"1\" loading=\"lazy\" decoding=\"async\" class=\"alignnone size-full wp-image-176361\" src=\"https:\/\/i0.wp.com\/cdnoticias.com\/wp-content\/uploads\/2025\/07\/dia-de-la-independencia-secundaria-17-e.jpg?resize=800%2C533&#038;ssl=1\" alt=\"\" width=\"800\" height=\"533\" srcset=\"https:\/\/i0.wp.com\/cdnoticias.com\/wp-content\/uploads\/2025\/07\/dia-de-la-independencia-secundaria-17-e.jpg?w=800&amp;ssl=1 800w, https:\/\/i0.wp.com\/cdnoticias.com\/wp-content\/uploads\/2025\/07\/dia-de-la-independencia-secundaria-17-e.jpg?resize=300%2C200&amp;ssl=1 300w, https:\/\/i0.wp.com\/cdnoticias.com\/wp-content\/uploads\/2025\/07\/dia-de-la-independencia-secundaria-17-e.jpg?resize=768%2C512&amp;ssl=1 768w, https:\/\/i0.wp.com\/cdnoticias.com\/wp-content\/uploads\/2025\/07\/dia-de-la-independencia-secundaria-17-e.jpg?resize=272%2C182&amp;ssl=1 272w\" sizes=\"auto, (max-width: 800px) 100vw, 800px\" \/><\/p>\n<p>\u00a0<\/p>\n<p><img data-recalc-dims=\"1\" loading=\"lazy\" decoding=\"async\" class=\"alignnone size-full wp-image-176362\" src=\"https:\/\/i0.wp.com\/cdnoticias.com\/wp-content\/uploads\/2025\/07\/dia-de-la-independencia-secundaria-17-d.jpg?resize=800%2C600&#038;ssl=1\" alt=\"\" width=\"800\" height=\"600\" srcset=\"https:\/\/i0.wp.com\/cdnoticias.com\/wp-content\/uploads\/2025\/07\/dia-de-la-independencia-secundaria-17-d.jpg?w=800&amp;ssl=1 800w, https:\/\/i0.wp.com\/cdnoticias.com\/wp-content\/uploads\/2025\/07\/dia-de-la-independencia-secundaria-17-d.jpg?resize=300%2C225&amp;ssl=1 300w, https:\/\/i0.wp.com\/cdnoticias.com\/wp-content\/uploads\/2025\/07\/dia-de-la-independencia-secundaria-17-d.jpg?resize=768%2C576&amp;ssl=1 768w\" sizes=\"auto, (max-width: 800px) 100vw, 800px\" \/><\/p>\n<p>\u00a0<\/p>\n<p>El <strong>centro de estudiantes<\/strong> organiz\u00f3 un <strong>torneo de truco<\/strong>, y las<strong> familias<\/strong> pudieron compartir mate, tortas fritas y choripanes.<\/p>\n<p>\u00a0<\/p>\n<p>Se sum\u00f3 el<strong> estudiante de la EET N\u00ba 2 Jerem\u00edas Solis<\/strong> quien toc\u00f3 el bandone\u00f3n en el himno y los <strong>estudiantes de 1\u00ba 2\u00aa y 4\u00ba 2\u00aa quienes<\/strong> hicieron lenguaje de se\u00f1as cuando se entonaron las estrofas de nuestra canci\u00f3n patria.<\/p>\n<p>\u00a0<\/p>\n<p>Todo comenz\u00f3 a las 10 con el acto del turno ma\u00f1ana y finaliz\u00f3 pasadas las 15 con el de la tarde.<\/p>\n<p>\u00a0<\/p>\n<p>Se destac\u00f3 la<strong> importante presencia de las familias en la escuela<\/strong> para participar de los festejos.<\/p>\n<p>\u00a0<\/p>\n<p><img data-recalc-dims=\"1\" loading=\"lazy\" decoding=\"async\" class=\"alignnone size-full wp-image-176363\" src=\"https:\/\/i0.wp.com\/cdnoticias.com\/wp-content\/uploads\/2025\/07\/dia-de-la-independencia-secundaria-17-c.jpg?resize=800%2C532&#038;ssl=1\" alt=\"\" width=\"800\" height=\"532\" srcset=\"https:\/\/i0.wp.com\/cdnoticias.com\/wp-content\/uploads\/2025\/07\/dia-de-la-independencia-secundaria-17-c.jpg?w=800&amp;ssl=1 800w, https:\/\/i0.wp.com\/cdnoticias.com\/wp-content\/uploads\/2025\/07\/dia-de-la-independencia-secundaria-17-c.jpg?resize=300%2C200&amp;ssl=1 300w, https:\/\/i0.wp.com\/cdnoticias.com\/wp-content\/uploads\/2025\/07\/dia-de-la-independencia-secundaria-17-c.jpg?resize=768%2C511&amp;ssl=1 768w, https:\/\/i0.wp.com\/cdnoticias.com\/wp-content\/uploads\/2025\/07\/dia-de-la-independencia-secundaria-17-c.jpg?resize=272%2C182&amp;ssl=1 272w\" sizes=\"auto, (max-width: 800px) 100vw, 800px\" \/><\/p>\n<p>\u00a0<\/p>\n<p><img data-recalc-dims=\"1\" loading=\"lazy\" decoding=\"async\" class=\"alignnone size-full wp-image-176364\" src=\"https:\/\/i0.wp.com\/cdnoticias.com\/wp-content\/uploads\/2025\/07\/dia-de-la-independencia-secundaria-17-b.jpg?resize=800%2C533&#038;ssl=1\" alt=\"\" width=\"800\" height=\"533\" srcset=\"https:\/\/i0.wp.com\/cdnoticias.com\/wp-content\/uploads\/2025\/07\/dia-de-la-independencia-secundaria-17-b.jpg?w=800&amp;ssl=1 800w, https:\/\/i0.wp.com\/cdnoticias.com\/wp-content\/uploads\/2025\/07\/dia-de-la-independencia-secundaria-17-b.jpg?resize=300%2C200&amp;ssl=1 300w, https:\/\/i0.wp.com\/cdnoticias.com\/wp-content\/uploads\/2025\/07\/dia-de-la-independencia-secundaria-17-b.jpg?resize=768%2C512&amp;ssl=1 768w, https:\/\/i0.wp.com\/cdnoticias.com\/wp-content\/uploads\/2025\/07\/dia-de-la-independencia-secundaria-17-b.jpg?resize=272%2C182&amp;ssl=1 272w\" sizes=\"auto, (max-width: 800px) 100vw, 800px\" \/><\/p>\n<p>\u00a0<\/p>\n\n\n<p><\/p>\n","protected":false},"excerpt":{"rendered":"<p>Las escuelas Secundaria 17 y Primaria 13 hicieron un festejo conjunto que tuvo presentaciones art\u00edsticas y buen acompa\u00f1amiento de las<\/p>\n","protected":false},"author":4,"featured_media":176360,"comment_status":"closed","ping_status":"closed","sticky":false,"template":"","format":"standard","meta":{"_jetpack_memberships_contains_paid_content":false,"footnotes":""},"categories":[9,1],"tags":[],"class_list":["post-176359","post","type-post","status-publish","format-standard","has-post-thumbnail","hentry","category-cultura","category-portada"],"jetpack_featured_media_url":"https:\/\/i0.wp.com\/cdnoticias.com\/wp-content\/uploads\/2025\/07\/dia-de-la-independencia-secundaria-17-a.jpg?fit=800%2C445&ssl=1","jetpack_sharing_enabled":true,"_links":{"self":[{"href":"https:\/\/cdnoticias.com\/index.php\/wp-json\/wp\/v2\/posts\/176359","targetHints":{"allow":["GET"]}}],"collection":[{"href":"https:\/\/cdnoticias.com\/index.php\/wp-json\/wp\/v2\/posts"}],"about":[{"href":"https:\/\/cdnoticias.com\/index.php\/wp-json\/wp\/v2\/types\/post"}],"author":[{"embeddable":true,"href":"https:\/\/cdnoticias.com\/index.php\/wp-json\/wp\/v2\/users\/4"}],"replies":[{"embeddable":true,"href":"https:\/\/cdnoticias.com\/index.php\/wp-json\/wp\/v2\/comments?post=176359"}],"version-history":[{"count":0,"href":"https:\/\/cdnoticias.com\/index.php\/wp-json\/wp\/v2\/posts\/176359\/revisions"}],"wp:featuredmedia":[{"embeddable":true,"href":"https:\/\/cdnoticias.com\/index.php\/wp-json\/wp\/v2\/media\/176360"}],"wp:attachment":[{"href":"https:\/\/cdnoticias.com\/index.php\/wp-json\/wp\/v2\/media?parent=176359"}],"wp:term":[{"taxonomy":"category","embeddable":true,"href":"https:\/\/cdnoticias.com\/index.php\/wp-json\/wp\/v2\/categories?post=176359"},{"taxonomy":"post_tag","embeddable":true,"href":"https:\/\/cdnoticias.com\/index.php\/wp-json\/wp\/v2\/tags?post=176359"}],"curies":[{"name":"wp","href":"https:\/\/api.w.org\/{rel}","templated":true}]}}