{"id":176348,"date":"2025-07-11T08:10:18","date_gmt":"2025-07-11T11:10:18","guid":{"rendered":"https:\/\/cdnoticias.com\/?p=176348"},"modified":"2025-07-11T08:10:20","modified_gmt":"2025-07-11T11:10:20","slug":"acto-por-el-dia-nacional-de-francia-2","status":"publish","type":"post","link":"https:\/\/cdnoticias.com\/index.php\/2025\/07\/11\/acto-por-el-dia-nacional-de-francia-2\/","title":{"rendered":"Acto por el D\u00eda Nacional de Francia"},"content":{"rendered":"<p>Este domingo desde las 18 en la Sociedad Francesa de Olavarr\u00eda, San Mart\u00edn 2645.<!--more--><\/p>\n<hr \/>\n<p>El <strong>pr\u00f3ximo domingo 13 de julio<\/strong> se realizar\u00e1 el acto del <strong>D\u00eda Nacional de Francia<\/strong> para conmemorar el <strong>aniversario de la Revoluci\u00f3n Francesa que se cumplir\u00e1 el lunes 14.<\/strong><\/p>\n<p>En la <strong>Sociedad Francesa de Olavarr\u00eda<\/strong>, comenzar\u00e1 a las <strong>18 horas<\/strong> con la <strong>participaci\u00f3n del Quinteto Municipal Vientos de Olavarr\u00eda<\/strong>.<\/p>\n<p>Con<strong> entrada libre y gratuita<\/strong>, la actividad se desarrollar\u00e1 en la sede de la calle San Mart\u00edn 2645.<\/p>\n","protected":false},"excerpt":{"rendered":"<p>Este domingo desde las 18 en la Sociedad Francesa de Olavarr\u00eda, San Mart\u00edn 2645.<\/p>\n","protected":false},"author":4,"featured_media":60004,"comment_status":"closed","ping_status":"closed","sticky":false,"template":"","format":"standard","meta":{"_jetpack_memberships_contains_paid_content":false,"footnotes":""},"categories":[9,1],"tags":[],"class_list":["post-176348","post","type-post","status-publish","format-standard","has-post-thumbnail","hentry","category-cultura","category-portada"],"jetpack_featured_media_url":"https:\/\/i0.wp.com\/cdnoticias.com\/wp-content\/uploads\/2022\/07\/sociedad-francesa-01.jpg?fit=800%2C445&ssl=1","jetpack_sharing_enabled":true,"_links":{"self":[{"href":"https:\/\/cdnoticias.com\/index.php\/wp-json\/wp\/v2\/posts\/176348","targetHints":{"allow":["GET"]}}],"collection":[{"href":"https:\/\/cdnoticias.com\/index.php\/wp-json\/wp\/v2\/posts"}],"about":[{"href":"https:\/\/cdnoticias.com\/index.php\/wp-json\/wp\/v2\/types\/post"}],"author":[{"embeddable":true,"href":"https:\/\/cdnoticias.com\/index.php\/wp-json\/wp\/v2\/users\/4"}],"replies":[{"embeddable":true,"href":"https:\/\/cdnoticias.com\/index.php\/wp-json\/wp\/v2\/comments?post=176348"}],"version-history":[{"count":0,"href":"https:\/\/cdnoticias.com\/index.php\/wp-json\/wp\/v2\/posts\/176348\/revisions"}],"wp:featuredmedia":[{"embeddable":true,"href":"https:\/\/cdnoticias.com\/index.php\/wp-json\/wp\/v2\/media\/60004"}],"wp:attachment":[{"href":"https:\/\/cdnoticias.com\/index.php\/wp-json\/wp\/v2\/media?parent=176348"}],"wp:term":[{"taxonomy":"category","embeddable":true,"href":"https:\/\/cdnoticias.com\/index.php\/wp-json\/wp\/v2\/categories?post=176348"},{"taxonomy":"post_tag","embeddable":true,"href":"https:\/\/cdnoticias.com\/index.php\/wp-json\/wp\/v2\/tags?post=176348"}],"curies":[{"name":"wp","href":"https:\/\/api.w.org\/{rel}","templated":true}]}}