{"id":176310,"date":"2025-07-08T16:31:58","date_gmt":"2025-07-08T19:31:58","guid":{"rendered":"https:\/\/cdnoticias.com\/?p=176310"},"modified":"2025-07-08T20:16:04","modified_gmt":"2025-07-08T23:16:04","slug":"villa-mailin-y-provincias-unidas-recibiran-una-nueva-edicion-de-barrio-por-barrio","status":"publish","type":"post","link":"https:\/\/cdnoticias.com\/index.php\/2025\/07\/08\/villa-mailin-y-provincias-unidas-recibiran-una-nueva-edicion-de-barrio-por-barrio\/","title":{"rendered":"Villa Mail\u00edn y Provincias Unidas recibir\u00e1n una nueva edici\u00f3n de \u201cBarrio por Barrio\u201d"},"content":{"rendered":"\n<p>Ser\u00e1 este jueves a partir de las 9:30 horas con punto de encuentro en Mendoza y Balcarce.&nbsp;<\/p>\n\n\n\n<hr class=\"wp-block-separator aligncenter has-alpha-channel-opacity\"\/>\n\n\n\n<p>Este <strong>jueves, \u201cBarrio por Barrio\u201d se desarrollar\u00e1 en Villa Mail\u00edn y Provincias Unidas.<\/strong> El programa municipal de abordaje territorial integral tendr\u00e1 como punto de encuentro el <strong>Servicio Territorial Municipal N\u00b0 6, ubicado en Mendoza y Balcarce.<\/strong><\/p>\n\n\n\n<p><\/p>\n\n\n\n<blockquote class=\"wp-block-quote is-layout-flow wp-block-quote-is-layout-flow\">\n<p>A partir de las 9:30 horas, se pondr\u00e1n a disposici\u00f3n distintas \u00e1reas municipales a trav\u00e9s de stands\u00a0 brindando los siguientes servicios:<\/p>\n<\/blockquote>\n\n\n\n<p><\/p>\n\n\n\n<ul class=\"wp-block-list\">\n<li>Asesoramiento m\u00e9dico y puesto de vacunaci\u00f3n.<\/li>\n<\/ul>\n\n\n\n<ul class=\"wp-block-list\">\n<li>Vacunaci\u00f3n canina y felina<\/li>\n<\/ul>\n\n\n\n<ul class=\"wp-block-list\">\n<li>Validaci\u00f3n de identidad app Mi Argentina<\/li>\n<\/ul>\n\n\n\n<ul class=\"wp-block-list\">\n<li>Asesoramiento e inscripci\u00f3n a los programas M\u00e1s Vida y PAAC (personas con celiaqu\u00eda)<\/li>\n<\/ul>\n\n\n\n<ul class=\"wp-block-list\">\n<li>Inscripci\u00f3n a Maternales, Centros de D\u00eda, Envi\u00f3n y Callejeadas<\/li>\n<\/ul>\n\n\n\n<ul class=\"wp-block-list\">\n<li>Atenci\u00f3n de las oficinas de Defensa del Consumidor, Relaciones Vecinales, Casa de Tierras y Regularizaci\u00f3n Dominial, Desarrollo Social, mujeres, G\u00e9neros y Diversidades y Empleo.<\/li>\n<\/ul>\n\n\n\n<p><\/p>\n\n\n\n<p>A su vez, como ya es caracter\u00edstico de cada jornada de \u201cBarrio por Barrio\u201d,<strong> se desplegar\u00e1 un dispositivo puerta a puerta en el que se dialogar\u00e1 con vecinos y vecinas para conocer sus inquietudes y necesidades<\/strong>, las cuales ser\u00e1n remitidas a las \u00e1reas municipales correspondientes.\u00a0<\/p>\n\n\n\n<p><\/p>\n\n\n\n<blockquote class=\"wp-block-quote is-layout-flow wp-block-quote-is-layout-flow\">\n<p>Asimismo se brindar\u00e1 informaci\u00f3n de inter\u00e9s, v\u00edas de comunicaci\u00f3n, entre otros. En paralelo, se realizar\u00e1n distintas tareas de limpieza y mantenimiento de espacios p\u00fablicos y se trabajar\u00e1 de manera simult\u00e1nea y complementaria con personal de empresas que brindan servicios para el Municipio, como Coopelectric y Transportes Malvinas, para una respuesta integral.<\/p>\n<\/blockquote>\n\n\n\n<p><\/p>\n\n\n\n<p>Este tipo de jornadas territoriales plantean un abordaje integral, para lo cual se dispone de la participaci\u00f3n del Intendente y los funcionarios del gabinete, junto con personal de las distintas \u00e1reas de gesti\u00f3n municipal: <strong>Salud, Educaci\u00f3n, Protecci\u00f3n Ciudadana, Obras P\u00fablicas, Desarrollo de la Comunidad, Defensa al Consumidor, Asuntos Legales, <\/strong>entre otras \u00e1reas.<\/p>\n","protected":false},"excerpt":{"rendered":"<p>Ser\u00e1 este jueves a partir de las 9:30 horas con punto de encuentro en Mendoza y Balcarce.&nbsp; Este jueves, \u201cBarrio<\/p>\n","protected":false},"author":6,"featured_media":165240,"comment_status":"closed","ping_status":"closed","sticky":false,"template":"","format":"standard","meta":{"_jetpack_memberships_contains_paid_content":false,"footnotes":""},"categories":[5,1],"tags":[],"class_list":["post-176310","post","type-post","status-publish","format-standard","has-post-thumbnail","hentry","category-informacion-general","category-portada"],"jetpack_featured_media_url":"https:\/\/i0.wp.com\/cdnoticias.com\/wp-content\/uploads\/2025\/02\/Barrio-x-barrio-2.jpeg?fit=1600%2C1125&ssl=1","jetpack_sharing_enabled":true,"_links":{"self":[{"href":"https:\/\/cdnoticias.com\/index.php\/wp-json\/wp\/v2\/posts\/176310","targetHints":{"allow":["GET"]}}],"collection":[{"href":"https:\/\/cdnoticias.com\/index.php\/wp-json\/wp\/v2\/posts"}],"about":[{"href":"https:\/\/cdnoticias.com\/index.php\/wp-json\/wp\/v2\/types\/post"}],"author":[{"embeddable":true,"href":"https:\/\/cdnoticias.com\/index.php\/wp-json\/wp\/v2\/users\/6"}],"replies":[{"embeddable":true,"href":"https:\/\/cdnoticias.com\/index.php\/wp-json\/wp\/v2\/comments?post=176310"}],"version-history":[{"count":0,"href":"https:\/\/cdnoticias.com\/index.php\/wp-json\/wp\/v2\/posts\/176310\/revisions"}],"wp:featuredmedia":[{"embeddable":true,"href":"https:\/\/cdnoticias.com\/index.php\/wp-json\/wp\/v2\/media\/165240"}],"wp:attachment":[{"href":"https:\/\/cdnoticias.com\/index.php\/wp-json\/wp\/v2\/media?parent=176310"}],"wp:term":[{"taxonomy":"category","embeddable":true,"href":"https:\/\/cdnoticias.com\/index.php\/wp-json\/wp\/v2\/categories?post=176310"},{"taxonomy":"post_tag","embeddable":true,"href":"https:\/\/cdnoticias.com\/index.php\/wp-json\/wp\/v2\/tags?post=176310"}],"curies":[{"name":"wp","href":"https:\/\/api.w.org\/{rel}","templated":true}]}}