{"id":176308,"date":"2025-07-08T15:15:42","date_gmt":"2025-07-08T18:15:42","guid":{"rendered":"https:\/\/cdnoticias.com\/?p=176308"},"modified":"2025-07-08T15:15:44","modified_gmt":"2025-07-08T18:15:44","slug":"dora-haydee-boado-urbina-viuda-de-alderete-q-e-p-d","status":"publish","type":"post","link":"https:\/\/cdnoticias.com\/index.php\/2025\/07\/08\/dora-haydee-boado-urbina-viuda-de-alderete-q-e-p-d\/","title":{"rendered":"Dora Haydee Boado Urbina viuda de Alderete (Q.E.P.D.)"},"content":{"rendered":"<p>Falleci\u00f3 en Olavarr\u00eda el 8 de julio de 2025 a los 92 a\u00f1os. Sus hijos Germ\u00e1n, N\u00e9stor, Graciela, Ricardo, Luis y Gabriel; sus hijas pol\u00edticas; sus nietos; sus nietos pol\u00edticos; sus bisnietos y dem\u00e1s deudos participan su fallecimiento.<\/p>\n<p>Sus restos ser\u00e1n inhumados en el Cementerio Loma de Paz este mi\u00e9rcoles 9 de julio de 2025 a las 10:30 horas. Servicio adherido a Coopelectric.<\/p>\n<p>Nacida en General La Madrid, vecina de barrio Independencia, jubilada y pensionada.<\/p>\n","protected":false},"excerpt":{"rendered":"<p>Falleci\u00f3 en Olavarr\u00eda el 8 de julio de 2025 a los 92 a\u00f1os. Sus hijos Germ\u00e1n, N\u00e9stor, Graciela, Ricardo, Luis<\/p>\n","protected":false},"author":4,"featured_media":51544,"comment_status":"closed","ping_status":"closed","sticky":false,"template":"","format":"standard","meta":{"_jetpack_memberships_contains_paid_content":false,"footnotes":""},"categories":[10],"tags":[],"class_list":["post-176308","post","type-post","status-publish","format-standard","has-post-thumbnail","hentry","category-necrologicas"],"jetpack_featured_media_url":"https:\/\/i0.wp.com\/cdnoticias.com\/wp-content\/uploads\/2022\/04\/necrologicas-390-x-240.jpg?fit=390%2C240&ssl=1","jetpack_sharing_enabled":true,"_links":{"self":[{"href":"https:\/\/cdnoticias.com\/index.php\/wp-json\/wp\/v2\/posts\/176308","targetHints":{"allow":["GET"]}}],"collection":[{"href":"https:\/\/cdnoticias.com\/index.php\/wp-json\/wp\/v2\/posts"}],"about":[{"href":"https:\/\/cdnoticias.com\/index.php\/wp-json\/wp\/v2\/types\/post"}],"author":[{"embeddable":true,"href":"https:\/\/cdnoticias.com\/index.php\/wp-json\/wp\/v2\/users\/4"}],"replies":[{"embeddable":true,"href":"https:\/\/cdnoticias.com\/index.php\/wp-json\/wp\/v2\/comments?post=176308"}],"version-history":[{"count":0,"href":"https:\/\/cdnoticias.com\/index.php\/wp-json\/wp\/v2\/posts\/176308\/revisions"}],"wp:featuredmedia":[{"embeddable":true,"href":"https:\/\/cdnoticias.com\/index.php\/wp-json\/wp\/v2\/media\/51544"}],"wp:attachment":[{"href":"https:\/\/cdnoticias.com\/index.php\/wp-json\/wp\/v2\/media?parent=176308"}],"wp:term":[{"taxonomy":"category","embeddable":true,"href":"https:\/\/cdnoticias.com\/index.php\/wp-json\/wp\/v2\/categories?post=176308"},{"taxonomy":"post_tag","embeddable":true,"href":"https:\/\/cdnoticias.com\/index.php\/wp-json\/wp\/v2\/tags?post=176308"}],"curies":[{"name":"wp","href":"https:\/\/api.w.org\/{rel}","templated":true}]}}