{"id":176306,"date":"2025-07-08T18:33:41","date_gmt":"2025-07-08T21:33:41","guid":{"rendered":"https:\/\/cdnoticias.com\/?p=176306"},"modified":"2025-07-08T20:37:12","modified_gmt":"2025-07-08T23:37:12","slug":"cierre-de-alianzas-desde-el-radicalismo-vamos-a-ir-por-una-linea-del-medio","status":"publish","type":"post","link":"https:\/\/cdnoticias.com\/index.php\/2025\/07\/08\/cierre-de-alianzas-desde-el-radicalismo-vamos-a-ir-por-una-linea-del-medio\/","title":{"rendered":"Cierre de alianzas: \u201cdesde el radicalismo vamos a ir por una l\u00ednea del medio\u201d"},"content":{"rendered":"<p>\u00a0<\/p>\n<p>Lo dijo la presidenta de UCR Olavarr\u00eda, Bel\u00e9n Vergel. \u201cNo tenemos nada que ver con ning\u00fan espacio de los que fueron gobierno y ni siquiera de los que est\u00e1n actualmente\u201d plante\u00f3 sobre la visi\u00f3n radical.<!--more--><\/p>\n<hr \/>\n<p>Este mi\u00e9rcoles por la noche<strong> cerrar\u00e1 el plazo de inscripci\u00f3n de alianzas<\/strong> de partidos para las <strong>elecciones legislativas de la provincia de Buenos Aires<\/strong> que se celebrar\u00e1n el pr\u00f3ximo 7 de septiembre. Sobre el tema, <strong>Central de Noticias<\/strong> habl\u00f3 con la<strong> presidenta la UCR de Olavarr\u00eda, Bel\u00e9n Vergel<\/strong> quien dio a conocer la actualidad del radicalismo.<\/p>\n<p>\u00a0<\/p>\n<p><a href=\"https:\/\/cdnoticias.com\/index.php\/2025\/07\/06\/la-obra-publica-en-las-puertas-del-inicio-de-la-campana\/\" target=\"_blank\" rel=\"noopener\">Tal como se adelant\u00f3<\/a>, <strong>la intenci\u00f3n del partido es un cierre en soledad<\/strong>. Vergel cont\u00f3 sobre las <strong>consultas que impuls\u00f3 el comit\u00e9 provincia<\/strong> con los distritos y el<strong> di\u00e1logo con sectores \u201cafines\u201d, la Coalici\u00f3n C\u00edvica y el GEN<\/strong>. <em>\u201cNo tenemos nada que ver con ning\u00fan espacio de los que fueron gobierno y ni siquiera de los que est\u00e1n actualmente\u201d<\/em> subray\u00f3 para explicar la definici\u00f3n de <strong>no sumarse a las dos grandes alianzas ya avanzadas en su conformaci\u00f3n<\/strong>, el PRO con la LLA por un lado, y el peronismo por el otro.<\/p>\n<p>\u00a0<\/p>\n<p>Vergel subray\u00f3 la importancia de tener en cuenta lo que se define en estas elecciones <strong>\u2013\u201cvamos a elegir concejales\u201d<\/strong> dijo- para apuntar a que <strong>\u201ces necesario que hablemos de qu\u00e9 clase de Olavarr\u00eda queremos y qu\u00e9 nos merecemos como olavarrienses. El Concejo Deliberante cumple un rol fundamental en lo que es control\u201d<\/strong>. En ese marco, valor\u00f3 la labor de los dos concejales con los que actualmente cuenta la UCR en el Concejo local: <em>\u201chan demostrado estar cerca de lo que cada uno de los olavarrienses ha pedido, de lo que cada uno de los olavarrienses le ha pasado en la diaria y que est\u00e1n esperando una respuesta\u201d<\/em> se\u00f1al\u00f3 sobre la labor de Sebasti\u00e1n Matrella y Francisco Gonz\u00e1lez.<\/p>\n<p>\u00a0<\/p>\n<p>En su mirada del panorama local, la titular de UCR dej\u00f3 <strong>cr\u00edticas el\u00edpticas para otros sectores opositores y tambi\u00e9n puntuales para la actual gesti\u00f3n municipal<\/strong>. <strong>\u201cLa cr\u00edtica por la cr\u00edtica misma ya sabemos que no suma<\/strong>, solamente te sirve para salir en alg\u00fan portal como t\u00edtulo\u201d dijo sin referencias directas. <strong>\u201c\u00bfQu\u00e9 m\u00e1s vamos a vender para decir que los n\u00fameros cierran?<\/strong> No es solamente tratar de llegar al gobierno y sacarte fotos por los barrios\u201d lanz\u00f3 para el oficialismo.<\/p>\n<p>\u00a0<\/p>\n<p><img data-recalc-dims=\"1\" loading=\"lazy\" decoding=\"async\" class=\"alignnone size-large wp-image-132547 aligncenter\" src=\"https:\/\/i0.wp.com\/cdnoticias.com\/wp-content\/uploads\/2024\/12\/ucr-asuncion-vergel5.jpg?resize=800%2C445&#038;ssl=1\" alt=\"\" width=\"800\" height=\"445\" srcset=\"https:\/\/i0.wp.com\/cdnoticias.com\/wp-content\/uploads\/2024\/12\/ucr-asuncion-vergel5.jpg?resize=1024%2C570&amp;ssl=1 1024w, https:\/\/i0.wp.com\/cdnoticias.com\/wp-content\/uploads\/2024\/12\/ucr-asuncion-vergel5.jpg?resize=300%2C167&amp;ssl=1 300w, https:\/\/i0.wp.com\/cdnoticias.com\/wp-content\/uploads\/2024\/12\/ucr-asuncion-vergel5.jpg?resize=768%2C428&amp;ssl=1 768w, https:\/\/i0.wp.com\/cdnoticias.com\/wp-content\/uploads\/2024\/12\/ucr-asuncion-vergel5.jpg?resize=800%2C445&amp;ssl=1 800w, https:\/\/i0.wp.com\/cdnoticias.com\/wp-content\/uploads\/2024\/12\/ucr-asuncion-vergel5.jpg?w=1072&amp;ssl=1 1072w\" sizes=\"auto, (max-width: 800px) 100vw, 800px\" \/><\/p>\n<p>\u00a0<\/p>\n<h3>\u201cEl centro\u201d<\/h3>\n<p>\u00a0<\/p>\n<p><em>-\u00bfCu\u00e1l es la previsi\u00f3n de la UCR para este cierre de listas?<\/em><\/p>\n<p>\u00a0<\/p>\n<blockquote>\n<p>Todav\u00eda no tenemos claramente qu\u00e9 se va a hacer a nivel provincia, pero s\u00ed sabemos que desde el radicalismo vamos a ir por una l\u00ednea del medio, m\u00e1s del centro. Nada que ver con lo que est\u00e1 planteado en lo que vienen a ser extremos, como La Libertad Avanza y el acuerdo que tiene con el PRO. Y lejos tambi\u00e9n de lo que tiene que ver con el kirchnerismo. Desde el radicalismo estamos convocando a sumar a voluntades que tengan afinidad con principios y valores que hacen a nosotros y a la manera de trabajar y de llevar adelante la cosa p\u00fablica.<\/p>\n<\/blockquote>\n<p>\u00a0<\/p>\n<p><em>-\u00bfHubo consultas desde la UCR provincia con cada secci\u00f3n y distrito? \u00bfC\u00f3mo surgi\u00f3 esta decisi\u00f3n de ir por esta l\u00ednea m\u00e1s del medio?<\/em><\/p>\n<p>\u00a0<\/p>\n<p>Tuvimos<strong> reuniones a trav\u00e9s de Zoom<\/strong> con cada una de las secciones de la provincia de Buenos Aires, escuchando cu\u00e1l es la realidad y viendo cu\u00e1les son las necesidades que tiene cada comit\u00e9 de distrito a fin de que la decisi\u00f3n salga desde abajo hacia arriba. Eso fue lo que se intent\u00f3 hacer desde el comit\u00e9 provincia, lo cual valoro y me parece important\u00edsimo porque <strong>es muy dispar la provincia de Buenos Aire<\/strong>s, tenemos 135 distritos y obviamente que en cada lugar las realidades difieren. Difieren de hecho de ac\u00e1 a 100 kil\u00f3metros.<\/p>\n<p>\u00a0<\/p>\n<p><em>-\u00bfDesde Olavarr\u00eda y desde la S\u00e9ptima se sostuvo esta postura? \u00bfO era otra y qued\u00f3 por mayor\u00eda ir por el centro?<\/em><\/p>\n<p>\u00a0<\/p>\n<p>En estos momentos <strong>nosotros no tenemos nada que ver con ning\u00fan espacio de los que fueron gobierno y ni siquiera de los que est\u00e1n actualmente en el gobierno<\/strong>. As\u00ed que como no tenemos puntos de encuentro, <strong>no se pens\u00f3 en ning\u00fan momento tampoco en alg\u00fan tipo de alianzas<\/strong>. Para poder llevar adelante una campa\u00f1a, para poder trabajar, ten\u00e9s que m\u00ednimamente consensuar en modos y formas. Y <strong>no coincidimos en c\u00f3mo se est\u00e1n haciendo las cosas a nivel nacional y menos provincial<\/strong>.<\/p>\n<p>\u00a0<\/p>\n<p><em>-Dijiste que est\u00e1n convocando a sectores con los que compartan principios. \u00bfHay alg\u00fan sector con el que ya se dialogue?<\/em><\/p>\n<p>\u00a0<\/p>\n<p><strong>Tenemos que hablar con Coalici\u00f3n C\u00edvica, con el GEN<\/strong> que son espacios muy afines al radicalismo. Vamos a esperar a que pase el cierre del mi\u00e9rcoles para luego hacer esta <strong>convocatoria mucho m\u00e1s amplia a que nos sumemos a trabajar en lo legislativo local<\/strong>. Porque creo que es tambi\u00e9n importante no perder de vista qu\u00e9 es lo que se va a elegir en estas elecciones. <strong>En estas elecciones vamos a elegir concejales<\/strong>, entonces tenemos que trabajar, <strong>qui\u00e9nes queremos que ejerzan ese rol y tambi\u00e9n quienes van a tener el control del gobierno municipal<\/strong> en lo que va a quedar de esta gesti\u00f3n.<\/p>\n<p>\u00a0<\/p>\n<p><img data-recalc-dims=\"1\" loading=\"lazy\" decoding=\"async\" class=\"alignnone size-large wp-image-90660 aligncenter\" src=\"https:\/\/i0.wp.com\/cdnoticias.com\/wp-content\/uploads\/2023\/07\/vergel-pan1.jpg?resize=800%2C445&#038;ssl=1\" alt=\"\" width=\"800\" height=\"445\" srcset=\"https:\/\/i0.wp.com\/cdnoticias.com\/wp-content\/uploads\/2023\/07\/vergel-pan1.jpg?resize=1024%2C570&amp;ssl=1 1024w, https:\/\/i0.wp.com\/cdnoticias.com\/wp-content\/uploads\/2023\/07\/vergel-pan1.jpg?resize=300%2C167&amp;ssl=1 300w, https:\/\/i0.wp.com\/cdnoticias.com\/wp-content\/uploads\/2023\/07\/vergel-pan1.jpg?resize=768%2C427&amp;ssl=1 768w, https:\/\/i0.wp.com\/cdnoticias.com\/wp-content\/uploads\/2023\/07\/vergel-pan1.jpg?resize=800%2C445&amp;ssl=1 800w, https:\/\/i0.wp.com\/cdnoticias.com\/wp-content\/uploads\/2023\/07\/vergel-pan1.jpg?w=1152&amp;ssl=1 1152w\" sizes=\"auto, (max-width: 800px) 100vw, 800px\" \/><\/p>\n<p>\u00a0<\/p>\n<p><em>-A nivel local se hablaba de un contacto entre UCR y el sector de Mario Cura. \u00bfFue real? \u00bfHubo alg\u00fan tipo de contacto? \u00bfLo hay en este momento?<\/em><\/p>\n<p>\u00a0<\/p>\n<p><strong>En este momento no. S\u00ed te puedo decir que el partido siempre tiene di\u00e1logos con todos los espacios<\/strong>, porque en el Concejo Deliberante se han trabajado proyectos donde involucran a un mont\u00f3n de actores y siempre ten\u00e9s que tener el di\u00e1logo que corresponde. En estos momentos, nada para lo que es conformaci\u00f3n de lo que viene. Por lo que dije, <strong>hay que esperar un poco m\u00e1s a ver c\u00f3mo quedan los frentes conformados<\/strong>. Los di\u00e1logos siempre est\u00e1n porque somos un partido de di\u00e1logo y creo que <strong>no es momento de encerrarse en posturas que no construyan<\/strong>.<\/p>\n<p>\u00a0<\/p>\n<p><em>-Dijiste que est\u00e1n lejos de estos dos grandes sectores que hasta ahora se han definido para las elecciones, el sector oficialista nacional y el sector oficialista provincial. M\u00e1s all\u00e1 de decir, \u201cvamos por el centro\u201d, \u00bfc\u00f3mo defin\u00eds esta postura que ha tomado la UCR y c\u00f3mo defin\u00eds a los otros dos sectores?<\/em><\/p>\n<p>\u00a0<\/p>\n<blockquote>\n<p>Es lo viejo, lo cual no queremos y estamos muy seguros de que es lo que ha dejado la Argentina en esta decadencia absoluta en varios aspectos. Ni tampoco lo nuevo que est\u00e1 llevado de los pelos y a los gritos, que no es la manera de trabajar del radicalismo. Nosotros somos un partido que desde las bases, desde el nacimiento siempre fue de di\u00e1logo, consenso. Este gobierno est\u00e1 replicando pr\u00e1cticas que nada tienen que ver con nosotros y que tambi\u00e9n en algunos puntos nos reflejan a lo que fue. Entonces, obviamente que no podemos pensar en construir o llevar adelante la voz desde ese lugar.<\/p>\n<\/blockquote>\n<p>\u00a0<\/p>\n<h3>La campa\u00f1a en Olavarr\u00eda<\/h3>\n<p>\u00a0<\/p>\n<p><em>-Pensando m\u00e1s en lo concreto de la campa\u00f1a y en esto que dijiste de que hay que tener en cuenta lo que se va a elegir, \u00bfc\u00f3mo pens\u00e1s que va a ser la campa\u00f1a a nivel local? El Municipio la semana pasada present\u00f3 <a href=\"https:\/\/cdnoticias.com\/index.php\/2025\/07\/04\/economia-de-olavarria-la-situacion-actual-por-decisiones-que-se-toman-a-nivel-nacional-son-sumamente-negativas\/\" target=\"_blank\" rel=\"noopener\">indicadores econ\u00f3micos<\/a> y ahora se conoci\u00f3 el cierre de <a href=\"https:\/\/cdnoticias.com\/index.php\/2025\/07\/07\/situacion-economica-financiera-el-municipio-informo-1500-millones-de-pesos-de-deficit\/\" target=\"_blank\" rel=\"noopener\">balance semestral deficitario<\/a>. \u00bfEstos datos van a tener impacto en la discusi\u00f3n local de las elecciones?<\/em><\/p>\n<p>\u00a0<\/p>\n<p>Yo creo que lo deber\u00eda de tener. <strong>En lo personal creo que es necesario que hablemos de qu\u00e9 clase de Olavarr\u00eda queremos y qu\u00e9 nos merecemos como olavarrienses.<\/strong> El Concejo Deliberante cumple un rol fundamental en lo que es control. Entonces, cuando vamos a elegir tenemos muestra ya en el Concejo de c\u00f3mo se lleva adelante por los distintos espacios el trabajo de los concejales. Y en esa imagen que te pod\u00e9s llevar en una sesi\u00f3n, de <strong>cu\u00e1les son los concejales que realmente han estudiado los proyectos, que buscan una fundamentaci\u00f3n, que no vienen a criticar por la cr\u00edtica misma, sino que la cr\u00edtica viene siempre acompa\u00f1ada de un proyecto<\/strong> superador o un proyecto que piensa c\u00f3mo resolver una determinada problem\u00e1tica.<\/p>\n<p>\u00a0<\/p>\n<blockquote>\n<p>Me parece que es lo que se ha hecho y sirve como una peque\u00f1a muestra de c\u00f3mo pretendemos que se siga trabajando. Me parece que los concejales nuestros han demostrado estar cerca de lo que cada uno de los olavarrienses ha pedido, de lo que cada uno de los olavarrienses le ha pasado en la diaria y que est\u00e1n esperando una respuesta. Siempre desde la positiva, porque criticar es f\u00e1cil. La cr\u00edtica por la cr\u00edtica misma ya sabemos que no suma, solamente te sirve para salir en alg\u00fan portal como t\u00edtulo. Pero, \u00bfqu\u00e9 propones? \u00bfCu\u00e1les son tus ideas? \u00bfPor d\u00f3nde queres que pase Olavarr\u00eda en los pr\u00f3ximos a\u00f1os? \u00bfC\u00f3mo la pens\u00e1s? \u00bfC\u00f3mo la planific\u00e1s?<\/p>\n<\/blockquote>\n<p>\u00a0<\/p>\n<p><img data-recalc-dims=\"1\" loading=\"lazy\" decoding=\"async\" class=\"alignnone size-full wp-image-130333 aligncenter\" src=\"https:\/\/i0.wp.com\/cdnoticias.com\/wp-content\/uploads\/2024\/11\/ucr-hcd-sesion16-ludopatia-escuela-rural2.jpg?resize=800%2C470&#038;ssl=1\" alt=\"\" width=\"800\" height=\"470\" srcset=\"https:\/\/i0.wp.com\/cdnoticias.com\/wp-content\/uploads\/2024\/11\/ucr-hcd-sesion16-ludopatia-escuela-rural2.jpg?w=900&amp;ssl=1 900w, https:\/\/i0.wp.com\/cdnoticias.com\/wp-content\/uploads\/2024\/11\/ucr-hcd-sesion16-ludopatia-escuela-rural2.jpg?resize=300%2C176&amp;ssl=1 300w, https:\/\/i0.wp.com\/cdnoticias.com\/wp-content\/uploads\/2024\/11\/ucr-hcd-sesion16-ludopatia-escuela-rural2.jpg?resize=768%2C451&amp;ssl=1 768w\" sizes=\"auto, (max-width: 800px) 100vw, 800px\" \/><\/p>\n<p>\u00a0<\/p>\n<p><em>&#8211; \u00bfQu\u00e9 ve la UCR de esta situaci\u00f3n del Municipio?<\/em><\/p>\n<p>\u00a0<\/p>\n<blockquote>\n<p>Vimos la \u00faltima rendici\u00f3n de cuentas, c\u00f3mo se disfraz\u00f3 la realidad que estaba atravesando Olavarr\u00eda y me encantar\u00eda saber c\u00f3mo van a ser para disfrazar la que viene, porque f\u00edjate c\u00f3mo se est\u00e1n dando los n\u00fameros actualmente. O sea, \u00bfqu\u00e9 m\u00e1s vamos a vender para decir que los n\u00fameros cierran? No es solamente tratar de llegar al gobierno y sacarte fotos por los barrios, es tambi\u00e9n saber gestionar. Y los fondos son los fondos de los olavarrienses y el destino de Olavarr\u00eda es el que est\u00e1 en juego.<\/p>\n<\/blockquote>\n<p>\u00a0<\/p>\n<p><em>&#8211; \u00bfQu\u00e9 margen de acci\u00f3n tienen los concejales en un panorama como este, qu\u00e9 margen de acci\u00f3n tiene una bancada opositora como la que encabezan ustedes?<\/em><\/p>\n<p>\u00a0<\/p>\n<p>La de control, la de pedir informes, la de solicitar que se aclaren determinados hechos o comportamientos, la de pedir transparencia, la de pedir que se conozca a trav\u00e9s de los portales oficiales del municipio los decretos, pero no de dos meses atr\u00e1s sino los que salieron la semana pasada, porque ese es el rol del concejal. Poder <strong>estudiar, evaluar y sobre todo controlar<\/strong> para que lo que se dice que se va a destinar a un determinado fondo o a un determinado fin, se cumpla. Ah\u00ed es donde hay que<strong> alzar la voz, hay que estar despierto en la diaria trabajando todos los d\u00edas<\/strong>. Me parece que desde ese lugar, <strong>nosotros desde el radicalismo hemos llevado esa tarea con much\u00edsima responsabilidad<\/strong>. Creo que desde ese espacio es donde tenemos que seguir creciendo y seguir trabajando.<\/p>\n<p>\u00a0<\/p>\n<p><em>-\u00bfQuer\u00e9s agregar algo m\u00e1s?<\/em><\/p>\n<p>\u00a0<\/p>\n<p>Vamos a esperar las definiciones que van a surgir en el transcurso entre lo que queda de hoy y ma\u00f1ana. Eso nos van a aclarar un mont\u00f3n el panorama para saber c\u00f3mo queda el radicalismo y c\u00f3mo son los frentes, c\u00f3mo se van a conformar. Desde ah\u00ed, nosotros como espacio, <strong>tendremos las puertas abiertas a trabajar con todos aquellos que piensen y quieran llevar adelante las cosas como lo venimos haciendo<\/strong>, que creo que es lo que corresponde, con la responsabilidad y el compromiso que se merece cada uno de los votantes cuando eligen qu\u00e9 tipo de Concejo Deliberante quiere.<\/p>\n\n\n<p><\/p>\n","protected":false},"excerpt":{"rendered":"<p>\u00a0 Lo dijo la presidenta de UCR Olavarr\u00eda, Bel\u00e9n Vergel. \u201cNo tenemos nada que ver con ning\u00fan espacio de los<\/p>\n","protected":false},"author":4,"featured_media":100292,"comment_status":"closed","ping_status":"closed","sticky":false,"template":"","format":"standard","meta":{"_jetpack_memberships_contains_paid_content":false,"footnotes":""},"categories":[4,1],"tags":[],"class_list":["post-176306","post","type-post","status-publish","format-standard","has-post-thumbnail","hentry","category-politica","category-portada"],"jetpack_featured_media_url":"https:\/\/i0.wp.com\/cdnoticias.com\/wp-content\/uploads\/2023\/10\/vergel-belen-03.jpg?fit=800%2C445&ssl=1","jetpack_sharing_enabled":true,"_links":{"self":[{"href":"https:\/\/cdnoticias.com\/index.php\/wp-json\/wp\/v2\/posts\/176306","targetHints":{"allow":["GET"]}}],"collection":[{"href":"https:\/\/cdnoticias.com\/index.php\/wp-json\/wp\/v2\/posts"}],"about":[{"href":"https:\/\/cdnoticias.com\/index.php\/wp-json\/wp\/v2\/types\/post"}],"author":[{"embeddable":true,"href":"https:\/\/cdnoticias.com\/index.php\/wp-json\/wp\/v2\/users\/4"}],"replies":[{"embeddable":true,"href":"https:\/\/cdnoticias.com\/index.php\/wp-json\/wp\/v2\/comments?post=176306"}],"version-history":[{"count":0,"href":"https:\/\/cdnoticias.com\/index.php\/wp-json\/wp\/v2\/posts\/176306\/revisions"}],"wp:featuredmedia":[{"embeddable":true,"href":"https:\/\/cdnoticias.com\/index.php\/wp-json\/wp\/v2\/media\/100292"}],"wp:attachment":[{"href":"https:\/\/cdnoticias.com\/index.php\/wp-json\/wp\/v2\/media?parent=176306"}],"wp:term":[{"taxonomy":"category","embeddable":true,"href":"https:\/\/cdnoticias.com\/index.php\/wp-json\/wp\/v2\/categories?post=176306"},{"taxonomy":"post_tag","embeddable":true,"href":"https:\/\/cdnoticias.com\/index.php\/wp-json\/wp\/v2\/tags?post=176306"}],"curies":[{"name":"wp","href":"https:\/\/api.w.org\/{rel}","templated":true}]}}