{"id":176283,"date":"2025-07-08T10:02:13","date_gmt":"2025-07-08T13:02:13","guid":{"rendered":"https:\/\/cdnoticias.com\/?p=176283"},"modified":"2025-07-08T12:15:57","modified_gmt":"2025-07-08T15:15:57","slug":"con-tendencia-anual-positiva-los-despachos-de-cemento-se-mantuvieron-en-junio","status":"publish","type":"post","link":"https:\/\/cdnoticias.com\/index.php\/2025\/07\/08\/con-tendencia-anual-positiva-los-despachos-de-cemento-se-mantuvieron-en-junio\/","title":{"rendered":"Con tendencia anual positiva, los despachos de cemento se mantuvieron en junio"},"content":{"rendered":"<p>Se despacharon casi 815 mil toneladas. Representa una baja de menos de 1% en comparaci\u00f3n con mayo y un incremento de 12% respecto de junio de 2024. El \u00cdndice Construya muestra recuperaci\u00f3n.<!--more--><\/p>\n<hr \/>\n<p>El <strong>movimiento<\/strong> de este 2025 de los<strong> despachos de cemento<\/strong> es <strong>positivo<\/strong> en la comparaci\u00f3n con el a\u00f1o anterior, <a href=\"https:\/\/cdnoticias.com\/index.php\/2025\/01\/07\/despachos-de-cemento-2024-dejo-los-peores-registros-en-15-anos\/\" target=\"_blank\" rel=\"noopener\">que el fue el peor en m\u00e1s de una d\u00e9cada<\/a>. Los registros de la <strong>Asociaci\u00f3n de Fabricantes de Cemento Portland (AFCP)<\/strong> muestran un <strong>aumento de 12,6% de los despachos acumulados<\/strong> que llegan a 4,8 millones de toneladas en los primeros seis meses del a\u00f1o. Aunque las cifras est\u00e1n <strong>lejos de los registros para el mismo per\u00edodo de 2020 a 2023<\/strong>.<\/p>\n<p>En paralelo, el<strong> \u00cdndice Construya<\/strong> mostr\u00f3 signos positivos con una <strong>recuperaci\u00f3n del 15,5%<\/strong> en el sexto mes del a\u00f1o.<\/p>\n<blockquote><p>En junio se despacharon 814.943 toneladas de cemento en el pa\u00eds, cifra que representa una baja de 0,9% respecto de los despachos del mes de mayo de este a\u00f1o y un incremento de 12% en la comparaci\u00f3n con junio de 2024.<\/p><\/blockquote>\n<p><strong>A lo largo de este 2025<\/strong> se evidencia una <strong>recuperaci\u00f3n del mercado del cemento<\/strong>, aunque los registros siguen bajos en la comparaci\u00f3n con a\u00f1os anteriores. El Municipio de Olavarr\u00eda emiti\u00f3 la semana pasada un<strong><a href=\"https:\/\/cdnoticias.com\/index.php\/2025\/07\/04\/economia-de-olavarria-la-situacion-actual-por-decisiones-que-se-toman-a-nivel-nacional-son-sumamente-negativas\/\" target=\"_blank\" rel=\"noopener\"> informe de indicadores econ\u00f3micos<\/a> que expone su preocupaci\u00f3n por este comportamiento<\/strong>, que atribuyen a la <strong>reducci\u00f3n casi a cero de la obra p\u00fablica nacional<\/strong>. Los impactos se evidencian en el movimiento econ\u00f3mico local y tambi\u00e9n en las <strong>arcas municipales, desde donde se detall\u00f3 <a href=\"https:\/\/cdnoticias.com\/index.php\/2025\/07\/07\/situacion-economica-financiera-el-municipio-informo-1500-millones-de-pesos-de-deficit\/\" target=\"_blank\" rel=\"noopener\">un cierre semestral deficitario<\/a><\/strong>.<\/p>\n<p><img data-recalc-dims=\"1\" loading=\"lazy\" decoding=\"async\" class=\"alignnone size-full wp-image-176285 aligncenter\" src=\"https:\/\/i0.wp.com\/cdnoticias.com\/wp-content\/uploads\/2025\/07\/despachos-de-cemento-junio-2025-a.jpg?resize=800%2C949&#038;ssl=1\" alt=\"\" width=\"800\" height=\"949\" srcset=\"https:\/\/i0.wp.com\/cdnoticias.com\/wp-content\/uploads\/2025\/07\/despachos-de-cemento-junio-2025-a.jpg?w=800&amp;ssl=1 800w, https:\/\/i0.wp.com\/cdnoticias.com\/wp-content\/uploads\/2025\/07\/despachos-de-cemento-junio-2025-a.jpg?resize=253%2C300&amp;ssl=1 253w, https:\/\/i0.wp.com\/cdnoticias.com\/wp-content\/uploads\/2025\/07\/despachos-de-cemento-junio-2025-a.jpg?resize=768%2C911&amp;ssl=1 768w\" sizes=\"auto, (max-width: 800px) 100vw, 800px\" \/><\/p>\n<h3>Construcci\u00f3n: aumento \u201cmuy gradual\u201d<\/h3>\n<p>En junio el <strong>\u00cdndice Construya (IC)<\/strong>, que mide la evoluci\u00f3n de los <strong>vol\u00famenes vendidos al sector privado de los productos para la construcci\u00f3n<\/strong> que fabrican las empresas que lo conforman, registr\u00f3 una <strong>recuperaci\u00f3n del 15,50% mensual desestacionalizada<\/strong>. En tanto, en la comparaci\u00f3n interanual, registr\u00f3 una suba de 14,4%.<\/p>\n<blockquote><p>De esta forma, el acumulado de enero-junio de 2025 cerr\u00f3 11,1% por encima del mismo per\u00edodo del a\u00f1o anterior.<\/p><\/blockquote>\n<p>\u201cA medida que transcurre el a\u00f1o, <strong>se consolida un proceso de recuperaci\u00f3n muy gradual de la demanda<\/strong> de insumos para obras residenciales. Y hacia adelante, <em>las perspectivas sectoriales est\u00e1n sujetas a la continuidad del proceso de estabilizaci\u00f3n macroecon\u00f3mico<\/em>\u201d, explicaron desde Construya.<\/p>\n<p>El \u00edndice mide la evoluci\u00f3n de los vol\u00famenes vendidos al sector privado de los productos para la construcci\u00f3n que fabrican las empresas l\u00edderes que conforman el Grupo Construya: ladrillos cer\u00e1micos, cemento portland, cal, aceros largos, carpinter\u00eda de aluminio, adhesivos y pastinas, pinturas impermeabilizantes, sanitarios, calderas y sistemas hogare\u00f1os y centrales de calefacci\u00f3n, grifer\u00eda y ca\u00f1os de conducci\u00f3n de agua, pisos y revestimientos cer\u00e1micos.<\/p>\n","protected":false},"excerpt":{"rendered":"<p>Se despacharon casi 815 mil toneladas. Representa una baja de menos de 1% en comparaci\u00f3n con mayo y un incremento<\/p>\n","protected":false},"author":4,"featured_media":176284,"comment_status":"closed","ping_status":"closed","sticky":false,"template":"","format":"standard","meta":{"_jetpack_memberships_contains_paid_content":false,"footnotes":""},"categories":[5,1],"tags":[],"class_list":["post-176283","post","type-post","status-publish","format-standard","has-post-thumbnail","hentry","category-informacion-general","category-portada"],"jetpack_featured_media_url":"https:\/\/i0.wp.com\/cdnoticias.com\/wp-content\/uploads\/2025\/07\/despachos-de-cemento-junio-2025.jpg?fit=1000%2C557&ssl=1","jetpack_sharing_enabled":true,"_links":{"self":[{"href":"https:\/\/cdnoticias.com\/index.php\/wp-json\/wp\/v2\/posts\/176283","targetHints":{"allow":["GET"]}}],"collection":[{"href":"https:\/\/cdnoticias.com\/index.php\/wp-json\/wp\/v2\/posts"}],"about":[{"href":"https:\/\/cdnoticias.com\/index.php\/wp-json\/wp\/v2\/types\/post"}],"author":[{"embeddable":true,"href":"https:\/\/cdnoticias.com\/index.php\/wp-json\/wp\/v2\/users\/4"}],"replies":[{"embeddable":true,"href":"https:\/\/cdnoticias.com\/index.php\/wp-json\/wp\/v2\/comments?post=176283"}],"version-history":[{"count":0,"href":"https:\/\/cdnoticias.com\/index.php\/wp-json\/wp\/v2\/posts\/176283\/revisions"}],"wp:featuredmedia":[{"embeddable":true,"href":"https:\/\/cdnoticias.com\/index.php\/wp-json\/wp\/v2\/media\/176284"}],"wp:attachment":[{"href":"https:\/\/cdnoticias.com\/index.php\/wp-json\/wp\/v2\/media?parent=176283"}],"wp:term":[{"taxonomy":"category","embeddable":true,"href":"https:\/\/cdnoticias.com\/index.php\/wp-json\/wp\/v2\/categories?post=176283"},{"taxonomy":"post_tag","embeddable":true,"href":"https:\/\/cdnoticias.com\/index.php\/wp-json\/wp\/v2\/tags?post=176283"}],"curies":[{"name":"wp","href":"https:\/\/api.w.org\/{rel}","templated":true}]}}