{"id":176279,"date":"2025-07-08T08:33:43","date_gmt":"2025-07-08T11:33:43","guid":{"rendered":"https:\/\/cdnoticias.com\/?p=176279"},"modified":"2025-07-09T17:03:25","modified_gmt":"2025-07-09T20:03:25","slug":"gran-parte-del-sector-este-de-la-ciudad-esta-sin-electricidad","status":"publish","type":"post","link":"https:\/\/cdnoticias.com\/index.php\/2025\/07\/08\/gran-parte-del-sector-este-de-la-ciudad-esta-sin-electricidad\/","title":{"rendered":"Gran parte del sector este de la ciudad est\u00e1 sin electricidad"},"content":{"rendered":"<p>Coopelectric inform\u00f3 que la falla en el servicio se produjo a las 5 de la ma\u00f1ana y que se trabaja en la reparaci\u00f3n.<!--more--><\/p>\n<hr \/>\n<p><strong>Coopelectric<\/strong> inform\u00f3 que gran parte de los <strong>barrios ubicados en el sector este<\/strong> de la ciudad de Olavarr\u00eda est\u00e1n<strong> sin suministro el\u00e9ctrico<\/strong>.<\/p>\n<p><strong>\u201cA las 5 am se registr\u00f3 la salida de servicio de la L\u00ednea de Media Tensi\u00f3n N\u00b0 1<\/strong>. El personal de Coopelectric <strong>aisl\u00f3 la falla y logr\u00f3 restituir el suministro<\/strong> en parte de la zona afectada\u201d indic\u00f3 la cooperativa.<\/p>\n<blockquote><p>En ese sentido, se destac\u00f3 que \u201cluego se iniciaron las tareas de reparaci\u00f3n de la l\u00ednea averiada, por lo que a\u00fan se encuentra interrumpido el servicio en los barrios Carlos Pellegrini, C.E.C.O. II, UOCRA, Jard\u00edn, San Carlos, UTA, SCAC, UOCRA II y parte del barrio Hip\u00f3lito Yrigoyen\u201d.<\/p><\/blockquote>\n","protected":false},"excerpt":{"rendered":"<p>Coopelectric inform\u00f3 que la falla en el servicio se produjo a las 5 de la ma\u00f1ana y que se trabaja<\/p>\n","protected":false},"author":4,"featured_media":134720,"comment_status":"closed","ping_status":"closed","sticky":false,"template":"","format":"standard","meta":{"_jetpack_memberships_contains_paid_content":false,"footnotes":""},"categories":[5,1],"tags":[],"class_list":["post-176279","post","type-post","status-publish","format-standard","has-post-thumbnail","hentry","category-informacion-general","category-portada"],"jetpack_featured_media_url":"https:\/\/i0.wp.com\/cdnoticias.com\/wp-content\/uploads\/2025\/01\/corte-programado-coopelectric4.jpg?fit=1072%2C597&ssl=1","jetpack_sharing_enabled":true,"_links":{"self":[{"href":"https:\/\/cdnoticias.com\/index.php\/wp-json\/wp\/v2\/posts\/176279","targetHints":{"allow":["GET"]}}],"collection":[{"href":"https:\/\/cdnoticias.com\/index.php\/wp-json\/wp\/v2\/posts"}],"about":[{"href":"https:\/\/cdnoticias.com\/index.php\/wp-json\/wp\/v2\/types\/post"}],"author":[{"embeddable":true,"href":"https:\/\/cdnoticias.com\/index.php\/wp-json\/wp\/v2\/users\/4"}],"replies":[{"embeddable":true,"href":"https:\/\/cdnoticias.com\/index.php\/wp-json\/wp\/v2\/comments?post=176279"}],"version-history":[{"count":0,"href":"https:\/\/cdnoticias.com\/index.php\/wp-json\/wp\/v2\/posts\/176279\/revisions"}],"wp:featuredmedia":[{"embeddable":true,"href":"https:\/\/cdnoticias.com\/index.php\/wp-json\/wp\/v2\/media\/134720"}],"wp:attachment":[{"href":"https:\/\/cdnoticias.com\/index.php\/wp-json\/wp\/v2\/media?parent=176279"}],"wp:term":[{"taxonomy":"category","embeddable":true,"href":"https:\/\/cdnoticias.com\/index.php\/wp-json\/wp\/v2\/categories?post=176279"},{"taxonomy":"post_tag","embeddable":true,"href":"https:\/\/cdnoticias.com\/index.php\/wp-json\/wp\/v2\/tags?post=176279"}],"curies":[{"name":"wp","href":"https:\/\/api.w.org\/{rel}","templated":true}]}}