{"id":176253,"date":"2025-07-08T08:26:48","date_gmt":"2025-07-08T11:26:48","guid":{"rendered":"https:\/\/cdnoticias.com\/?p=176253"},"modified":"2025-07-08T10:49:20","modified_gmt":"2025-07-08T13:49:20","slug":"culminaron-las-diversas-obras-del-centro-de-dia-municipal-no-2","status":"publish","type":"post","link":"https:\/\/cdnoticias.com\/index.php\/2025\/07\/08\/culminaron-las-diversas-obras-del-centro-de-dia-municipal-no-2\/","title":{"rendered":"Culminaron las diversas obras del Centro de D\u00eda Municipal N\u00ba 2"},"content":{"rendered":"\n<p>Esta iniciativa se enmarca en el compromiso de fortalecer la infraestructura de los espacios destinados a la infancia y adolescencia, garantizando entornos de calidad para el desarrollo integral de ni\u00f1as, ni\u00f1os y adolescentes.<\/p>\n\n\n\n<hr class=\"wp-block-separator aligncenter has-alpha-channel-opacity\"\/>\n\n\n\n<p>En el marco del <strong>Plan de Reacondicionamiento Edilicio Municipal 2025<\/strong>, el intendente Maximiliano Wesner visit\u00f3 las instalaciones del <strong>Centro de D\u00eda N.\u00ba 2, <\/strong>donde recientemente <strong>culminaron diversas tareas de puesta en valor del edificio<\/strong> ubicado sobre la avenida Hermanos Emiliozzi.<\/p>\n\n\n\n<p><\/p>\n\n\n\n<p>Asimismo, los trabajos en el lugar avanzar\u00e1n pr\u00f3ximamente sobre otros ambientes y espacios. La intervenci\u00f3n forma parte de una planificaci\u00f3n integral que contempla este a\u00f1o adem\u00e1s a otros dispositivos de la Direcci\u00f3n de Ni\u00f1eces y Adolescencias: el Centro de D\u00eda N\u00ba 5 y el Jard\u00edn Maternal \u201cRinc\u00f3n Feliz\u201d.<\/p>\n\n\n\n<p><\/p>\n\n\n\n<blockquote class=\"wp-block-quote is-layout-flow wp-block-quote-is-layout-flow\">\n<p>La obra en el Centro de D\u00eda 2 incluy\u00f3 la reparaci\u00f3n y reacondicionamiento total de la cocina, renovaci\u00f3n de mesadas, colocaci\u00f3n de revestimientos y soluci\u00f3n a los problemas de humedad presentes.<\/p>\n<\/blockquote>\n\n\n\n<p><\/p>\n\n\n\n<figure class=\"wp-block-image aligncenter size-full\"><img data-recalc-dims=\"1\" loading=\"lazy\" decoding=\"async\" width=\"800\" height=\"529\" src=\"https:\/\/i0.wp.com\/cdnoticias.com\/wp-content\/uploads\/2025\/07\/centro-de-dia-wesner-obras2.png?resize=800%2C529&#038;ssl=1\" alt=\"\" class=\"wp-image-176255\" srcset=\"https:\/\/i0.wp.com\/cdnoticias.com\/wp-content\/uploads\/2025\/07\/centro-de-dia-wesner-obras2.png?w=897&amp;ssl=1 897w, https:\/\/i0.wp.com\/cdnoticias.com\/wp-content\/uploads\/2025\/07\/centro-de-dia-wesner-obras2.png?resize=300%2C198&amp;ssl=1 300w, https:\/\/i0.wp.com\/cdnoticias.com\/wp-content\/uploads\/2025\/07\/centro-de-dia-wesner-obras2.png?resize=768%2C508&amp;ssl=1 768w\" sizes=\"auto, (max-width: 800px) 100vw, 800px\" \/><\/figure>\n\n\n\n<p><\/p>\n\n\n\n<p>Adem\u00e1s, se realizaron <strong>tareas de pintura interior y exterior, instalaci\u00f3n de placas de durlock para mejorar superficies deterioradas y el ploteo de vidrios, <\/strong>sumando as\u00ed condiciones m\u00e1s seguras, c\u00f3modas y funcionales para quienes asisten al espacio.<\/p>\n\n\n\n<p><\/p>\n\n\n\n<p><em>&#8220;Esta iniciativa se enmarca en el compromiso de fortalecer la infraestructura de los espacios destinados a la infancia y adolescencia, garantizando entornos de calidad para el desarrollo integral de ni\u00f1as, ni\u00f1os y adolescentes&#8221; <\/em>se\u00f1alaron. <\/p>\n\n\n\n<p><\/p>\n\n\n\n<p>Durante la visita, el intendente Wesner estuvo acompa\u00f1ado por la subsecretaria de Protecci\u00f3n Integral de Derechos del Municipio Malena Pianciola e integrantes del equipo de la Direcci\u00f3n de Ni\u00f1eces y Adolescencias.<\/p>\n","protected":false},"excerpt":{"rendered":"<p>Esta iniciativa se enmarca en el compromiso de fortalecer la infraestructura de los espacios destinados a la infancia y adolescencia,<\/p>\n","protected":false},"author":6,"featured_media":176256,"comment_status":"closed","ping_status":"closed","sticky":false,"template":"","format":"standard","meta":{"_jetpack_memberships_contains_paid_content":false,"footnotes":""},"categories":[5,1],"tags":[],"class_list":["post-176253","post","type-post","status-publish","format-standard","has-post-thumbnail","hentry","category-informacion-general","category-portada"],"jetpack_featured_media_url":"https:\/\/i0.wp.com\/cdnoticias.com\/wp-content\/uploads\/2025\/07\/centro-de-dia-wesner-obras1.png?fit=891%2C574&ssl=1","jetpack_sharing_enabled":true,"_links":{"self":[{"href":"https:\/\/cdnoticias.com\/index.php\/wp-json\/wp\/v2\/posts\/176253","targetHints":{"allow":["GET"]}}],"collection":[{"href":"https:\/\/cdnoticias.com\/index.php\/wp-json\/wp\/v2\/posts"}],"about":[{"href":"https:\/\/cdnoticias.com\/index.php\/wp-json\/wp\/v2\/types\/post"}],"author":[{"embeddable":true,"href":"https:\/\/cdnoticias.com\/index.php\/wp-json\/wp\/v2\/users\/6"}],"replies":[{"embeddable":true,"href":"https:\/\/cdnoticias.com\/index.php\/wp-json\/wp\/v2\/comments?post=176253"}],"version-history":[{"count":0,"href":"https:\/\/cdnoticias.com\/index.php\/wp-json\/wp\/v2\/posts\/176253\/revisions"}],"wp:featuredmedia":[{"embeddable":true,"href":"https:\/\/cdnoticias.com\/index.php\/wp-json\/wp\/v2\/media\/176256"}],"wp:attachment":[{"href":"https:\/\/cdnoticias.com\/index.php\/wp-json\/wp\/v2\/media?parent=176253"}],"wp:term":[{"taxonomy":"category","embeddable":true,"href":"https:\/\/cdnoticias.com\/index.php\/wp-json\/wp\/v2\/categories?post=176253"},{"taxonomy":"post_tag","embeddable":true,"href":"https:\/\/cdnoticias.com\/index.php\/wp-json\/wp\/v2\/tags?post=176253"}],"curies":[{"name":"wp","href":"https:\/\/api.w.org\/{rel}","templated":true}]}}