{"id":176146,"date":"2025-07-06T17:53:08","date_gmt":"2025-07-06T20:53:08","guid":{"rendered":"https:\/\/cdnoticias.com\/?p=176146"},"modified":"2025-07-06T17:53:09","modified_gmt":"2025-07-06T20:53:09","slug":"despiste-y-vuelco-en-la-ruta-3-un-hombre-resulto-con-golpes","status":"publish","type":"post","link":"https:\/\/cdnoticias.com\/index.php\/2025\/07\/06\/despiste-y-vuelco-en-la-ruta-3-un-hombre-resulto-con-golpes\/","title":{"rendered":"Despiste y vuelco en la Ruta 3: un hombre result\u00f3 con golpes"},"content":{"rendered":"\n<p>Fue este domingo, en el kil\u00f3metro 171 de la ruta nacional. Hubo una r\u00e1pida asistencia de los servicios de emergencia.<\/p>\n\n\n\n<hr class=\"wp-block-separator aligncenter has-alpha-channel-opacity\"\/>\n\n\n\n<p>Un autom\u00f3vil protagoniz\u00f3 un<strong> despiste seguido de vuelco este domingo por la tarde en el kil\u00f3metro 171 de la Ruta Nacional N\u00b0 3. <\/strong>El siniestro se registr\u00f3 alrededor de las 16:15 y a\u00fan se investigan las causas que provocaron el accidente.<\/p>\n\n\n\n<p>En el lugar trabajaron <strong>efectivos del Comando de Prevenci\u00f3n Rural (CPR) de Las Flores y de la Polic\u00eda Vial, quienes aseguraron la zona y realizaron las primeras actuaciones.<\/strong><\/p>\n\n\n\n<p>El<strong> conductor del veh\u00edculo fue asistido por personal del SAME y solo sufri\u00f3 golpes leves.<\/strong> No fue necesario su traslado.<\/p>\n\n\n\n<p><em>(Foto: Noticias Las Flores)<\/em><\/p>\n","protected":false},"excerpt":{"rendered":"<p>Fue este domingo, en el kil\u00f3metro 171 de la ruta nacional. Hubo una r\u00e1pida asistencia de los servicios de emergencia.<\/p>\n","protected":false},"author":2,"featured_media":176147,"comment_status":"closed","ping_status":"closed","sticky":false,"template":"","format":"standard","meta":{"_jetpack_memberships_contains_paid_content":false,"footnotes":""},"categories":[6,1],"tags":[],"class_list":["post-176146","post","type-post","status-publish","format-standard","has-post-thumbnail","hentry","category-nacionales","category-portada"],"jetpack_featured_media_url":"https:\/\/i0.wp.com\/cdnoticias.com\/wp-content\/uploads\/2025\/07\/517353797_1335716731891678_6810641241301323656_n.jpg?fit=1170%2C692&ssl=1","jetpack_sharing_enabled":true,"_links":{"self":[{"href":"https:\/\/cdnoticias.com\/index.php\/wp-json\/wp\/v2\/posts\/176146","targetHints":{"allow":["GET"]}}],"collection":[{"href":"https:\/\/cdnoticias.com\/index.php\/wp-json\/wp\/v2\/posts"}],"about":[{"href":"https:\/\/cdnoticias.com\/index.php\/wp-json\/wp\/v2\/types\/post"}],"author":[{"embeddable":true,"href":"https:\/\/cdnoticias.com\/index.php\/wp-json\/wp\/v2\/users\/2"}],"replies":[{"embeddable":true,"href":"https:\/\/cdnoticias.com\/index.php\/wp-json\/wp\/v2\/comments?post=176146"}],"version-history":[{"count":0,"href":"https:\/\/cdnoticias.com\/index.php\/wp-json\/wp\/v2\/posts\/176146\/revisions"}],"wp:featuredmedia":[{"embeddable":true,"href":"https:\/\/cdnoticias.com\/index.php\/wp-json\/wp\/v2\/media\/176147"}],"wp:attachment":[{"href":"https:\/\/cdnoticias.com\/index.php\/wp-json\/wp\/v2\/media?parent=176146"}],"wp:term":[{"taxonomy":"category","embeddable":true,"href":"https:\/\/cdnoticias.com\/index.php\/wp-json\/wp\/v2\/categories?post=176146"},{"taxonomy":"post_tag","embeddable":true,"href":"https:\/\/cdnoticias.com\/index.php\/wp-json\/wp\/v2\/tags?post=176146"}],"curies":[{"name":"wp","href":"https:\/\/api.w.org\/{rel}","templated":true}]}}