{"id":176134,"date":"2025-07-06T17:20:32","date_gmt":"2025-07-06T20:20:32","guid":{"rendered":"https:\/\/cdnoticias.com\/?p=176134"},"modified":"2025-07-06T19:44:48","modified_gmt":"2025-07-06T22:44:48","slug":"las-ventas-minoristas-pyme-bajaron-05-interanual-en-junio","status":"publish","type":"post","link":"https:\/\/cdnoticias.com\/index.php\/2025\/07\/06\/las-ventas-minoristas-pyme-bajaron-05-interanual-en-junio\/","title":{"rendered":"Las ventas minoristas pyme bajaron 0,5% interanual en junio"},"content":{"rendered":"\n<p>No obstante, las ventas acumulan un crecimiento interanual del 9,1%. Dos rubros presentaron ca\u00eddas: Calzado e Indumentaria.<\/p>\n\n\n\n<hr class=\"wp-block-separator has-alpha-channel-opacity\"\/>\n\n\n\n<p>Seg\u00fan el informe de la<strong> Confederaci\u00f3n Argentina de la Mediana Empresa (CAME), <\/strong>en junio <strong>las ventas minoristas de las peque\u00f1as y medianas empresas tuvieron una ca\u00edda interanual del 0,5% a precios constantes.<\/strong> En la comparaci\u00f3n con el mes anterior <strong>tambi\u00e9n se verific\u00f3 un descenso del 6,7%.<\/strong><\/p>\n\n\n\n<p><\/p>\n\n\n\n<p>No obstante, <strong>en el primer semestre del a\u00f1o las ventas acumulan un crecimiento interanual del 9,1%.<\/strong> Esto<strong> refleja cierta recuperaci\u00f3n <\/strong>contra el descenso del 17,2% que hab\u00edan experimentado durante el mismo per\u00edodo del a\u00f1o pasado.<\/p>\n\n\n\n<p><\/p>\n\n\n\n<p>En cuanto a la situaci\u00f3n econ\u00f3mica de los comercios, <strong>el 58,3% indic\u00f3 que se mantuvo respecto al a\u00f1o anterior, mientras que un 27,5% afirm\u00f3 que empeor\u00f3. <\/strong>Sin embargo, el 50% de los encuestados cree que la situaci\u00f3n econ\u00f3mica de su negocio mejorar\u00e1 de cara al pr\u00f3ximo a\u00f1o, mientras que s\u00f3lo un 7,8% estima que ser\u00e1 peor.<\/p>\n\n\n\n<p><\/p>\n\n\n\n<p>Por su parte, algunos rubros experimentaron <strong>incrementos puntuales impulsados por las compras por el D\u00eda del Padre y el cobro del medio aguinaldo, aunque estos repuntes no lograron modificar de forma significativa la tendencia general del mercado, que contin\u00faa mostrando signos de fragilidad.<\/strong><\/p>\n\n\n\n<p><\/p>\n\n\n\n<blockquote class=\"wp-block-quote is-layout-flow wp-block-quote-is-layout-flow\">\n<p>En el an\u00e1lisis por rubro, se observ\u00f3 que, de los siete sectores relevados, cinco registraron crecimientos interanuales. Alimentos y bebidas lider\u00f3 con un alza del 1,8%, seguido por Farmacia (1,3%), Ferreter\u00eda, materiales el\u00e9ctricos y de la construcci\u00f3n (0,7%), Bazar, decoraci\u00f3n, textiles de hogar y muebles (0,4%) y, por \u00faltimo, Perfumer\u00eda (0,2%). Por otro lado, dos rubros presentaron ca\u00eddas: Calzado y marroquiner\u00eda, con un descenso del 5,2%, seguido por Textil e indumentaria, con una baja del 4,7%.<\/p>\n<\/blockquote>\n\n\n\n<p><\/p>\n\n\n\n<figure class=\"wp-block-image size-full\"><img data-recalc-dims=\"1\" loading=\"lazy\" decoding=\"async\" width=\"708\" height=\"329\" src=\"https:\/\/i0.wp.com\/cdnoticias.com\/wp-content\/uploads\/2025\/07\/unnamed.jpg?resize=708%2C329&#038;ssl=1\" alt=\"\" class=\"wp-image-176135\" srcset=\"https:\/\/i0.wp.com\/cdnoticias.com\/wp-content\/uploads\/2025\/07\/unnamed.jpg?w=708&amp;ssl=1 708w, https:\/\/i0.wp.com\/cdnoticias.com\/wp-content\/uploads\/2025\/07\/unnamed.jpg?resize=300%2C139&amp;ssl=1 300w\" sizes=\"auto, (max-width: 708px) 100vw, 708px\" \/><\/figure>\n\n\n\n<p><\/p>\n\n\n\n<p><strong>Diversos comercios informaron menores niveles de facturaci\u00f3n y reducci\u00f3n en la afluencia de clientes. <\/strong>Sin embargo, se mantienen <strong>niveles de demanda en canales digitales y a trav\u00e9s de estrategias de precios agresivos. <\/strong>En sectores estacionales, las condiciones clim\u00e1ticas incidieron positivamente sobre el desempe\u00f1o mensual.<\/p>\n\n\n\n<p><\/p>\n\n\n\n<p>En este escenario de consumo fr\u00e1gil, la<strong> finalizaci\u00f3n del programa Cuota Simple <\/strong>plante\u00f3 un desaf\u00edo adicional para los comercios pymes que dependen del financiamiento en cuotas para sostener sus ventas.<\/p>\n\n\n\n<p><\/p>\n\n\n\n<p>Como respuesta, CAME gestion\u00f3 la creaci\u00f3n de <strong>Cuotas MiPyme<\/strong>, un nuevo sistema que <strong>desde el 1\u00b0 de julio les permite a los comercios adheridos ofrecer 3 o 6 cuotas con tasas promocionales y sin l\u00edmite de monto, contemplando los mismos rubros que el plan anterior. <\/strong>Esta iniciativa busca brindar a las peque\u00f1as y medianas empresas una herramienta clave para <strong>estimular la demanda y reforzar la competitividad del comercio minorista pyme en un contexto de ca\u00edda del consumo.<\/strong><\/p>\n","protected":false},"excerpt":{"rendered":"<p>No obstante, las ventas acumulan un crecimiento interanual del 9,1%. Dos rubros presentaron ca\u00eddas: Calzado e Indumentaria. Seg\u00fan el informe<\/p>\n","protected":false},"author":5,"featured_media":100528,"comment_status":"closed","ping_status":"closed","sticky":false,"template":"","format":"standard","meta":{"_jetpack_memberships_contains_paid_content":false,"footnotes":""},"categories":[6,1],"tags":[],"class_list":["post-176134","post","type-post","status-publish","format-standard","has-post-thumbnail","hentry","category-nacionales","category-portada"],"jetpack_featured_media_url":"https:\/\/i0.wp.com\/cdnoticias.com\/wp-content\/uploads\/2023\/10\/came-industria-textil.jpg?fit=600%2C400&ssl=1","jetpack_sharing_enabled":true,"_links":{"self":[{"href":"https:\/\/cdnoticias.com\/index.php\/wp-json\/wp\/v2\/posts\/176134","targetHints":{"allow":["GET"]}}],"collection":[{"href":"https:\/\/cdnoticias.com\/index.php\/wp-json\/wp\/v2\/posts"}],"about":[{"href":"https:\/\/cdnoticias.com\/index.php\/wp-json\/wp\/v2\/types\/post"}],"author":[{"embeddable":true,"href":"https:\/\/cdnoticias.com\/index.php\/wp-json\/wp\/v2\/users\/5"}],"replies":[{"embeddable":true,"href":"https:\/\/cdnoticias.com\/index.php\/wp-json\/wp\/v2\/comments?post=176134"}],"version-history":[{"count":0,"href":"https:\/\/cdnoticias.com\/index.php\/wp-json\/wp\/v2\/posts\/176134\/revisions"}],"wp:featuredmedia":[{"embeddable":true,"href":"https:\/\/cdnoticias.com\/index.php\/wp-json\/wp\/v2\/media\/100528"}],"wp:attachment":[{"href":"https:\/\/cdnoticias.com\/index.php\/wp-json\/wp\/v2\/media?parent=176134"}],"wp:term":[{"taxonomy":"category","embeddable":true,"href":"https:\/\/cdnoticias.com\/index.php\/wp-json\/wp\/v2\/categories?post=176134"},{"taxonomy":"post_tag","embeddable":true,"href":"https:\/\/cdnoticias.com\/index.php\/wp-json\/wp\/v2\/tags?post=176134"}],"curies":[{"name":"wp","href":"https:\/\/api.w.org\/{rel}","templated":true}]}}