{"id":176076,"date":"2025-07-05T12:23:14","date_gmt":"2025-07-05T15:23:14","guid":{"rendered":"https:\/\/cdnoticias.com\/?p=176076"},"modified":"2025-07-05T16:48:51","modified_gmt":"2025-07-05T19:48:51","slug":"el-iteco-presento-un-informe-de-situacion-institucional-en-el-salon-blanco-del-municipio","status":"publish","type":"post","link":"https:\/\/cdnoticias.com\/index.php\/2025\/07\/05\/el-iteco-presento-un-informe-de-situacion-institucional-en-el-salon-blanco-del-municipio\/","title":{"rendered":"El ITECO present\u00f3 un informe de situaci\u00f3n institucional en el Sal\u00f3n Blanco del Municipio"},"content":{"rendered":"\n<p>Fue en un encuentro entre autoridades municipales y educativas. Se realiz\u00f3 una exposici\u00f3n sobre el estado actual de la instituci\u00f3n y lo realizado en los \u00faltimos meses.<\/p>\n\n\n\n<hr class=\"wp-block-separator aligncenter has-alpha-channel-opacity\"\/>\n\n\n\n<p>En horas de la tarde de este viernes, <strong>el Sal\u00f3n Blanco del Palacio Municipal fue escenario de una reuni\u00f3n encabezada por referentes del Instituto Tecnol\u00f3gico de Olavarr\u00eda (ITECO), representantes de la Fundaci\u00f3n que lo sostiene, autoridades de la Direcci\u00f3n del Instituto y de la Jefatura Regional de Educaci\u00f3n Privada. E<\/strong>l objetivo del encuentro fue exponer el estado actual de la instituci\u00f3n y las acciones encaradas durante los \u00faltimos meses.<\/p>\n\n\n\n<p>Durante la reuni\u00f3n se brindaron detalles sobre el trabajo realizado hacia el interior del ITECO, con foco en el fortalecimiento de un espacio de formaci\u00f3n considerado clave para Olavarr\u00eda y la regi\u00f3n. <strong>El instituto &#8220;cumple un rol fundamental en la generaci\u00f3n de mano de obra calificada, en l\u00ednea con las demandas del entramado productivo local&#8221;.<\/strong><\/p>\n\n\n\n<p>Se presentaron avances en los \u00e1mbitos administrativo, pedag\u00f3gico, de recursos humanos e infraestructura.<strong> Seg\u00fan se inform\u00f3, durante el primer per\u00edodo de gesti\u00f3n se detectaron irregularidades administrativas y contables, adem\u00e1s de faltantes de documentaci\u00f3n requerida por el Instituto de Previsi\u00f3n Social (IPS), cuya presentaci\u00f3n ya est\u00e1 en proceso de regularizaci\u00f3n.<\/strong><\/p>\n\n\n\n<p>En el plano acad\u00e9mico,<strong> se se\u00f1al\u00f3 que exist\u00edan aspectos pedag\u00f3gicos que no se encontraban ajustados a las exigencias de la Direcci\u00f3n de Educaci\u00f3n de Gesti\u00f3n Privada (DIEGEP), y que ya comenzaron a corregirse. <\/strong>Tambi\u00e9n se mencionaron cambios en la organizaci\u00f3n del personal con el objetivo de garantizar un adecuado funcionamiento institucional.<\/p>\n\n\n\n<blockquote class=\"wp-block-quote is-layout-flow wp-block-quote-is-layout-flow\">\n<p>El encuentro se enmarca en un contexto econ\u00f3mico adverso, que refuerza la necesidad de sostener y potenciar espacios de formaci\u00f3n t\u00e9cnica, como herramienta para promover empleo y responder a los desaf\u00edos del sistema productivo.<\/p>\n<\/blockquote>\n\n\n\n<p>En representaci\u00f3n del Municipio particip\u00f3 el ingeniero Bernardo Baldino, subsecretario de Empresas e Inversiones y presidente de la Fundaci\u00f3n ITECO, junto a Ubaldo Garc\u00eda y Ayel\u00e9n Bah\u00eda. Tambi\u00e9n fueron parte de la reuni\u00f3n referentes de empresas e instituciones que integran la Fundaci\u00f3n: Cerro Negro, Loma Negra, Coopelectric, Asociaci\u00f3n de Propietarios de Parques Industriales y Cementos Avellaneda. A su vez, estuvieron presentes el director del instituto, Diego Cunioli, y la jefa regional de Educaci\u00f3n de Gesti\u00f3n Privada, Romina Altafini.<\/p>\n","protected":false},"excerpt":{"rendered":"<p>Fue en un encuentro entre autoridades municipales y educativas. Se realiz\u00f3 una exposici\u00f3n sobre el estado actual de la instituci\u00f3n<\/p>\n","protected":false},"author":2,"featured_media":176077,"comment_status":"closed","ping_status":"closed","sticky":false,"template":"","format":"standard","meta":{"_jetpack_memberships_contains_paid_content":false,"footnotes":""},"categories":[5,1],"tags":[],"class_list":["post-176076","post","type-post","status-publish","format-standard","has-post-thumbnail","hentry","category-informacion-general","category-portada"],"jetpack_featured_media_url":"https:\/\/i0.wp.com\/cdnoticias.com\/wp-content\/uploads\/2025\/07\/3ce3b410-ed10-4e6a-902c-1b7e4823838d-1024x684-1.jpeg?fit=1024%2C684&ssl=1","jetpack_sharing_enabled":true,"_links":{"self":[{"href":"https:\/\/cdnoticias.com\/index.php\/wp-json\/wp\/v2\/posts\/176076","targetHints":{"allow":["GET"]}}],"collection":[{"href":"https:\/\/cdnoticias.com\/index.php\/wp-json\/wp\/v2\/posts"}],"about":[{"href":"https:\/\/cdnoticias.com\/index.php\/wp-json\/wp\/v2\/types\/post"}],"author":[{"embeddable":true,"href":"https:\/\/cdnoticias.com\/index.php\/wp-json\/wp\/v2\/users\/2"}],"replies":[{"embeddable":true,"href":"https:\/\/cdnoticias.com\/index.php\/wp-json\/wp\/v2\/comments?post=176076"}],"version-history":[{"count":0,"href":"https:\/\/cdnoticias.com\/index.php\/wp-json\/wp\/v2\/posts\/176076\/revisions"}],"wp:featuredmedia":[{"embeddable":true,"href":"https:\/\/cdnoticias.com\/index.php\/wp-json\/wp\/v2\/media\/176077"}],"wp:attachment":[{"href":"https:\/\/cdnoticias.com\/index.php\/wp-json\/wp\/v2\/media?parent=176076"}],"wp:term":[{"taxonomy":"category","embeddable":true,"href":"https:\/\/cdnoticias.com\/index.php\/wp-json\/wp\/v2\/categories?post=176076"},{"taxonomy":"post_tag","embeddable":true,"href":"https:\/\/cdnoticias.com\/index.php\/wp-json\/wp\/v2\/tags?post=176076"}],"curies":[{"name":"wp","href":"https:\/\/api.w.org\/{rel}","templated":true}]}}