{"id":17607,"date":"2021-03-31T11:14:53","date_gmt":"2021-03-31T14:14:53","guid":{"rendered":"http:\/\/www.centraldenoticias.com.ar\/?p=17607"},"modified":"2021-03-31T12:03:36","modified_gmt":"2021-03-31T15:03:36","slug":"el-gobierno-busca-postergar-las-elecciones-un-mes","status":"publish","type":"post","link":"https:\/\/cdnoticias.com\/index.php\/2021\/03\/31\/el-gobierno-busca-postergar-las-elecciones-un-mes\/","title":{"rendered":"El Gobierno busca postergar las elecciones un mes"},"content":{"rendered":"<p>El oficialismo nacional y provincial busc\u00f3 plantearlo como un acuerdo con el Pro, pero algunos dirigentes se mostraron en rechazo. Las PASO ser\u00edan en septiembre y las generales, en noviembre.<!--more--><\/p>\n<hr \/>\n<p><strong>El Gobierno busca postergar las elecciones un mes debido a la situaci\u00f3n sanitaria y este martes present\u00f3 el planteo ante la oposici\u00f3n<\/strong>. Los trascendidos <strong>apuntaron a un \u201cpreacuerdo\u201d<\/strong>, pero <strong>desde Juntos por el Cambio se oyeron voces en rechazo<\/strong>.<\/p>\n<p>&nbsp;<\/p>\n<p>Las versiones se dieron a conocer<strong> tras una reuni\u00f3n<\/strong> de la que participaron, entre otros, el ministro del Interior Eduardo \u201cWado\u201d De Pedro, el presidente de Diputados Sergio Massa, el jefe del bloque del kirchnerismo, M\u00e1ximo Kirchner, el gobernador Axel Kicillof y los referentes del PRO Jorge Macri y Cristian Ritondo.<\/p>\n<p>&nbsp;<\/p>\n<blockquote><p>Seg\u00fan inform\u00f3 DIB, en el encuentro se acord\u00f3 debatir en el Congreso un proyecto para postergar las PASO de agosto a septiembre y las elecciones generales de octubre a noviembre.<\/p><\/blockquote>\n<p>&nbsp;<\/p>\n<p>La decisi\u00f3n de postergar las elecciones hab\u00eda madurado m\u00e1s temprano, durante un almuerzo en la quinta de Olivos entre el presidente Alberto Fern\u00e1ndez, el jefe de Gabinete Santiago Cafiero, M\u00e1ximo Kirchner, Massa y De Pedro.<\/p>\n<p>&nbsp;<\/p>\n<p><strong>La idea fue transmitida a Macri y Ritondo durante el acto de puesta en marcha del Programa de Emergencia de Infraestructura Municipal de la Provincia de Buenos Aires<\/strong> (Preimba), que prev\u00e9 la asignaci\u00f3n de $ 5 mil millones para la realizaci\u00f3n de obras en los 135 distritos bonaerenses.<\/p>\n<p><img data-recalc-dims=\"1\" loading=\"lazy\" decoding=\"async\" class=\"aligncenter wp-image-17609 size-full\" src=\"https:\/\/i0.wp.com\/cdnoticias.com\/wp-content\/uploads\/2021\/03\/axel-kicillof-wado-de-pedro00.jpg?resize=800%2C445&#038;ssl=1\" alt=\"\" width=\"800\" height=\"445\" srcset=\"https:\/\/i0.wp.com\/cdnoticias.com\/wp-content\/uploads\/2021\/03\/axel-kicillof-wado-de-pedro00.jpg?w=800&amp;ssl=1 800w, https:\/\/i0.wp.com\/cdnoticias.com\/wp-content\/uploads\/2021\/03\/axel-kicillof-wado-de-pedro00.jpg?resize=300%2C167&amp;ssl=1 300w, https:\/\/i0.wp.com\/cdnoticias.com\/wp-content\/uploads\/2021\/03\/axel-kicillof-wado-de-pedro00.jpg?resize=768%2C427&amp;ssl=1 768w\" sizes=\"auto, (max-width: 800px) 100vw, 800px\" \/><\/p>\n<p>&nbsp;<\/p>\n<p>&#8220;Los representantes del PRO aceptaron debatir el tema en el Congreso, pero pidieron establecer una serie de indicadores sanitarios (relacionados con los casos, la mortalidad y la ocupaci\u00f3n de camas) para determinar si es necesaria la postergaci\u00f3n&#8221; se inform\u00f3.<\/p>\n<p>&nbsp;<\/p>\n<p>En principio, el PRO se habr\u00eda mostrado dispuesto al cambio, puesto que no implica -como ped\u00edan los gobernadores del oficialismo e incluso algunos de Juntos por el Cambio- suspender las PASO, sino solo postergarlas.<\/p>\n<p>&nbsp;<\/p>\n<p>Sin embargo, <strong>no todos los socios de la coalici\u00f3n opositora tomaron la cuesti\u00f3n de la misma manera<\/strong>: el <strong>presidente de la Coalici\u00f3n C\u00edvica, Maximiliano Ferraro<\/strong>, dijo: \u201cDesconozco y desmiento (el) principio de acuerdo para la postergaci\u00f3n de las PASO y elecciones generales 2021. Cualquier modificaci\u00f3n a las reglas de juego electoral debe realizarse institucionalmente y convocando a los partidos pol\u00edticos y jefes de bloques parlamentarios\u201d.<\/p>\n<blockquote class=\"twitter-tweet\">\n<p dir=\"ltr\" lang=\"es\">Cualquier modificaci\u00f3n a las reglas de juego electoral debe realizarse institucionalmente y convocando a los partidos pol\u00edticos y jefes de bloques parlamentarios.<\/p>\n<p>\u2014 maxi ferraro (@Maxiferraro) <a href=\"https:\/\/twitter.com\/Maxiferraro\/status\/1377028164971589640?ref_src=twsrc%5Etfw\">March 30, 2021<\/a><\/p><\/blockquote>\n<p><script async src=\"https:\/\/platform.twitter.com\/widgets.js\" charset=\"utf-8\"><\/script><\/p>\n<p>En el mismo sentido, <strong>el diputado Alfredo Cornejo, presidente de la UCR nacional<\/strong>, dijo que \u201cde ninguna manera hay un acuerdo con el oficialismo sobre la postergaci\u00f3n de las elecciones. La opini\u00f3n de cualquier provincia, por m\u00e1s importante que sea, no puede determinar un acuerdo para el resto\u201d.<\/p>\n<blockquote class=\"twitter-tweet\">\n<p dir=\"ltr\" lang=\"es\">Como presidente de la <a href=\"https:\/\/twitter.com\/UCRNacional?ref_src=twsrc%5Etfw\">@UCRNacional<\/a> e integrante de <a href=\"https:\/\/twitter.com\/juntoscambioar?ref_src=twsrc%5Etfw\">@juntoscambioar<\/a> aclaro que de ninguna manera hay un acuerdo con el oficialismo sobre la postergaci\u00f3n de las elecciones. La opini\u00f3n de cualquier provincia, por m\u00e1s importante que sea, no puede determinar un acuerdo para el resto.<\/p>\n<p>\u2014 Alfredo Cornejo (@alfredocornejo) <a href=\"https:\/\/twitter.com\/alfredocornejo\/status\/1377025768111403009?ref_src=twsrc%5Etfw\">March 30, 2021<\/a><\/p><\/blockquote>\n<p><script async src=\"https:\/\/platform.twitter.com\/widgets.js\" charset=\"utf-8\"><\/script><\/p>\n<p>Tras ello,<strong> Jorge Macri<\/strong> se apur\u00f3 a aclarar que \u201cno hubo ning\u00fan acuerdo para postergar las PASO. Niego rotundamente las versiones al respecto. Ante el planteo informal sobre el tema, nuestra respuesta fue negativa y que es el Congreso el \u00e1mbito para discutirlo, en donde todos los partidos y provincias est\u00e1n representados\u201d.<\/p>\n<blockquote class=\"twitter-tweet\">\n<p dir=\"ltr\" lang=\"es\">\u201cNo hubo ningun acuerdo para postergar las PASO. Niego rotundamente las versiones al respecto. Ante el planteo informal sobre el tema, nuestra respuesta fue negativa y que es el Congreso el \u00e1mbito para discutirlo, en donde todos los partidos y provincias estan representados\u201d<\/p>\n<p>\u2014 Jorge Macri (@jorgemacri) <a href=\"https:\/\/twitter.com\/jorgemacri\/status\/1377031164901343236?ref_src=twsrc%5Etfw\">March 30, 2021<\/a><\/p><\/blockquote>\n<p><script async src=\"https:\/\/platform.twitter.com\/widgets.js\" charset=\"utf-8\"><\/script><\/p>\n<p><strong>La Provincia tambi\u00e9n<\/strong><\/p>\n<p>&nbsp;<\/p>\n<p>Tras el encuentro, <strong>trascendi\u00f3 que De Pedro convocar\u00eda formalmente la semana que viene a una reuni\u00f3n con representantes de la oposici\u00f3n<\/strong>, para transmitir la idea del Gobierno y cerrar un anteproyecto que ser\u00e1 remitido al Congreso, donde <strong>se necesita un r\u00e1pido debate para reacomodar el calendario electoral<\/strong>. Tambi\u00e9n se buscar\u00e1 all\u00ed sumar el apoyo de la UCR, la CC y otras fuerzas opositoras, que se vieron marginadas del preacuerdo.<\/p>\n<p>&nbsp;<\/p>\n<p>En la Provincia de Buenos Aires, en tanto, <strong>Kicillof planea adherir por decreto al nuevo cronograma<\/strong> que se vote en el Congreso, aunque especialistas en materia electoral consultados por DIB pusieron en duda esto y advirtieron que deber\u00eda pasar por la Legislatura.<\/p>\n<p>&nbsp;<\/p>\n<p>Otro punto de conflicto surge de <strong>la asunci\u00f3n de los legisladores electos<\/strong>: si los comicios se postergan un mes y se realizan a fines de noviembre, la Junta Electoral no llegar\u00eda a completar el escrutinio y la oficializaci\u00f3n de los diputados y senadores electos antes del 10 de diciembre, fecha establecida para el recambio. En ese escenario, se sondea una <strong>posible extensi\u00f3n de los mandatos, al menos hasta fines de a\u00f1o<\/strong>.<\/p>\n","protected":false},"excerpt":{"rendered":"<p>El oficialismo nacional y provincial busc\u00f3 plantearlo como un acuerdo con el Pro, pero algunos dirigentes se mostraron en rechazo.<\/p>\n","protected":false},"author":4,"featured_media":17608,"comment_status":"closed","ping_status":"closed","sticky":false,"template":"","format":"standard","meta":{"_jetpack_memberships_contains_paid_content":false,"footnotes":""},"categories":[6,1],"tags":[],"class_list":["post-17607","post","type-post","status-publish","format-standard","has-post-thumbnail","hentry","category-nacionales","category-portada"],"jetpack_featured_media_url":"https:\/\/i0.wp.com\/cdnoticias.com\/wp-content\/uploads\/2021\/03\/DIB-Reunion-PASO-631x420.jpg?fit=631%2C420&ssl=1","jetpack_sharing_enabled":true,"_links":{"self":[{"href":"https:\/\/cdnoticias.com\/index.php\/wp-json\/wp\/v2\/posts\/17607","targetHints":{"allow":["GET"]}}],"collection":[{"href":"https:\/\/cdnoticias.com\/index.php\/wp-json\/wp\/v2\/posts"}],"about":[{"href":"https:\/\/cdnoticias.com\/index.php\/wp-json\/wp\/v2\/types\/post"}],"author":[{"embeddable":true,"href":"https:\/\/cdnoticias.com\/index.php\/wp-json\/wp\/v2\/users\/4"}],"replies":[{"embeddable":true,"href":"https:\/\/cdnoticias.com\/index.php\/wp-json\/wp\/v2\/comments?post=17607"}],"version-history":[{"count":0,"href":"https:\/\/cdnoticias.com\/index.php\/wp-json\/wp\/v2\/posts\/17607\/revisions"}],"wp:featuredmedia":[{"embeddable":true,"href":"https:\/\/cdnoticias.com\/index.php\/wp-json\/wp\/v2\/media\/17608"}],"wp:attachment":[{"href":"https:\/\/cdnoticias.com\/index.php\/wp-json\/wp\/v2\/media?parent=17607"}],"wp:term":[{"taxonomy":"category","embeddable":true,"href":"https:\/\/cdnoticias.com\/index.php\/wp-json\/wp\/v2\/categories?post=17607"},{"taxonomy":"post_tag","embeddable":true,"href":"https:\/\/cdnoticias.com\/index.php\/wp-json\/wp\/v2\/tags?post=17607"}],"curies":[{"name":"wp","href":"https:\/\/api.w.org\/{rel}","templated":true}]}}