{"id":176039,"date":"2025-07-04T19:58:26","date_gmt":"2025-07-04T22:58:26","guid":{"rendered":"https:\/\/cdnoticias.com\/?p=176039"},"modified":"2025-07-04T19:58:28","modified_gmt":"2025-07-04T22:58:28","slug":"este-lunes-quedaran-habilitados-los-semaforos-de-avenida-pellegrini-y-jose-luis-torres","status":"publish","type":"post","link":"https:\/\/cdnoticias.com\/index.php\/2025\/07\/04\/este-lunes-quedaran-habilitados-los-semaforos-de-avenida-pellegrini-y-jose-luis-torres\/","title":{"rendered":"Este lunes quedar\u00e1n habilitados los sem\u00e1foros de avenida Pellegrini y Jos\u00e9 Luis Torres"},"content":{"rendered":"\n<p>En la ma\u00f1ana de este s\u00e1bado personal de la Subsecretar\u00eda de Protecci\u00f3n Ciudadana llevar\u00e1 a cabo la colocaci\u00f3n de delineadores verticales pl\u00e1sticos, para la divisi\u00f3n de carriles.&nbsp;<\/p>\n\n\n\n<hr class=\"wp-block-separator aligncenter has-alpha-channel-opacity\"\/>\n\n\n\n<p>En la tarde de este viernes <strong>culminaron las tareas de instalaci\u00f3n de sem\u00e1foros sobre la avenida Pellegrini<\/strong>, a la altura del cruce con <strong>Jos\u00e9 Luis Torres<\/strong>. Los dispositivos quedar\u00e1n <strong>habilitados a partir de las 6 horas del pr\u00f3ximo lunes.<\/strong><\/p>\n\n\n\n<p><\/p>\n\n\n\n<p>Los trabajos se prolongaron durante los \u00faltimos d\u00edas y fueron encabezados desde la Subsecretar\u00eda de Protecci\u00f3n Ciudadana. Vale destacar que incluyeron tambi\u00e9n la demarcaci\u00f3n de sendas peatonales.<\/p>\n\n\n\n<p><\/p>\n\n\n\n<figure class=\"wp-block-image aligncenter size-full\"><img data-recalc-dims=\"1\" loading=\"lazy\" decoding=\"async\" width=\"800\" height=\"533\" src=\"https:\/\/i0.wp.com\/cdnoticias.com\/wp-content\/uploads\/2025\/07\/semaforo-listo-pellegrini2.jpg?resize=800%2C533&#038;ssl=1\" alt=\"\" class=\"wp-image-176040\" srcset=\"https:\/\/i0.wp.com\/cdnoticias.com\/wp-content\/uploads\/2025\/07\/semaforo-listo-pellegrini2.jpg?w=900&amp;ssl=1 900w, https:\/\/i0.wp.com\/cdnoticias.com\/wp-content\/uploads\/2025\/07\/semaforo-listo-pellegrini2.jpg?resize=300%2C200&amp;ssl=1 300w, https:\/\/i0.wp.com\/cdnoticias.com\/wp-content\/uploads\/2025\/07\/semaforo-listo-pellegrini2.jpg?resize=768%2C512&amp;ssl=1 768w, https:\/\/i0.wp.com\/cdnoticias.com\/wp-content\/uploads\/2025\/07\/semaforo-listo-pellegrini2.jpg?resize=272%2C182&amp;ssl=1 272w\" sizes=\"auto, (max-width: 800px) 100vw, 800px\" \/><\/figure>\n\n\n\n<p><\/p>\n\n\n\n<p>En ese sentido, <strong>en la ma\u00f1ana de este s\u00e1bado personal de la Subsecretar\u00eda de Protecci\u00f3n Ciudadana llevar\u00e1 a cabo la colocaci\u00f3n de delineadores verticales pl\u00e1sticos, para la divisi\u00f3n de carriles. <\/strong><\/p>\n\n\n\n<p><\/p>\n\n\n\n<blockquote class=\"wp-block-quote is-layout-flow wp-block-quote-is-layout-flow\">\n<p>Si bien se ver\u00e1 reducida la circulaci\u00f3n, no se cortar\u00e1 el tr\u00e1nsito por el sector. Se apela a la colaboraci\u00f3n y prudencia por parte de conductores\/as.<\/p>\n<\/blockquote>\n\n\n\n<p><\/p>\n\n\n\n<p>Los sem\u00e1foros, que <strong>se habilitar\u00e1n a primera hora de la ma\u00f1ana del pr\u00f3ximo lunes,<\/strong> funcionar\u00e1n en el <strong>horario de 6 a 23 horas.<\/strong> Durante el fin de semana venidero funcionar\u00e1n de manera intermitente por precauci\u00f3n.<\/p>\n","protected":false},"excerpt":{"rendered":"<p>En la ma\u00f1ana de este s\u00e1bado personal de la Subsecretar\u00eda de Protecci\u00f3n Ciudadana llevar\u00e1 a cabo la colocaci\u00f3n de delineadores<\/p>\n","protected":false},"author":6,"featured_media":176041,"comment_status":"closed","ping_status":"closed","sticky":false,"template":"","format":"standard","meta":{"_jetpack_memberships_contains_paid_content":false,"footnotes":""},"categories":[5,1],"tags":[],"class_list":["post-176039","post","type-post","status-publish","format-standard","has-post-thumbnail","hentry","category-informacion-general","category-portada"],"jetpack_featured_media_url":"https:\/\/i0.wp.com\/cdnoticias.com\/wp-content\/uploads\/2025\/07\/semaforo-listo-pellegrini1.png?fit=880%2C466&ssl=1","jetpack_sharing_enabled":true,"_links":{"self":[{"href":"https:\/\/cdnoticias.com\/index.php\/wp-json\/wp\/v2\/posts\/176039","targetHints":{"allow":["GET"]}}],"collection":[{"href":"https:\/\/cdnoticias.com\/index.php\/wp-json\/wp\/v2\/posts"}],"about":[{"href":"https:\/\/cdnoticias.com\/index.php\/wp-json\/wp\/v2\/types\/post"}],"author":[{"embeddable":true,"href":"https:\/\/cdnoticias.com\/index.php\/wp-json\/wp\/v2\/users\/6"}],"replies":[{"embeddable":true,"href":"https:\/\/cdnoticias.com\/index.php\/wp-json\/wp\/v2\/comments?post=176039"}],"version-history":[{"count":0,"href":"https:\/\/cdnoticias.com\/index.php\/wp-json\/wp\/v2\/posts\/176039\/revisions"}],"wp:featuredmedia":[{"embeddable":true,"href":"https:\/\/cdnoticias.com\/index.php\/wp-json\/wp\/v2\/media\/176041"}],"wp:attachment":[{"href":"https:\/\/cdnoticias.com\/index.php\/wp-json\/wp\/v2\/media?parent=176039"}],"wp:term":[{"taxonomy":"category","embeddable":true,"href":"https:\/\/cdnoticias.com\/index.php\/wp-json\/wp\/v2\/categories?post=176039"},{"taxonomy":"post_tag","embeddable":true,"href":"https:\/\/cdnoticias.com\/index.php\/wp-json\/wp\/v2\/tags?post=176039"}],"curies":[{"name":"wp","href":"https:\/\/api.w.org\/{rel}","templated":true}]}}