{"id":176018,"date":"2025-07-04T18:51:55","date_gmt":"2025-07-04T21:51:55","guid":{"rendered":"https:\/\/cdnoticias.com\/?p=176018"},"modified":"2025-07-04T18:51:57","modified_gmt":"2025-07-04T21:51:57","slug":"mas-de-700-estudiantes-se-capacitaron-en-talleres-de-educacion-ambiental","status":"publish","type":"post","link":"https:\/\/cdnoticias.com\/index.php\/2025\/07\/04\/mas-de-700-estudiantes-se-capacitaron-en-talleres-de-educacion-ambiental\/","title":{"rendered":"M\u00e1s de 700 estudiantes se capacitaron en Talleres de Educaci\u00f3n Ambiental\u00a0"},"content":{"rendered":"\n<p>En lo que va del a\u00f1o se dictaron 12 talleres donde se explic\u00f3 el programa GIRO y c\u00f3mo debemos separar nuestros residuos en el hogar.&nbsp;<\/p>\n\n\n\n<hr class=\"wp-block-separator aligncenter has-alpha-channel-opacity\"\/>\n\n\n\n<p>Contin\u00faa con el <strong>ciclo de Talleres de Educaci\u00f3n Ambiental, <\/strong>una propuesta que se encuentra dentro del Programa de Educaci\u00f3n Ambiental y que lleva a cabo el Municipio desde hace a\u00f1os <strong>destinada a instituciones educativas de todos los niveles.<\/strong><\/p>\n\n\n\n<p><\/p>\n\n\n\n<p>La tem\u00e1tica de los talleres de este a\u00f1o es <strong>sobre el programa GIRO, <\/strong>se explica c\u00f3mo es su implementaci\u00f3n en la ciudad,<strong> c\u00f3mo debemos separar nuestros residuos en el hogar (residuos reciclables y basura)<\/strong>, el cronograma de <strong>recolecci\u00f3n diferenciada que tiene cada barrio\/zona,<\/strong> y qu\u00e9 pasa con cada corriente que separamos (relleno sanitario y planta de clasificaci\u00f3n). Luego de cada taller se les entrega material informativo a estudiantes y cuerpo docente para que puedan seguir trabajando en la tem\u00e1tica.\u00a0<\/p>\n\n\n\n<p><\/p>\n\n\n\n<p>El objetivo de estos talleres es que sean un punto de partida y que, a partir de ello, la instituci\u00f3n pueda <strong>seguir profundizando en el tema, <\/strong>logrando realizar la separaci\u00f3n de residuos en la instituci\u00f3n.<\/p>\n\n\n\n<p><\/p>\n\n\n\n<figure class=\"wp-block-image aligncenter size-full\"><img data-recalc-dims=\"1\" loading=\"lazy\" decoding=\"async\" width=\"800\" height=\"532\" src=\"https:\/\/i0.wp.com\/cdnoticias.com\/wp-content\/uploads\/2025\/07\/talleres-ambiente1.jpg?resize=800%2C532&#038;ssl=1\" alt=\"\" class=\"wp-image-176021\" srcset=\"https:\/\/i0.wp.com\/cdnoticias.com\/wp-content\/uploads\/2025\/07\/talleres-ambiente1.jpg?w=900&amp;ssl=1 900w, https:\/\/i0.wp.com\/cdnoticias.com\/wp-content\/uploads\/2025\/07\/talleres-ambiente1.jpg?resize=300%2C200&amp;ssl=1 300w, https:\/\/i0.wp.com\/cdnoticias.com\/wp-content\/uploads\/2025\/07\/talleres-ambiente1.jpg?resize=768%2C511&amp;ssl=1 768w, https:\/\/i0.wp.com\/cdnoticias.com\/wp-content\/uploads\/2025\/07\/talleres-ambiente1.jpg?resize=272%2C182&amp;ssl=1 272w\" sizes=\"auto, (max-width: 800px) 100vw, 800px\" \/><\/figure>\n\n\n\n<p><\/p>\n\n\n\n<blockquote class=\"wp-block-quote is-layout-flow wp-block-quote-is-layout-flow\">\n<p>En lo que va del a\u00f1o se dictaron 12 talleres, permitiendo capacitar a m\u00e1s de 700 estudiantes en cuestiones ambientales. Las instituciones que participaron durante junio de la propuesta educativa fueron: CEC 804 de Hinojo, Colegio San Antonio, Escuela Primaria N\u00b0 1 y Escuela Primaria N\u00b0 80.<\/p>\n<\/blockquote>\n\n\n\n<p><\/p>\n\n\n\n<p>A su vez, a principio de mes se realiz\u00f3 la<strong> celebraci\u00f3n del D\u00eda del Ambiente <\/strong>con una jornada en el Sal\u00f3n Rivadavia, de la cual participaron las siguientes instituciones: EES N\u00b0 14, EES N\u00b0 3, ECEA, Libertas, Secundaria N\u00b0 6, Nuevas Lenguas y Mariano Moreno. Tambi\u00e9n se brind\u00f3 una capacitaci\u00f3n en materia de gesti\u00f3n de residuos para la empresa Alta Textil S.R.L, de la cual particip\u00f3 todo el personal de la empresa.<\/p>\n\n\n\n<p><\/p>\n\n\n\n<p>Para solicitar un taller, deben enviar un correo electr\u00f3nico a <strong>gestionambiental@olavarria.gov.ar.<\/strong> En el mismo deben informar para que escuela es, curso\/a\u00f1o y cantidad de alumnos. Con esa informaci\u00f3n, personal de la Coordinaci\u00f3n de Ambiente se pondr\u00e1 en contacto para coordinar una fecha e ir hasta la escuela a dictar el taller.<\/p>\n\n\n\n<p><\/p>\n","protected":false},"excerpt":{"rendered":"<p>En lo que va del a\u00f1o se dictaron 12 talleres donde se explic\u00f3 el programa GIRO y c\u00f3mo debemos separar<\/p>\n","protected":false},"author":6,"featured_media":176020,"comment_status":"closed","ping_status":"closed","sticky":false,"template":"","format":"standard","meta":{"_jetpack_memberships_contains_paid_content":false,"footnotes":""},"categories":[5,1],"tags":[],"class_list":["post-176018","post","type-post","status-publish","format-standard","has-post-thumbnail","hentry","category-informacion-general","category-portada"],"jetpack_featured_media_url":"https:\/\/i0.wp.com\/cdnoticias.com\/wp-content\/uploads\/2025\/07\/talleres-ambiente2.jpg?fit=900%2C506&ssl=1","jetpack_sharing_enabled":true,"_links":{"self":[{"href":"https:\/\/cdnoticias.com\/index.php\/wp-json\/wp\/v2\/posts\/176018","targetHints":{"allow":["GET"]}}],"collection":[{"href":"https:\/\/cdnoticias.com\/index.php\/wp-json\/wp\/v2\/posts"}],"about":[{"href":"https:\/\/cdnoticias.com\/index.php\/wp-json\/wp\/v2\/types\/post"}],"author":[{"embeddable":true,"href":"https:\/\/cdnoticias.com\/index.php\/wp-json\/wp\/v2\/users\/6"}],"replies":[{"embeddable":true,"href":"https:\/\/cdnoticias.com\/index.php\/wp-json\/wp\/v2\/comments?post=176018"}],"version-history":[{"count":0,"href":"https:\/\/cdnoticias.com\/index.php\/wp-json\/wp\/v2\/posts\/176018\/revisions"}],"wp:featuredmedia":[{"embeddable":true,"href":"https:\/\/cdnoticias.com\/index.php\/wp-json\/wp\/v2\/media\/176020"}],"wp:attachment":[{"href":"https:\/\/cdnoticias.com\/index.php\/wp-json\/wp\/v2\/media?parent=176018"}],"wp:term":[{"taxonomy":"category","embeddable":true,"href":"https:\/\/cdnoticias.com\/index.php\/wp-json\/wp\/v2\/categories?post=176018"},{"taxonomy":"post_tag","embeddable":true,"href":"https:\/\/cdnoticias.com\/index.php\/wp-json\/wp\/v2\/tags?post=176018"}],"curies":[{"name":"wp","href":"https:\/\/api.w.org\/{rel}","templated":true}]}}