{"id":176005,"date":"2025-07-05T08:52:59","date_gmt":"2025-07-05T11:52:59","guid":{"rendered":"https:\/\/cdnoticias.com\/?p=176005"},"modified":"2025-07-06T01:45:23","modified_gmt":"2025-07-06T04:45:23","slug":"un-proyecto-para-que-crear-una-oficina-municipal-de-apoyo-a-familias-de-pacientes-oncopediatricos","status":"publish","type":"post","link":"https:\/\/cdnoticias.com\/index.php\/2025\/07\/05\/un-proyecto-para-que-crear-una-oficina-municipal-de-apoyo-a-familias-de-pacientes-oncopediatricos\/","title":{"rendered":"Un proyecto para crear una oficina municipal de apoyo a familias de pacientes oncopedi\u00e1tricos"},"content":{"rendered":"<p>Para dar a conocer la propuesta estuvo en Olavarr\u00eda Silvina Andrade de la Uni\u00f3n de Padres de Pacientes Oncopedi\u00e1tricos. \u201cEs crear una instancia administrativa que permita gestionar y facilitar los tr\u00e1mites\u201d dijo el concejal Oliver Gamondi.<!--more--><\/p>\n<hr \/>\n<p>La <strong>titular de la Uni\u00f3n de Padres de Pacientes Oncopedi\u00e1tricos (UPPO), Silvina Andrade<\/strong>, estuvo este viernes <strong>en Olavarr\u00eda<\/strong> para<strong> impulsar la propuesta de creaci\u00f3n de una dependencia municipal<\/strong> que acompa\u00f1e a las familias en la <strong>realizaci\u00f3n de tr\u00e1mites cuando un ni\u00f1o recibe el diagn\u00f3stico de una enfermedad oncol\u00f3gica<\/strong>. <em>\u201cCuando a vos te dicen que tu hijo tiene c\u00e1ncer, se te termina el mundo\u201d<\/em> plante\u00f3 para contar que es una iniciativa que la asociaci\u00f3n impulsa en todo el pa\u00eds y que en el \u00e1mbito de la provincia de Buenos Aires ya cuenta con municipios adheridos.<\/p>\n<p>En el Concejo Deliberante local el <strong>bloque La Libertad Avanza<\/strong> realiz\u00f3 la presentaci\u00f3n formal de la propuesta. En ese sentido, <strong>el concejal Oliver Gamondi<\/strong> junto a Andrade brindaron una conferencia este viernes por la ma\u00f1ana para dar a conocer el proyecto y la situaci\u00f3n de las familias que atraviesan este tipo de patolog\u00edas.<\/p>\n<p>El concejal advirti\u00f3 que<strong> el Municipio de Olavarr\u00eda no cuenta actualmente con un programa espec\u00edfico<\/strong>, un registro local y una estructura institucional para este tipo de acompa\u00f1amientos. De all\u00ed subray\u00f3 la importancia del proyecto de ordenanza. En el expediente impulsado se contempla la<strong> adhesi\u00f3n municipal a la Ley 15.403 de la provincia de Buenos Aires, la cual a su vez adhiere la Ley Nacional 27.674<\/strong> que establece el R\u00e9gimen de Protecci\u00f3n Integral para los Ni\u00f1os, Ni\u00f1as y Adolescentes con C\u00e1ncer. La legislaci\u00f3n nacional reconoce su derecho a una cobertura m\u00e9dica integral, tratamientos, acompa\u00f1amiento psicosocial, prioridad en la atenci\u00f3n y asistencia integral para ellos y sus familias.<\/p>\n<h3>El proyecto local<\/h3>\n<p><strong>Gamondi coment\u00f3 que \u201ces un tema que preocupa mucho a los padres y a pacientes a lo largo y a lo ancho del pa\u00eds<\/strong>, porque notan que los padres y los pacientes no tienen el acompa\u00f1amiento necesario para encarar estas situaciones tan dif\u00edciles que se presentan en el marco sanitario\u201d. Tras repasar la legislaci\u00f3n nacional y provincial vigente indic\u00f3 que \u201cel proyecto de ordenanza busca que el Municipio de Olavarr\u00eda pueda adherir a la ley provincial, a la ley nacional y cree un programa de oncopediatr\u00eda\u201d.<\/p>\n<p><img data-recalc-dims=\"1\" loading=\"lazy\" decoding=\"async\" class=\"alignnone size-full wp-image-176007 aligncenter\" src=\"https:\/\/i0.wp.com\/cdnoticias.com\/wp-content\/uploads\/2025\/07\/HCD-la-libertad-avanza-oncopediatria-01-oliver-gamondi.jpg?resize=800%2C445&#038;ssl=1\" alt=\"\" width=\"800\" height=\"445\" srcset=\"https:\/\/i0.wp.com\/cdnoticias.com\/wp-content\/uploads\/2025\/07\/HCD-la-libertad-avanza-oncopediatria-01-oliver-gamondi.jpg?w=1000&amp;ssl=1 1000w, https:\/\/i0.wp.com\/cdnoticias.com\/wp-content\/uploads\/2025\/07\/HCD-la-libertad-avanza-oncopediatria-01-oliver-gamondi.jpg?resize=300%2C167&amp;ssl=1 300w, https:\/\/i0.wp.com\/cdnoticias.com\/wp-content\/uploads\/2025\/07\/HCD-la-libertad-avanza-oncopediatria-01-oliver-gamondi.jpg?resize=768%2C427&amp;ssl=1 768w, https:\/\/i0.wp.com\/cdnoticias.com\/wp-content\/uploads\/2025\/07\/HCD-la-libertad-avanza-oncopediatria-01-oliver-gamondi.jpg?resize=800%2C445&amp;ssl=1 800w\" sizes=\"auto, (max-width: 800px) 100vw, 800px\" \/><\/p>\n<blockquote><p>\u201cEs crear una instancia administrativa que permita gestionar y facilitar los tr\u00e1mites de todo lo que es el tratamiento. Desde el traslado, la obtenci\u00f3n de los turnos y dem\u00e1s\u201d explic\u00f3. Apunt\u00f3 a que la ausencia de este acompa\u00f1amiento \u201cse termina traduciendo en situaciones muy complejas y tristes en alg\u00fan punto, que generan dolores de cabeza a los familiares, a los pacientes, y que no deber\u00eda ser as\u00ed\u201d.<\/p><\/blockquote>\n<h3>\u201cNos sentimos bastante solos\u201d<\/h3>\n<p><strong>Silvina Andrade, vecina de la ciudad de Azul<\/strong>, inform\u00f3 que en 2019 <strong>su hija fue diagnosticada con una enfermedad oncol\u00f3gica<\/strong> y actualmente se encuentra bien. Record\u00f3 que en el inicio de la situaci\u00f3n <strong>\u201cnos sentimos bastante solos, no hab\u00eda regulaci\u00f3n para lo que es oncopediatr\u00eda<\/strong>. Y que no hubiera nada que nos ampare, hac\u00eda que hab\u00eda que pelear cada cosa que hab\u00eda que hacer con los chicos\u201d. El tratamiento se brinda en la ciudad de Buenos Aires, y all\u00ed Silvina se encontr\u00f3 con que las mismas situaciones que ella viv\u00eda las padec\u00edan todas las familias del pa\u00eds.<\/p>\n<p><strong>\u201cTen\u00edamos que empezar a hacer algo porque estaban los chicos en el medio, la verdad es que son chicos de todo el pa\u00eds. Es muy triste\u201d<\/strong> expres\u00f3 sobre c\u00f3mo se involucr\u00f3 en la formaci\u00f3n de la Uni\u00f3n de Padres de Pacientes Oncopedi\u00e1tricos desde la que se impulsaron la ley nacional y la ley provincia en Buenos Aires. <strong>\u201cEntendimos que el Municipio es el primero que se encuentra con esta situaci\u00f3n<\/strong> porque los chicos, los lugares donde no se hacen los diagn\u00f3sticos, el chico sale de su casa y el Municipio es fundamental que acompa\u00f1e. Y a la vuelta tambi\u00e9n porque tenemos que hacer la remisi\u00f3n o volver en los d\u00edas que nos dejan o hay chicos que vuelven para hacer paliativos o hay chicos que no vuelven. Pero el municipio es importante que acompa\u00f1e\u201d se\u00f1al\u00f3 para explicar el origen de la propuesta que se present\u00f3 en el HCD local.<\/p>\n<p><img data-recalc-dims=\"1\" loading=\"lazy\" decoding=\"async\" class=\"alignnone size-full wp-image-176009 aligncenter\" src=\"https:\/\/i0.wp.com\/cdnoticias.com\/wp-content\/uploads\/2025\/07\/HCD-la-libertad-avanza-oncopediatria-02-silvina-andrade.jpg?resize=800%2C445&#038;ssl=1\" alt=\"\" width=\"800\" height=\"445\" srcset=\"https:\/\/i0.wp.com\/cdnoticias.com\/wp-content\/uploads\/2025\/07\/HCD-la-libertad-avanza-oncopediatria-02-silvina-andrade.jpg?w=1000&amp;ssl=1 1000w, https:\/\/i0.wp.com\/cdnoticias.com\/wp-content\/uploads\/2025\/07\/HCD-la-libertad-avanza-oncopediatria-02-silvina-andrade.jpg?resize=300%2C167&amp;ssl=1 300w, https:\/\/i0.wp.com\/cdnoticias.com\/wp-content\/uploads\/2025\/07\/HCD-la-libertad-avanza-oncopediatria-02-silvina-andrade.jpg?resize=768%2C427&amp;ssl=1 768w, https:\/\/i0.wp.com\/cdnoticias.com\/wp-content\/uploads\/2025\/07\/HCD-la-libertad-avanza-oncopediatria-02-silvina-andrade.jpg?resize=800%2C445&amp;ssl=1 800w\" sizes=\"auto, (max-width: 800px) 100vw, 800px\" \/><\/p>\n<p>Andrade destac\u00f3 que <strong>la ley nacional \u201cest\u00e1 funcionando muy bien.<\/strong> Hoy podemos decir que no hay chicos a quienes no llegue el tratamiento como corresponde. Pero hay otras cosas que no es solamente un tratamiento, sino que hay todo un contexto familiar, social, burocr\u00e1tico de tr\u00e1mites\u201d. Luego se refiri\u00f3 a que si bien la ley provincial fue promulgada en enero de 2023, a\u00fan no fue reglamentada: <strong>\u201cel problema que tenemos que el Gobernador todav\u00eda no design\u00f3 la autoridad de aplicaci\u00f3n,<\/strong> entonces no se puede usar, no se puede reglamentar\u201d. M\u00e1s adelante destac\u00f3 la labor del Instituto Provincial del C\u00e1ncer, m\u00e1s all\u00e1 de la falta de reglamentaci\u00f3n de la normativa bonaerense.<\/p>\n<blockquote><p>\u201cHoy es necesario que el Gobernador de la provincia de Buenos Aires, que es una de las m\u00e1s importantes porque es donde se atienden chicos de toda la Argentina, designe la autoridad de aplicaci\u00f3n para que la Provincia, que tiene una de las obras sociales m\u00e1s grandes, IOMA, pueda estar regulada y los chicos puedan tener el respaldo\u201d manifest\u00f3.<\/p><\/blockquote>\n<h3>La Uni\u00f3n de Padres<\/h3>\n<p><strong>\u201cLo que tratamos de hacer, m\u00e1s que algo social, es ense\u00f1arles a hacer tr\u00e1mites\u201d<\/strong> resumi\u00f3 la mujer sobre el prop\u00f3sito de la UPPO. \u201cCuando te dan estos diagn\u00f3sticos nosotros queremos que los pap\u00e1s se dediquen a estar cuidando a los chicos, no a estar haciendo peleas burocr\u00e1ticas con obras sociales. Entonces <strong>es importante el acompa\u00f1amiento del Municipio, de una oficina, de una persona id\u00f3nea que est\u00e9 preparada y que acompa\u00f1e a esa familia desde el momento del diagn\u00f3stico hasta lo que sea que pase\u201d<\/strong>.<\/p>\n<blockquote><p>La titular de la asociaci\u00f3n de padres recalc\u00f3 que con los proyectos de ley impulsados pretenden que las familias \u201csepan que hay un Estado que los va a acompa\u00f1ar. Porque la verdad que pelear solos es muy dif\u00edcil. Nosotros tratamos de ense\u00f1arles a los pap\u00e1s a hacer los tr\u00e1mites pero necesitamos que del otro lado haya un respaldo\u201d. Tuvo en cuenta que se trata de \u201cenfermedades de a\u00f1os\u201d y que impactan en todos los miembros de una familia, m\u00e1s all\u00e1 de quien recibe el diagn\u00f3stico.<\/p><\/blockquote>\n<p><img data-recalc-dims=\"1\" loading=\"lazy\" decoding=\"async\" class=\"alignnone size-full wp-image-176008 aligncenter\" src=\"https:\/\/i0.wp.com\/cdnoticias.com\/wp-content\/uploads\/2025\/07\/HCD-la-libertad-avanza-oncopediatria-01.jpg?resize=800%2C445&#038;ssl=1\" alt=\"\" width=\"800\" height=\"445\" srcset=\"https:\/\/i0.wp.com\/cdnoticias.com\/wp-content\/uploads\/2025\/07\/HCD-la-libertad-avanza-oncopediatria-01.jpg?w=1000&amp;ssl=1 1000w, https:\/\/i0.wp.com\/cdnoticias.com\/wp-content\/uploads\/2025\/07\/HCD-la-libertad-avanza-oncopediatria-01.jpg?resize=300%2C167&amp;ssl=1 300w, https:\/\/i0.wp.com\/cdnoticias.com\/wp-content\/uploads\/2025\/07\/HCD-la-libertad-avanza-oncopediatria-01.jpg?resize=768%2C427&amp;ssl=1 768w, https:\/\/i0.wp.com\/cdnoticias.com\/wp-content\/uploads\/2025\/07\/HCD-la-libertad-avanza-oncopediatria-01.jpg?resize=800%2C445&amp;ssl=1 800w\" sizes=\"auto, (max-width: 800px) 100vw, 800px\" \/><\/p>\n<p>La intenci\u00f3n es que \u201cesos pap\u00e1s est\u00e9n acompa\u00f1ados\u201d reiter\u00f3. En ese sentido retom\u00f3 sobre las iniciativas en los municipios y cont\u00f3 que el primer proyecto lo presentaron <strong>en Azul, \u201choy trabajamos para que ese programa se haga y funcione. Los tiempos son importantes para los chicos, las horas a veces son muy importantes\u201d<\/strong>. En el vecino distrito la ordenanza ya est\u00e1 en vigencia,<strong> \u201cpero el programa todav\u00eda no est\u00e1\u201d dijo para advertir que \u201cen Azul nos est\u00e1 costando bastante\u201d.<\/strong><\/p>\n<p>No obstante sostuvo que <strong>\u201cgeneralmente la respuesta es buena<\/strong> si la gente se involucra. Nunca tenemos el no como respuesta. As\u00ed que eso para nosotros es muy bueno\u201d. Cit\u00f3 a modo de ejemplo que en <strong>Bah\u00eda Blanca<\/strong> \u201cse est\u00e1 replicando la ordenanza\u201d y que en <strong>Laprida<\/strong> \u201cse est\u00e1 empezando a trabajar\u201d.<\/p>\n<h3>\u201cQue no dependan de una colecta\u201d<\/h3>\n<blockquote><p>Silvina Andrade remarc\u00f3 la importancia del cumplimiento de la normativa vigente. \u201cJustamente la idea es que los chicos no dependan de una colecta. Porque hay lugares y hay ciudades donde se moviliza mucho, pero primero que no le corresponde a la gente hacerse cargo de lo que los chicos pasan. Y segundo, que hay lugares que no se puede hacer\u201d.<\/p><\/blockquote>\n<p><img data-recalc-dims=\"1\" loading=\"lazy\" decoding=\"async\" class=\"alignnone size-full wp-image-176006 aligncenter\" src=\"https:\/\/i0.wp.com\/cdnoticias.com\/wp-content\/uploads\/2025\/07\/HCD-la-libertad-avanza-oncopediatria-00.jpg?resize=800%2C445&#038;ssl=1\" alt=\"\" width=\"800\" height=\"445\" srcset=\"https:\/\/i0.wp.com\/cdnoticias.com\/wp-content\/uploads\/2025\/07\/HCD-la-libertad-avanza-oncopediatria-00.jpg?w=1000&amp;ssl=1 1000w, https:\/\/i0.wp.com\/cdnoticias.com\/wp-content\/uploads\/2025\/07\/HCD-la-libertad-avanza-oncopediatria-00.jpg?resize=300%2C167&amp;ssl=1 300w, https:\/\/i0.wp.com\/cdnoticias.com\/wp-content\/uploads\/2025\/07\/HCD-la-libertad-avanza-oncopediatria-00.jpg?resize=768%2C427&amp;ssl=1 768w, https:\/\/i0.wp.com\/cdnoticias.com\/wp-content\/uploads\/2025\/07\/HCD-la-libertad-avanza-oncopediatria-00.jpg?resize=800%2C445&amp;ssl=1 800w\" sizes=\"auto, (max-width: 800px) 100vw, 800px\" \/><\/p>\n<p>Dej\u00f3 en claro que <strong>\u201cque se haga no est\u00e1 mal, porque vos ayud\u00e1s un poco a la familia. Pero la idea es que todo lo que el chico necesita est\u00e9 cubierto\u201d<\/strong>. Por \u00faltimo, tuvo en cuenta que tambi\u00e9n se dan situaciones de enga\u00f1o y abuso por las cuales \u201cla gente tambi\u00e9n empieza a descreer\u201d.<\/p>\n<p>De la conferencia en el HCD este viernes participaron tambi\u00e9n<em> Viviana Guevara y Carlos Ripoll<\/em>, responsables del \u00e1rea social dentro La Libertad Avanza de Olavarr\u00eda. <strong>El proyecto de ordenanza fue formalmente presentado este viernes<\/strong> y en la pr\u00f3xima sesi\u00f3n se le dar\u00e1 ingreso para su pase a <strong>estudio en las comisiones<\/strong>.<\/p>\n","protected":false},"excerpt":{"rendered":"<p>Para dar a conocer la propuesta estuvo en Olavarr\u00eda Silvina Andrade de la Uni\u00f3n de Padres de Pacientes Oncopedi\u00e1tricos. \u201cEs<\/p>\n","protected":false},"author":4,"featured_media":176010,"comment_status":"closed","ping_status":"closed","sticky":false,"template":"","format":"standard","meta":{"_jetpack_memberships_contains_paid_content":false,"footnotes":""},"categories":[4,1],"tags":[],"class_list":["post-176005","post","type-post","status-publish","format-standard","has-post-thumbnail","hentry","category-politica","category-portada"],"jetpack_featured_media_url":"https:\/\/i0.wp.com\/cdnoticias.com\/wp-content\/uploads\/2025\/07\/HCD-la-libertad-avanza-oncopediatria-03-silvina-andrade.jpg?fit=1000%2C556&ssl=1","jetpack_sharing_enabled":true,"_links":{"self":[{"href":"https:\/\/cdnoticias.com\/index.php\/wp-json\/wp\/v2\/posts\/176005","targetHints":{"allow":["GET"]}}],"collection":[{"href":"https:\/\/cdnoticias.com\/index.php\/wp-json\/wp\/v2\/posts"}],"about":[{"href":"https:\/\/cdnoticias.com\/index.php\/wp-json\/wp\/v2\/types\/post"}],"author":[{"embeddable":true,"href":"https:\/\/cdnoticias.com\/index.php\/wp-json\/wp\/v2\/users\/4"}],"replies":[{"embeddable":true,"href":"https:\/\/cdnoticias.com\/index.php\/wp-json\/wp\/v2\/comments?post=176005"}],"version-history":[{"count":0,"href":"https:\/\/cdnoticias.com\/index.php\/wp-json\/wp\/v2\/posts\/176005\/revisions"}],"wp:featuredmedia":[{"embeddable":true,"href":"https:\/\/cdnoticias.com\/index.php\/wp-json\/wp\/v2\/media\/176010"}],"wp:attachment":[{"href":"https:\/\/cdnoticias.com\/index.php\/wp-json\/wp\/v2\/media?parent=176005"}],"wp:term":[{"taxonomy":"category","embeddable":true,"href":"https:\/\/cdnoticias.com\/index.php\/wp-json\/wp\/v2\/categories?post=176005"},{"taxonomy":"post_tag","embeddable":true,"href":"https:\/\/cdnoticias.com\/index.php\/wp-json\/wp\/v2\/tags?post=176005"}],"curies":[{"name":"wp","href":"https:\/\/api.w.org\/{rel}","templated":true}]}}