{"id":176000,"date":"2025-07-04T14:46:40","date_gmt":"2025-07-04T17:46:40","guid":{"rendered":"https:\/\/cdnoticias.com\/?p=176000"},"modified":"2025-07-04T18:39:02","modified_gmt":"2025-07-04T21:39:02","slug":"adolescente-herida-sobre-la-autopista-fortabat","status":"publish","type":"post","link":"https:\/\/cdnoticias.com\/index.php\/2025\/07\/04\/adolescente-herida-sobre-la-autopista-fortabat\/","title":{"rendered":"Adolescente herida sobre la autopista Fortabat"},"content":{"rendered":"<p>Este viernes fue arrollada por un auto a la altura de la calle 181. La joven fue trasladada al Hospital de forma particular.<!--more--><\/p>\n<hr \/>\n<p><strong>Una adolescente de 16 a\u00f1os<\/strong> result\u00f3 <strong>herida<\/strong> tras ser <strong>atropellada por un auto<\/strong> en la zona de la <strong>autopista Fortabat y calle 181<\/strong>.<\/p>\n<p>El hecho ocurri\u00f3 <strong>este viernes alrededor de las 7.30<\/strong>, cuando <strong>un Fiat Siena<\/strong> conducido por<strong> un hombre de 50 a\u00f1os<\/strong> embisti\u00f3 a la joven. Al momento del arribo policial,<strong> la v\u00edctima ya hab\u00eda sido trasladada al Hospital Municipal<\/strong> de forma particular.<\/p>\n<p>Desde el centro de salud se inform\u00f3 que <strong>la adolescente presentaba lesiones<\/strong>, aunque sin riesgo de vida. En el lugar trabaj\u00f3 personal de Polic\u00eda Cient\u00edfica y se cumplieron las diligencias ordenadas por el Ministerio P\u00fablico Fiscal.<\/p>\n<p><img data-recalc-dims=\"1\" loading=\"lazy\" decoding=\"async\" class=\"alignnone size-full wp-image-176002 aligncenter\" src=\"https:\/\/i0.wp.com\/cdnoticias.com\/wp-content\/uploads\/2025\/07\/autopista-fortabat-y-calle-181-choque-b.jpg?resize=700%2C389&#038;ssl=1\" alt=\"\" width=\"700\" height=\"389\" srcset=\"https:\/\/i0.wp.com\/cdnoticias.com\/wp-content\/uploads\/2025\/07\/autopista-fortabat-y-calle-181-choque-b.jpg?w=700&amp;ssl=1 700w, https:\/\/i0.wp.com\/cdnoticias.com\/wp-content\/uploads\/2025\/07\/autopista-fortabat-y-calle-181-choque-b.jpg?resize=300%2C167&amp;ssl=1 300w\" sizes=\"auto, (max-width: 700px) 100vw, 700px\" \/><\/p>\n<p>Entre las medidas dispuestas, se efectu\u00f3 el <strong>secuestro del veh\u00edculo involucrado<\/strong>, se orden\u00f3 la <strong>extracci\u00f3n de sangre al conductor<\/strong> y se lo notific\u00f3 de la <strong>formaci\u00f3n de una causa penal<\/strong>.<\/p>\n<p>Interviene en la causa, caratulada como <strong>\u201clesiones culposas\u201d<\/strong>, la UFI N.\u00ba 7 del Departamento Judicial de Azul, con sede en Olavarr\u00eda.<\/p>\n","protected":false},"excerpt":{"rendered":"<p>Este viernes fue arrollada por un auto a la altura de la calle 181. La joven fue trasladada al Hospital<\/p>\n","protected":false},"author":4,"featured_media":176001,"comment_status":"closed","ping_status":"closed","sticky":false,"template":"","format":"standard","meta":{"_jetpack_memberships_contains_paid_content":false,"footnotes":""},"categories":[14,1],"tags":[],"class_list":["post-176000","post","type-post","status-publish","format-standard","has-post-thumbnail","hentry","category-policiales","category-portada"],"jetpack_featured_media_url":"https:\/\/i0.wp.com\/cdnoticias.com\/wp-content\/uploads\/2025\/07\/autopista-fortabat-y-calle-181-choque-a.jpg?fit=800%2C445&ssl=1","jetpack_sharing_enabled":true,"_links":{"self":[{"href":"https:\/\/cdnoticias.com\/index.php\/wp-json\/wp\/v2\/posts\/176000","targetHints":{"allow":["GET"]}}],"collection":[{"href":"https:\/\/cdnoticias.com\/index.php\/wp-json\/wp\/v2\/posts"}],"about":[{"href":"https:\/\/cdnoticias.com\/index.php\/wp-json\/wp\/v2\/types\/post"}],"author":[{"embeddable":true,"href":"https:\/\/cdnoticias.com\/index.php\/wp-json\/wp\/v2\/users\/4"}],"replies":[{"embeddable":true,"href":"https:\/\/cdnoticias.com\/index.php\/wp-json\/wp\/v2\/comments?post=176000"}],"version-history":[{"count":0,"href":"https:\/\/cdnoticias.com\/index.php\/wp-json\/wp\/v2\/posts\/176000\/revisions"}],"wp:featuredmedia":[{"embeddable":true,"href":"https:\/\/cdnoticias.com\/index.php\/wp-json\/wp\/v2\/media\/176001"}],"wp:attachment":[{"href":"https:\/\/cdnoticias.com\/index.php\/wp-json\/wp\/v2\/media?parent=176000"}],"wp:term":[{"taxonomy":"category","embeddable":true,"href":"https:\/\/cdnoticias.com\/index.php\/wp-json\/wp\/v2\/categories?post=176000"},{"taxonomy":"post_tag","embeddable":true,"href":"https:\/\/cdnoticias.com\/index.php\/wp-json\/wp\/v2\/tags?post=176000"}],"curies":[{"name":"wp","href":"https:\/\/api.w.org\/{rel}","templated":true}]}}