{"id":175995,"date":"2025-07-04T12:53:13","date_gmt":"2025-07-04T15:53:13","guid":{"rendered":"https:\/\/cdnoticias.com\/?p=175995"},"modified":"2025-07-04T12:53:15","modified_gmt":"2025-07-04T15:53:15","slug":"dos-motociclistas-heridos-en-sendos-siniestros-viales","status":"publish","type":"post","link":"https:\/\/cdnoticias.com\/index.php\/2025\/07\/04\/dos-motociclistas-heridos-en-sendos-siniestros-viales\/","title":{"rendered":"Dos motociclistas heridos en sendos siniestros viales"},"content":{"rendered":"<p>Uno de ellos es un efectivo policial que choc\u00f3 contra un reductor de velocidad en Col\u00f3n y Pellegrini. El segundo veh\u00edculo se vio involucrado en un choque con un auto sobre avenida Del Valle.<!--more--><\/p>\n<hr \/>\n<p>Un<strong> joven result\u00f3 herido<\/strong> tras protagonizar un <strong>siniestro vial<\/strong> con una <strong>moto<\/strong>. La v\u00edctima, <strong>de 22 a\u00f1os<\/strong>, se desempe\u00f1a como <strong>oficial de la UTOI Olavarr\u00eda<\/strong> y transitaba a bordo de un<strong> veh\u00edculo oficial<\/strong>.<\/p>\n<p>El hecho ocurri\u00f3 este jueves en la <strong>rotonda de avenida Pellegrini y avenida Col\u00f3n<\/strong>. Una<strong> moto BMW modelo 850GS<\/strong> que conduc\u00eda<strong> impact\u00f3 contra un reductor de velocidad<\/strong>. Seg\u00fan se indic\u00f3, no hubo intervenci\u00f3n de un tercer veh\u00edculo.<\/p>\n<blockquote><p>Al lugar acudi\u00f3 una ambulancia del SAME para trasladar al joven al Hospital Municipal. Result\u00f3 con lesiones de consideraci\u00f3n ya que se inform\u00f3 que perdi\u00f3 el conocimiento y le hicieron estudios por una lesi\u00f3n en la clav\u00edcula. El paciente no presentaba riesgo de vida.<\/p><\/blockquote>\n<p><img data-recalc-dims=\"1\" loading=\"lazy\" decoding=\"async\" class=\"alignnone size-full wp-image-175997 aligncenter\" src=\"https:\/\/i0.wp.com\/cdnoticias.com\/wp-content\/uploads\/2025\/07\/pellegrini-y-colon-choque.jpeg?resize=800%2C445&#038;ssl=1\" alt=\"\" width=\"800\" height=\"445\" srcset=\"https:\/\/i0.wp.com\/cdnoticias.com\/wp-content\/uploads\/2025\/07\/pellegrini-y-colon-choque.jpeg?w=1000&amp;ssl=1 1000w, https:\/\/i0.wp.com\/cdnoticias.com\/wp-content\/uploads\/2025\/07\/pellegrini-y-colon-choque.jpeg?resize=300%2C167&amp;ssl=1 300w, https:\/\/i0.wp.com\/cdnoticias.com\/wp-content\/uploads\/2025\/07\/pellegrini-y-colon-choque.jpeg?resize=768%2C427&amp;ssl=1 768w, https:\/\/i0.wp.com\/cdnoticias.com\/wp-content\/uploads\/2025\/07\/pellegrini-y-colon-choque.jpeg?resize=800%2C445&amp;ssl=1 800w\" sizes=\"auto, (max-width: 800px) 100vw, 800px\" \/><\/p>\n<p>La escena fue preservada y se dio intervenci\u00f3n a personal de Polic\u00eda Cient\u00edfica. El rodado fue secuestrado y las actuaciones fueron giradas a la Comisar\u00eda Segunda por corresponder a la jurisdicci\u00f3n.<\/p>\n<p>Interviene en la causa, caratulada como <strong>\u201clesiones por accidente\u201d<\/strong>, la UFI N.\u00ba 7 a cargo del fiscal Dr. Urlezaga.<\/p>\n<h3>Choque sobre avenida Del Valle<\/h3>\n<p>Un <strong>hombre de 28 a\u00f1os<\/strong> result\u00f3 herido tras un<strong> choque entre una moto y un auto<\/strong> en la intersecci\u00f3n de <strong>avenida Del Valle y Tierra del Fuego<\/strong>.<\/p>\n<blockquote><p>Fue jueves y tuvo como involucrados a un autom\u00f3vil Fiat Uno y una motocicleta Motomel CX 110. El auto conducido por un hombre de 48 a\u00f1os colision\u00f3 contra la moto lo que provoc\u00f3 que el conductor del rodado menor perdiera el control y cayera al pavimento.<\/p><\/blockquote>\n<p><img data-recalc-dims=\"1\" loading=\"lazy\" decoding=\"async\" class=\"alignnone size-full wp-image-175996 aligncenter\" src=\"https:\/\/i0.wp.com\/cdnoticias.com\/wp-content\/uploads\/2025\/07\/del-valle-y-tierra-del-fuego-choque.jpeg?resize=800%2C445&#038;ssl=1\" alt=\"\" width=\"800\" height=\"445\" srcset=\"https:\/\/i0.wp.com\/cdnoticias.com\/wp-content\/uploads\/2025\/07\/del-valle-y-tierra-del-fuego-choque.jpeg?w=1000&amp;ssl=1 1000w, https:\/\/i0.wp.com\/cdnoticias.com\/wp-content\/uploads\/2025\/07\/del-valle-y-tierra-del-fuego-choque.jpeg?resize=300%2C167&amp;ssl=1 300w, https:\/\/i0.wp.com\/cdnoticias.com\/wp-content\/uploads\/2025\/07\/del-valle-y-tierra-del-fuego-choque.jpeg?resize=768%2C427&amp;ssl=1 768w, https:\/\/i0.wp.com\/cdnoticias.com\/wp-content\/uploads\/2025\/07\/del-valle-y-tierra-del-fuego-choque.jpeg?resize=800%2C445&amp;ssl=1 800w\" sizes=\"auto, (max-width: 800px) 100vw, 800px\" \/><\/p>\n<p>Al lugar acudi\u00f3 una ambulancia del SAME que traslad\u00f3 al<strong> motociclista al hospital<\/strong> donde se le diagnostic\u00f3 una<strong> fractura en el pie izquierdo<\/strong>.<\/p>\n<p>Intervino personal de Polic\u00eda Cient\u00edfica y se procedi\u00f3 a preservar la escena del accidente. Los veh\u00edculos fueron secuestrados y las actuaciones fueron derivadas a la Comisar\u00eda Segunda caratuladas como<strong> \u201clesiones culposas\u201d<\/strong> e interviene la UFI N.\u00ba 7.<\/p>\n","protected":false},"excerpt":{"rendered":"<p>Uno de ellos es un efectivo policial que choc\u00f3 contra un reductor de velocidad en Col\u00f3n y Pellegrini. El segundo<\/p>\n","protected":false},"author":4,"featured_media":175998,"comment_status":"closed","ping_status":"closed","sticky":false,"template":"","format":"standard","meta":{"_jetpack_memberships_contains_paid_content":false,"footnotes":""},"categories":[14,1],"tags":[],"class_list":["post-175995","post","type-post","status-publish","format-standard","has-post-thumbnail","hentry","category-policiales","category-portada"],"jetpack_featured_media_url":"https:\/\/i0.wp.com\/cdnoticias.com\/wp-content\/uploads\/2025\/07\/pellegrini-y-del-valle-choques-motos.jpg?fit=1000%2C557&ssl=1","jetpack_sharing_enabled":true,"_links":{"self":[{"href":"https:\/\/cdnoticias.com\/index.php\/wp-json\/wp\/v2\/posts\/175995","targetHints":{"allow":["GET"]}}],"collection":[{"href":"https:\/\/cdnoticias.com\/index.php\/wp-json\/wp\/v2\/posts"}],"about":[{"href":"https:\/\/cdnoticias.com\/index.php\/wp-json\/wp\/v2\/types\/post"}],"author":[{"embeddable":true,"href":"https:\/\/cdnoticias.com\/index.php\/wp-json\/wp\/v2\/users\/4"}],"replies":[{"embeddable":true,"href":"https:\/\/cdnoticias.com\/index.php\/wp-json\/wp\/v2\/comments?post=175995"}],"version-history":[{"count":0,"href":"https:\/\/cdnoticias.com\/index.php\/wp-json\/wp\/v2\/posts\/175995\/revisions"}],"wp:featuredmedia":[{"embeddable":true,"href":"https:\/\/cdnoticias.com\/index.php\/wp-json\/wp\/v2\/media\/175998"}],"wp:attachment":[{"href":"https:\/\/cdnoticias.com\/index.php\/wp-json\/wp\/v2\/media?parent=175995"}],"wp:term":[{"taxonomy":"category","embeddable":true,"href":"https:\/\/cdnoticias.com\/index.php\/wp-json\/wp\/v2\/categories?post=175995"},{"taxonomy":"post_tag","embeddable":true,"href":"https:\/\/cdnoticias.com\/index.php\/wp-json\/wp\/v2\/tags?post=175995"}],"curies":[{"name":"wp","href":"https:\/\/api.w.org\/{rel}","templated":true}]}}