{"id":175984,"date":"2025-07-04T11:17:28","date_gmt":"2025-07-04T14:17:28","guid":{"rendered":"https:\/\/cdnoticias.com\/?p=175984"},"modified":"2025-07-04T14:47:17","modified_gmt":"2025-07-04T17:47:17","slug":"en-olavarria-se-retrajo-la-economia-en-forma-integral-un-16","status":"publish","type":"post","link":"https:\/\/cdnoticias.com\/index.php\/2025\/07\/04\/en-olavarria-se-retrajo-la-economia-en-forma-integral-un-16\/","title":{"rendered":"\u201cEn Olavarr\u00eda se retrajo la econom\u00eda en forma integral un 16%\u201d"},"content":{"rendered":"\n<p>Lo se\u00f1al\u00f3 el secretario de Desarrollo Econ\u00f3mico Municipal, Pablo Di Uono. El impacto de la suspensi\u00f3n de la obra p\u00fablica nacional y los sectores productivos m\u00e1s afectados.<\/p>\n\n\n\n<hr class=\"wp-block-separator has-alpha-channel-opacity\"\/>\n\n\n\n<p>El<strong> secretario de Desarrollo Econ\u00f3mico, Pablo Di Uono,<\/strong> se refiri\u00f3 al encuentro concretado el jueves por la tarde donde<a href=\"https:\/\/cdnoticias.com\/index.php\/2025\/07\/04\/economia-de-olavarria-la-situacion-actual-por-decisiones-que-se-toman-a-nivel-nacional-son-sumamente-negativas\/\" data-type=\"link\" data-id=\"https:\/\/cdnoticias.com\/index.php\/2025\/07\/04\/economia-de-olavarria-la-situacion-actual-por-decisiones-que-se-toman-a-nivel-nacional-son-sumamente-negativas\/\"> se compartieron distintos indicadores econ\u00f3micos sobre la actualidad del Partido.<\/a> Resalt\u00f3 que \u201cen Olavarr\u00eda se retrajo la econom\u00eda en forma integral un 16%\u201d.<\/p>\n\n\n\n<p><\/p>\n\n\n\n<p>La presentaci\u00f3n fue encabezada por el intendente Maximiliano Wesner ante empresarios, instituciones, sindicatos, colegios profesionales y bancos p\u00fablicos como privados. Durante la reuni\u00f3n <strong>se presentaron datos que dan cuenta del impacto negativo que la coyuntura macroecon\u00f3mica nacional tiene en el plano local.<\/strong><\/p>\n\n\n\n<p><\/p>\n\n\n\n<p>\u201c<strong>El indicador de retracci\u00f3n junto con el de los despidos, son los que m\u00e1s nos preocupan.<\/strong> Esa retracci\u00f3n econ\u00f3mica que golpea a los distintos sectores productivos, desde diciembre de 2023 hasta la actualidad ha producido una de las consecuencias m\u00e1s graves que tienen este tipo de decisiones que son los despidos\u201d, afirm\u00f3 Di Uono en di\u00e1logo con<strong> Levantate por Radio Sapiens.<\/strong><\/p>\n\n\n\n<p><\/p>\n\n\n\n<blockquote class=\"wp-block-quote is-layout-flow wp-block-quote-is-layout-flow\">\n<p>\u201cSe produjeron 1500 despidos formalizados, puede llegar a haber muchos m\u00e1s de aquellos en donde no hay una formalidad\u201d, agreg\u00f3 el secretario de Desarrollo Econ\u00f3mico.<\/p>\n<\/blockquote>\n\n\n\n<p><\/p>\n\n\n\n<p>\u201cEsa decisi\u00f3n macro de interrupci\u00f3n de la obra p\u00fablica ha generado que sea un desencadenamiento a otros sectores en la reducci\u00f3n de ese movimiento econ\u00f3mico en la ciudad. <strong>Se afecta el Transporte y la Log\u00edstica, donde se retras\u00f3 un 19%; la Industria y el Servicio a la Industria, un 14%; el Comercio, un 14%, y por supuesto la Miner\u00eda, m\u00e1s de un 23%<\/strong>\u201d, detall\u00f3.<\/p>\n\n\n\n<p><\/p>\n\n\n\n<figure class=\"wp-block-embed is-type-wp-embed is-provider-central-de-noticias-olavarr-a wp-block-embed-central-de-noticias-olavarr-a\"><div class=\"wp-block-embed__wrapper\">\n<blockquote class=\"wp-embedded-content\" data-secret=\"DgPyifEN3N\"><a href=\"https:\/\/cdnoticias.com\/index.php\/2025\/07\/04\/economia-de-olavarria-la-situacion-actual-por-decisiones-que-se-toman-a-nivel-nacional-son-sumamente-negativas\/\">Econom\u00eda de Olavarr\u00eda: \u201cLa situaci\u00f3n actual por decisiones que se toman a nivel nacional son sumamente negativas\u201d<\/a><\/blockquote><iframe loading=\"lazy\" class=\"wp-embedded-content\" sandbox=\"allow-scripts\" security=\"restricted\" style=\"position: absolute; visibility: hidden;\" title=\"&#8220;Econom\u00eda de Olavarr\u00eda: \u201cLa situaci\u00f3n actual por decisiones que se toman a nivel nacional son sumamente negativas\u201d&#8221; &#8212; Central de Noticias | Olavarr\u00eda\" src=\"https:\/\/cdnoticias.com\/index.php\/2025\/07\/04\/economia-de-olavarria-la-situacion-actual-por-decisiones-que-se-toman-a-nivel-nacional-son-sumamente-negativas\/embed\/#?secret=q9jcHCFoH9#?secret=DgPyifEN3N\" data-secret=\"DgPyifEN3N\" width=\"600\" height=\"338\" frameborder=\"0\" marginwidth=\"0\" marginheight=\"0\" scrolling=\"no\"><\/iframe>\n<\/div><\/figure>\n\n\n\n<p><\/p>\n\n\n\n<p>Asimismo, Di Uono consider\u00f3 que <strong>la obra p\u00fablica local o provincial \u201cnunca va a llegar a alcanzar lo que es la demanda de una obra p\u00fablica nacional. <\/strong>Olavarr\u00eda tiene preparado un cord\u00f3n minero y en funci\u00f3n de eso se prepararon las empresas para brindar servicios a las dos grandes cementeras que tenemos en la ciudad, para sostener casi el 50% de demanda de la obra p\u00fablica nacional\u201d.<\/p>\n\n\n\n<p><\/p>\n\n\n\n<blockquote class=\"wp-block-quote is-layout-flow wp-block-quote-is-layout-flow\">\n<p>\u201cLa obra p\u00fablica que el Municipio est\u00e1 tratando con mucho esfuerzo de generar, de sostener y mantener, es para poder m\u00ednimamente sostener la econom\u00eda tambi\u00e9n de la ciudad\u201d, resalt\u00f3.<\/p>\n<\/blockquote>\n\n\n\n<p><\/p>\n\n\n\n<p>Por \u00faltimo, Di Uono valor\u00f3 que el Municipio \u201cadem\u00e1s de la preocupaci\u00f3n, se est\u00e1n generando los encuentros, continuando el di\u00e1logo junto con ellos para poder generar las herramientas que son necesarias. Esta informaci\u00f3n que se genera justamente para <strong>empezar a plantear pol\u00edticas que puedan generar a trav\u00e9s de la informaci\u00f3n, del di\u00e1logo y del consenso con ellos, alg\u00fan cambio<\/strong>\u201d.<\/p>\n","protected":false},"excerpt":{"rendered":"<p>Lo se\u00f1al\u00f3 el secretario de Desarrollo Econ\u00f3mico Municipal, Pablo Di Uono. El impacto de la suspensi\u00f3n de la obra p\u00fablica<\/p>\n","protected":false},"author":5,"featured_media":175977,"comment_status":"closed","ping_status":"closed","sticky":false,"template":"","format":"standard","meta":{"_jetpack_memberships_contains_paid_content":false,"footnotes":""},"categories":[4,1],"tags":[],"class_list":["post-175984","post","type-post","status-publish","format-standard","has-post-thumbnail","hentry","category-politica","category-portada"],"jetpack_featured_media_url":"https:\/\/i0.wp.com\/cdnoticias.com\/wp-content\/uploads\/2025\/07\/economia-wesner-reunion-empresarios-06-pablo-di-uono.jpg?fit=800%2C445&ssl=1","jetpack_sharing_enabled":true,"_links":{"self":[{"href":"https:\/\/cdnoticias.com\/index.php\/wp-json\/wp\/v2\/posts\/175984","targetHints":{"allow":["GET"]}}],"collection":[{"href":"https:\/\/cdnoticias.com\/index.php\/wp-json\/wp\/v2\/posts"}],"about":[{"href":"https:\/\/cdnoticias.com\/index.php\/wp-json\/wp\/v2\/types\/post"}],"author":[{"embeddable":true,"href":"https:\/\/cdnoticias.com\/index.php\/wp-json\/wp\/v2\/users\/5"}],"replies":[{"embeddable":true,"href":"https:\/\/cdnoticias.com\/index.php\/wp-json\/wp\/v2\/comments?post=175984"}],"version-history":[{"count":0,"href":"https:\/\/cdnoticias.com\/index.php\/wp-json\/wp\/v2\/posts\/175984\/revisions"}],"wp:featuredmedia":[{"embeddable":true,"href":"https:\/\/cdnoticias.com\/index.php\/wp-json\/wp\/v2\/media\/175977"}],"wp:attachment":[{"href":"https:\/\/cdnoticias.com\/index.php\/wp-json\/wp\/v2\/media?parent=175984"}],"wp:term":[{"taxonomy":"category","embeddable":true,"href":"https:\/\/cdnoticias.com\/index.php\/wp-json\/wp\/v2\/categories?post=175984"},{"taxonomy":"post_tag","embeddable":true,"href":"https:\/\/cdnoticias.com\/index.php\/wp-json\/wp\/v2\/tags?post=175984"}],"curies":[{"name":"wp","href":"https:\/\/api.w.org\/{rel}","templated":true}]}}