{"id":175982,"date":"2025-07-04T10:25:17","date_gmt":"2025-07-04T13:25:17","guid":{"rendered":"https:\/\/cdnoticias.com\/?p=175982"},"modified":"2025-07-04T12:45:58","modified_gmt":"2025-07-04T15:45:58","slug":"tres-fallecidos-en-un-campo-de-olavarria-el-caso-se-caratulo-doble-femicidio-y-suicidio","status":"publish","type":"post","link":"https:\/\/cdnoticias.com\/index.php\/2025\/07\/04\/tres-fallecidos-en-un-campo-de-olavarria-el-caso-se-caratulo-doble-femicidio-y-suicidio\/","title":{"rendered":"Tres fallecidos en un campo de Olavarr\u00eda: el caso se caratul\u00f3 doble femicidio y suicidio"},"content":{"rendered":"<p>Siguen las averiguaciones para establecer lo sucedido. Central de Noticias pudo confirmar que un vecino del sector fue quien hall\u00f3 los cuerpos. Pasar\u00e1 a la Fiscal\u00eda especializada en delitos de violencia familiar y de g\u00e9nero.<!--more--><\/p>\n<hr \/>\n<p>Sigue la<strong> investigaci\u00f3n penal<\/strong> en torno al <strong>grav\u00edsimo caso detectado en la tarde del jueves en un campo de Olavarr\u00eda<\/strong>, cercano a la localidad de Espigas.\u00a0Se trata del <strong>establecimiento rural \u201cEl Rinc\u00f3n del 18\u201d<\/strong> donde <a href=\"https:\/\/cdnoticias.com\/index.php\/2025\/07\/03\/se-conocieron-los-primeros-detalles-del-femicidio-filicidio-y-suicidio-en-un-establecimiento-rural\/\" target=\"_blank\" rel=\"noopener\">tal como inform\u00f3 <strong>Central de Noticias<\/strong><\/a>, fueron <strong>hallados los cuerpos de un hombre de 39 a\u00f1os, una mujer de 33 a\u00f1os y una ni\u00f1a de 4 a\u00f1os<\/strong> dentro de una vivienda. El campo est\u00e1 a la altura del kil\u00f3metro 335 de la ruta 226.<\/p>\n<p>Seg\u00fan se pudo saber <strong>fue un vecino del sector quien hall\u00f3 la escena<\/strong>. Se trata de una persona que tambi\u00e9n se domicilia en la zona y <strong>se alert\u00f3 al notar la ausencia del hombre<\/strong>, quien desempe\u00f1aba en tareas rurales. Por ello fue hasta el domicilio donde <strong>encontr\u00f3 los cuerpos y as\u00ed dio aviso a las autoridades<\/strong>.<\/p>\n<blockquote><p>La mujer presentaba signos de apu\u00f1alamiento mientras que el hombre falleci\u00f3 ahorcado. No se confirmaron detalles de la forma de fallecimiento de la ni\u00f1a. Fueron identificados como Miguel \u00c1ngel Romero (39) oriundo de Corrientes, Daiana Soledad Contreras (33) oriunda de Guamin\u00ed y Zendaya Iris Uhart (4).<\/p><\/blockquote>\n<p>La hip\u00f3tesis principal sostiene que<strong> el hombre habr\u00eda asesinado a las dos mujeres y luego se habr\u00eda quitado la vida<\/strong>. Seg\u00fan trascendi\u00f3, los cuerpos de la mujer de 33 a\u00f1os y su hija de 4 a\u00f1os estaban al lado del hombre.<\/p>\n<p><img data-recalc-dims=\"1\" loading=\"lazy\" decoding=\"async\" class=\"alignnone size-large wp-image-175947 aligncenter\" src=\"https:\/\/i0.wp.com\/cdnoticias.com\/wp-content\/uploads\/2025\/07\/516015176_1333174762145875_7191829202655380652_n.jpg?resize=800%2C450&#038;ssl=1\" alt=\"\" width=\"800\" height=\"450\" srcset=\"https:\/\/i0.wp.com\/cdnoticias.com\/wp-content\/uploads\/2025\/07\/516015176_1333174762145875_7191829202655380652_n.jpg?resize=1024%2C576&amp;ssl=1 1024w, https:\/\/i0.wp.com\/cdnoticias.com\/wp-content\/uploads\/2025\/07\/516015176_1333174762145875_7191829202655380652_n.jpg?resize=300%2C169&amp;ssl=1 300w, https:\/\/i0.wp.com\/cdnoticias.com\/wp-content\/uploads\/2025\/07\/516015176_1333174762145875_7191829202655380652_n.jpg?resize=768%2C432&amp;ssl=1 768w, https:\/\/i0.wp.com\/cdnoticias.com\/wp-content\/uploads\/2025\/07\/516015176_1333174762145875_7191829202655380652_n.jpg?w=1440&amp;ssl=1 1440w\" sizes=\"auto, (max-width: 800px) 100vw, 800px\" \/><\/p>\n<p><strong>La vivienda se encontraba cerrada desde el interior<\/strong>, elemento que para los investigadores refuerza la hip\u00f3tesis de que no intervino otra persona en el crimen.<\/p>\n<p>Los hechos se encuadraron como<strong> violencia de g\u00e9nero<\/strong> y se estableci\u00f3 que entre las partes <strong>no hab\u00eda denuncias previas<\/strong> por situaciones de ese tipo.<\/p>\n<blockquote><p>La car\u00e1tula inicial de las actuaciones penales es \u201chomicidio doblemente agravado por ser cometido contra una persona con la que se mantiene o se ha mantenido una relaci\u00f3n de pareja y por ser cometido por un hombre contra una mujer mediando violencia de g\u00e9nero (femicidio) y homicidio agravado por ser cometido por un hombre contra una mujer mediando violencia de genero (femicidio) y seguido de suicidio en contexto de violencia familiar y de g\u00e9nero &#8211; art\u00edculo 80 incisos 1 y 11 del C\u00f3digo Penal\u201d.<\/p><\/blockquote>\n<p>Hasta el lugar se moviliz\u00f3 <strong>personal de Polic\u00eda Cient\u00edfica<\/strong> para el relevamiento y realizaci\u00f3n de pericias, as\u00ed como personal de<strong> Ministerio P\u00fablico Fiscal<\/strong> que junto a los <strong>efectivos policiales<\/strong> impulsaron las averiguaciones que fueron encabezadas por el<strong> jefe Departamental, comisario Leandro Scavuzzo<\/strong>.<\/p>\n<p>Se aclar\u00f3 que <strong>interviene la UFI N\u00ba 7 a cargo del fiscal Christian Url\u00e9zag<\/strong>a, la cual est\u00e1 <strong>de turno<\/strong> en el \u00e1mbito de Olavarr\u00eda, aunque luego <strong>las actuaciones pasar\u00e1n a la UFI N\u00ba 5 a cargo de la fiscal Mariela Viceconte<\/strong> ya que se trata de la <em>Fiscal\u00eda especializada en delitos de violencia familiar y de g\u00e9nero<\/em>.<\/p>\n","protected":false},"excerpt":{"rendered":"<p>Siguen las averiguaciones para establecer lo sucedido. Central de Noticias pudo confirmar que un vecino del sector fue quien hall\u00f3<\/p>\n","protected":false},"author":4,"featured_media":43328,"comment_status":"closed","ping_status":"closed","sticky":false,"template":"","format":"standard","meta":{"_jetpack_memberships_contains_paid_content":false,"footnotes":""},"categories":[14,1],"tags":[],"class_list":["post-175982","post","type-post","status-publish","format-standard","has-post-thumbnail","hentry","category-policiales","category-portada"],"jetpack_featured_media_url":"https:\/\/i0.wp.com\/cdnoticias.com\/wp-content\/uploads\/2022\/01\/policia-cientifica.jpg?fit=800%2C445&ssl=1","jetpack_sharing_enabled":true,"_links":{"self":[{"href":"https:\/\/cdnoticias.com\/index.php\/wp-json\/wp\/v2\/posts\/175982","targetHints":{"allow":["GET"]}}],"collection":[{"href":"https:\/\/cdnoticias.com\/index.php\/wp-json\/wp\/v2\/posts"}],"about":[{"href":"https:\/\/cdnoticias.com\/index.php\/wp-json\/wp\/v2\/types\/post"}],"author":[{"embeddable":true,"href":"https:\/\/cdnoticias.com\/index.php\/wp-json\/wp\/v2\/users\/4"}],"replies":[{"embeddable":true,"href":"https:\/\/cdnoticias.com\/index.php\/wp-json\/wp\/v2\/comments?post=175982"}],"version-history":[{"count":0,"href":"https:\/\/cdnoticias.com\/index.php\/wp-json\/wp\/v2\/posts\/175982\/revisions"}],"wp:featuredmedia":[{"embeddable":true,"href":"https:\/\/cdnoticias.com\/index.php\/wp-json\/wp\/v2\/media\/43328"}],"wp:attachment":[{"href":"https:\/\/cdnoticias.com\/index.php\/wp-json\/wp\/v2\/media?parent=175982"}],"wp:term":[{"taxonomy":"category","embeddable":true,"href":"https:\/\/cdnoticias.com\/index.php\/wp-json\/wp\/v2\/categories?post=175982"},{"taxonomy":"post_tag","embeddable":true,"href":"https:\/\/cdnoticias.com\/index.php\/wp-json\/wp\/v2\/tags?post=175982"}],"curies":[{"name":"wp","href":"https:\/\/api.w.org\/{rel}","templated":true}]}}