{"id":175969,"date":"2025-07-04T09:20:02","date_gmt":"2025-07-04T12:20:02","guid":{"rendered":"https:\/\/cdnoticias.com\/?p=175969"},"modified":"2025-07-04T11:17:49","modified_gmt":"2025-07-04T14:17:49","slug":"economia-de-olavarria-la-situacion-actual-por-decisiones-que-se-toman-a-nivel-nacional-son-sumamente-negativas","status":"publish","type":"post","link":"https:\/\/cdnoticias.com\/index.php\/2025\/07\/04\/economia-de-olavarria-la-situacion-actual-por-decisiones-que-se-toman-a-nivel-nacional-son-sumamente-negativas\/","title":{"rendered":"Econom\u00eda de Olavarr\u00eda: \u201cLa situaci\u00f3n actual por decisiones que se toman a nivel nacional son sumamente negativas\u201d"},"content":{"rendered":"<p>Lo dijo el intendente Maximiliano Wesner en una reuni\u00f3n con empresarios locales. Estuvieron los funcionarios provinciales de Miner\u00eda y del Ministerio de Trabajo. Se destac\u00f3 que la econom\u00eda local se retrotrajo 16 % durante el 2024.<!--more--><\/p>\n<hr \/>\n<p>El<strong> intendente municipal, Maximiliano Wesner<\/strong>, encabez\u00f3 este jueves un <strong>encuentro junto a empresarios, instituciones, sindicatos, colegios profesionales y bancos p\u00fablicos como privados<\/strong> del diverso entramado productivo local, con el objetivo de <strong>compartir indicadores econ\u00f3micos<\/strong> que reflejan la situaci\u00f3n actual del Partido de Olavarr\u00eda.<\/p>\n<p>Seg\u00fan se inform\u00f3 desde el Municipio, \u201cdurante la reuni\u00f3n <strong>se presentaron datos que dan cuenta del impacto negativo que la coyuntura macroecon\u00f3mica nacional<\/strong> tiene en el plano local\u201d. Se detallaron<strong> indicadores vinculados a la ca\u00edda de la producci\u00f3n, el aumento del desempleo y la disminuci\u00f3n en los niveles de recaudaci\u00f3n municipal.<\/strong><\/p>\n<blockquote><p>\u201cNos toca gobernar en un contexto atravesado por las<em> decisiones <\/em>macroecon\u00f3micas que impactan negativamente en Olavarr\u00eda. Estamos siendo testigos de la crisis de empleo en el sector de la miner\u00eda y la cer\u00e1mica que se traduce en suspensiones, despidos y cierre de empresas\u201d sostuvo Maximiliano Wesner. El intendente ampli\u00f3:\u00a0\u201cLa situaci\u00f3n actual por decisiones que se toman a nivel nacional son sumamente negativas para Olavarr\u00eda, frenar la obra p\u00fablica trajo consecuencias ya que la ciudad vive en gran parte del trabajo que generan las f\u00e1bricas, nuestro perfil productivo es claro. Por eso es que nos parece importante mostrar y compartir los indicadores econ\u00f3micos que nosotros tenemos y venimos recolectando y que por supuesto nos preocupan y ocupan. Tuvimos una baja del 16% de la actividad productiva durante el 2024 y m\u00e1s de 1.500 despidos\u201d.<\/p><\/blockquote>\n<p><img data-recalc-dims=\"1\" loading=\"lazy\" decoding=\"async\" class=\"alignnone size-full wp-image-175973 aligncenter\" src=\"https:\/\/i0.wp.com\/cdnoticias.com\/wp-content\/uploads\/2025\/07\/economia-wesner-reunion-empresarios-03.jpg?resize=800%2C445&#038;ssl=1\" alt=\"\" width=\"800\" height=\"445\" srcset=\"https:\/\/i0.wp.com\/cdnoticias.com\/wp-content\/uploads\/2025\/07\/economia-wesner-reunion-empresarios-03.jpg?w=1000&amp;ssl=1 1000w, https:\/\/i0.wp.com\/cdnoticias.com\/wp-content\/uploads\/2025\/07\/economia-wesner-reunion-empresarios-03.jpg?resize=300%2C167&amp;ssl=1 300w, https:\/\/i0.wp.com\/cdnoticias.com\/wp-content\/uploads\/2025\/07\/economia-wesner-reunion-empresarios-03.jpg?resize=768%2C427&amp;ssl=1 768w, https:\/\/i0.wp.com\/cdnoticias.com\/wp-content\/uploads\/2025\/07\/economia-wesner-reunion-empresarios-03.jpg?resize=800%2C445&amp;ssl=1 800w\" sizes=\"auto, (max-width: 800px) 100vw, 800px\" \/><\/p>\n<p>Los rubros que se ven m\u00e1s afectado son<strong> Transporte y Log\u00edstica con una ca\u00edda del 19%<\/strong>, <strong>Industria y Servicios a la Industria una ca\u00edda del 14%<\/strong>, el <strong>Comercio con una ca\u00edda del 14%<\/strong>, sumada a la fuerte <strong>baja del consumo<\/strong> en este sector y el de mayor impacto directo que es la <strong>Miner\u00eda con una baja del 23%<\/strong>.<\/p>\n<p>Tambi\u00e9n se present\u00f3 la <strong>ca\u00edda de los despachos de cemento y de producci\u00f3n de piedra<\/strong>, fuertemente <strong>notoria en el 2024<\/strong>, con <a href=\"https:\/\/cdnoticias.com\/index.php\/2025\/01\/07\/despachos-de-cemento-2024-dejo-los-peores-registros-en-15-anos\/\" target=\"_blank\" rel=\"noopener\">picos cercanos al 27%<\/a>, y del 35% respectivamente.<\/p>\n<p>En ese marco, se expuso que <strong>el derecho de explotaci\u00f3n de canteras contin\u00faa con una baja sostenida, con valores de entre el 27 y 29 %<\/strong> si se lo compara con los registros del 2023, otro indicador que expone la ca\u00edda de la actividad minera.<\/p>\n<blockquote class=\"wp-embedded-content\" data-secret=\"tmPFDnNZVn\"><p><a href=\"https:\/\/cdnoticias.com\/index.php\/2025\/04\/20\/preocupacion-en-el-municipio-por-la-actividad-de-canteras-hoy-estan-sosteniendo-a-los-empleados\/\">Preocupaci\u00f3n en el Municipio por la actividad de canteras: \u201cHoy est\u00e1n sosteniendo a los empleados\u201d<\/a><\/p><\/blockquote>\n<p><iframe loading=\"lazy\" class=\"wp-embedded-content\" sandbox=\"allow-scripts\" security=\"restricted\" style=\"position: absolute; visibility: hidden;\" title=\"&#8220;Preocupaci\u00f3n en el Municipio por la actividad de canteras: \u201cHoy est\u00e1n sosteniendo a los empleados\u201d&#8221; &#8212; Central de Noticias | Olavarr\u00eda\" src=\"https:\/\/cdnoticias.com\/index.php\/2025\/04\/20\/preocupacion-en-el-municipio-por-la-actividad-de-canteras-hoy-estan-sosteniendo-a-los-empleados\/embed\/#?secret=Uaqx5RZ22A#?secret=tmPFDnNZVn\" data-secret=\"tmPFDnNZVn\" width=\"600\" height=\"338\" frameborder=\"0\" marginwidth=\"0\" marginheight=\"0\" scrolling=\"no\"><\/iframe><\/p>\n<p>En el dato referencial a la <strong>construcci\u00f3n privada en la ciudad<\/strong>, informaci\u00f3n que surge de la declaraci\u00f3n de metros cuadrados, <strong>el 2024 fue el peor registro de los \u00faltimos 10 a\u00f1os con 33.000 m2<\/strong>. Lo<strong> proyectado para este 2025 sigue siendo peor, con un estimativo de entre 15.000 a 20.000 metros<\/strong>. La informaci\u00f3n brindada desde la Secretar\u00eda de Infraestructura, Obras y Servicios P\u00fablicos indica que <em>el promedio de construcci\u00f3n de los \u00faltimos 10 a\u00f1os es aproximadamente de 47.000 m2.<\/em><\/p>\n<p>Posteriormente hizo una presentaci\u00f3n la <strong>Subsecretaria de Miner\u00eda de la Provincia de Buenos Aires, Laura Delgado<\/strong> quien brind\u00f3 detalles de la situaci\u00f3n a nivel provincial y de la ciudad con n\u00fameros coincidentes relevados por el Municipio.<\/p>\n<p><img data-recalc-dims=\"1\" loading=\"lazy\" decoding=\"async\" class=\"alignnone size-full wp-image-175974 aligncenter\" src=\"https:\/\/i0.wp.com\/cdnoticias.com\/wp-content\/uploads\/2025\/07\/economia-wesner-reunion-empresarios-04-wesner-di-uono.jpg?resize=800%2C445&#038;ssl=1\" alt=\"\" width=\"800\" height=\"445\" srcset=\"https:\/\/i0.wp.com\/cdnoticias.com\/wp-content\/uploads\/2025\/07\/economia-wesner-reunion-empresarios-04-wesner-di-uono.jpg?w=1000&amp;ssl=1 1000w, https:\/\/i0.wp.com\/cdnoticias.com\/wp-content\/uploads\/2025\/07\/economia-wesner-reunion-empresarios-04-wesner-di-uono.jpg?resize=300%2C167&amp;ssl=1 300w, https:\/\/i0.wp.com\/cdnoticias.com\/wp-content\/uploads\/2025\/07\/economia-wesner-reunion-empresarios-04-wesner-di-uono.jpg?resize=768%2C427&amp;ssl=1 768w, https:\/\/i0.wp.com\/cdnoticias.com\/wp-content\/uploads\/2025\/07\/economia-wesner-reunion-empresarios-04-wesner-di-uono.jpg?resize=800%2C445&amp;ssl=1 800w\" sizes=\"auto, (max-width: 800px) 100vw, 800px\" \/><\/p>\n<blockquote><p>Otro de los temas planteados fueron los despidos que se ocasionaron en los distintos sectores, detalles brindados por el delegado del Ministerio de Trabajo Provincial Lucas Miriuka, que alcanzan aproximadamente los 1500 despedidos, entre enero 2024 y mayo 2025. Los sectores m\u00e1s golpeados son el de canteras y cemento e industria y servicios que rondan los 900 despidos. Se estima que, por despidos y acuerdos, como suspensiones, m\u00e1s de 1500 millones de pesos dejaron de circular comercialmente en la ciudad afectando directamente el consumo en todos los rubros.<\/p><\/blockquote>\n<blockquote class=\"wp-embedded-content\" data-secret=\"JgjB9LCZpX\"><p><a href=\"https:\/\/cdnoticias.com\/index.php\/2025\/04\/07\/baja-de-la-economia-en-olavarria-creo-que-no-hay-quien-no-sienta-el-impacto-de-forma-directa-o-indirecta\/\">Baja de la econom\u00eda en Olavarr\u00eda: \u201cCreo que no hay quien no sienta el impacto de forma directa o indirecta\u201d<\/a><\/p><\/blockquote>\n<p><iframe loading=\"lazy\" class=\"wp-embedded-content\" sandbox=\"allow-scripts\" security=\"restricted\" style=\"position: absolute; visibility: hidden;\" title=\"&#8220;Baja de la econom\u00eda en Olavarr\u00eda: \u201cCreo que no hay quien no sienta el impacto de forma directa o indirecta\u201d&#8221; &#8212; Central de Noticias | Olavarr\u00eda\" src=\"https:\/\/cdnoticias.com\/index.php\/2025\/04\/07\/baja-de-la-economia-en-olavarria-creo-que-no-hay-quien-no-sienta-el-impacto-de-forma-directa-o-indirecta\/embed\/#?secret=xeeinVJBAq#?secret=JgjB9LCZpX\" data-secret=\"JgjB9LCZpX\" width=\"600\" height=\"338\" frameborder=\"0\" marginwidth=\"0\" marginheight=\"0\" scrolling=\"no\"><\/iframe><\/p>\n<p>El encuentro permiti\u00f3 generar <strong>un espacio de di\u00e1logo con empresarios de distintos rubros<\/strong>, en el que se abordaron las principales problem\u00e1ticas que atraviesan los sectores productivos, comerciales e industriales de la ciudad.<\/p>\n<p>Desde el gobierno municipal <strong>se reiter\u00f3 el compromiso de seguir trabajando en conjunto<\/strong> con los distintos actores locales para hacer frente al complejo escenario actual y<strong> sostener el entramado productivo y el empleo<\/strong> en Olavarr\u00eda.<\/p>\n<p><img data-recalc-dims=\"1\" loading=\"lazy\" decoding=\"async\" class=\"alignnone size-full wp-image-175971 aligncenter\" src=\"https:\/\/i0.wp.com\/cdnoticias.com\/wp-content\/uploads\/2025\/07\/economia-wesner-reunion-empresarios-01.jpg?resize=800%2C445&#038;ssl=1\" alt=\"\" width=\"800\" height=\"445\" srcset=\"https:\/\/i0.wp.com\/cdnoticias.com\/wp-content\/uploads\/2025\/07\/economia-wesner-reunion-empresarios-01.jpg?w=1000&amp;ssl=1 1000w, https:\/\/i0.wp.com\/cdnoticias.com\/wp-content\/uploads\/2025\/07\/economia-wesner-reunion-empresarios-01.jpg?resize=300%2C167&amp;ssl=1 300w, https:\/\/i0.wp.com\/cdnoticias.com\/wp-content\/uploads\/2025\/07\/economia-wesner-reunion-empresarios-01.jpg?resize=768%2C427&amp;ssl=1 768w, https:\/\/i0.wp.com\/cdnoticias.com\/wp-content\/uploads\/2025\/07\/economia-wesner-reunion-empresarios-01.jpg?resize=800%2C445&amp;ssl=1 800w\" sizes=\"auto, (max-width: 800px) 100vw, 800px\" \/><\/p>\n<p>De la actividad tomaron parte <strong>referentes la Uni\u00f3n Industrial de Olavarr\u00eda, de Parques Industriales de Olavarr\u00eda, sector comercial, industrial, cementeras, pymes y entidades bancarias.<\/strong><\/p>\n<p>El intendente Wesner estuvo acompa\u00f1ado por la Jefa de Gabinete Mercedes Landivar, el secretario de Desarrollo Econ\u00f3mico y Productivo Pablo Di Uono, la secretaria de Econom\u00eda y Hacienda Eugenia Bezzoni, la secretaria de Planificaci\u00f3n Estrat\u00e9gica Carolina Planes y el subsecretario de Empresas e Inversiones Bernardo Baldino. Estuvieron presentes adem\u00e1s la subsecretar\u00eda de Miner\u00eda de la Provincia de Buenos Aires Laura Delgado y el delegado regional del Ministerio de Trabajo de la Provincia Lucas Miriuka.<\/p>\n","protected":false},"excerpt":{"rendered":"<p>Lo dijo el intendente Maximiliano Wesner en una reuni\u00f3n con empresarios locales. Estuvieron los funcionarios provinciales de Miner\u00eda y del<\/p>\n","protected":false},"author":4,"featured_media":175970,"comment_status":"closed","ping_status":"closed","sticky":false,"template":"","format":"standard","meta":{"_jetpack_memberships_contains_paid_content":false,"footnotes":""},"categories":[4,1],"tags":[],"class_list":["post-175969","post","type-post","status-publish","format-standard","has-post-thumbnail","hentry","category-politica","category-portada"],"jetpack_featured_media_url":"https:\/\/i0.wp.com\/cdnoticias.com\/wp-content\/uploads\/2025\/07\/economia-wesner-reunion-empresarios-00.jpg?fit=1000%2C556&ssl=1","jetpack_sharing_enabled":true,"_links":{"self":[{"href":"https:\/\/cdnoticias.com\/index.php\/wp-json\/wp\/v2\/posts\/175969","targetHints":{"allow":["GET"]}}],"collection":[{"href":"https:\/\/cdnoticias.com\/index.php\/wp-json\/wp\/v2\/posts"}],"about":[{"href":"https:\/\/cdnoticias.com\/index.php\/wp-json\/wp\/v2\/types\/post"}],"author":[{"embeddable":true,"href":"https:\/\/cdnoticias.com\/index.php\/wp-json\/wp\/v2\/users\/4"}],"replies":[{"embeddable":true,"href":"https:\/\/cdnoticias.com\/index.php\/wp-json\/wp\/v2\/comments?post=175969"}],"version-history":[{"count":0,"href":"https:\/\/cdnoticias.com\/index.php\/wp-json\/wp\/v2\/posts\/175969\/revisions"}],"wp:featuredmedia":[{"embeddable":true,"href":"https:\/\/cdnoticias.com\/index.php\/wp-json\/wp\/v2\/media\/175970"}],"wp:attachment":[{"href":"https:\/\/cdnoticias.com\/index.php\/wp-json\/wp\/v2\/media?parent=175969"}],"wp:term":[{"taxonomy":"category","embeddable":true,"href":"https:\/\/cdnoticias.com\/index.php\/wp-json\/wp\/v2\/categories?post=175969"},{"taxonomy":"post_tag","embeddable":true,"href":"https:\/\/cdnoticias.com\/index.php\/wp-json\/wp\/v2\/tags?post=175969"}],"curies":[{"name":"wp","href":"https:\/\/api.w.org\/{rel}","templated":true}]}}