{"id":175942,"date":"2025-07-03T19:45:11","date_gmt":"2025-07-03T22:45:11","guid":{"rendered":"https:\/\/cdnoticias.com\/?p=175942"},"modified":"2025-07-04T16:36:20","modified_gmt":"2025-07-04T19:36:20","slug":"se-conocieron-los-primeros-detalles-del-femicidio-filicidio-y-suicidio-en-un-establecimiento-rural","status":"publish","type":"post","link":"https:\/\/cdnoticias.com\/index.php\/2025\/07\/03\/se-conocieron-los-primeros-detalles-del-femicidio-filicidio-y-suicidio-en-un-establecimiento-rural\/","title":{"rendered":"Se conocieron los primeros detalles del femicidio, filicidio y suicidio en un establecimiento rural"},"content":{"rendered":"\n<p>El hecho se produjo en un establecimiento rural a 40 kil\u00f3metros de Olavarr\u00eda. La principal hip\u00f3tesis se refuerza dado que el lugar donde fueron encontrados estaba cerrado con llave por dentro.<\/p>\n\n\n\n<hr class=\"wp-block-separator aligncenter has-alpha-channel-opacity\"\/>\n\n\n\n<p>Este jueves por la tarde,<strong> un hecho conmocion\u00f3 a la zona rural de Olavarr\u00eda por el presunto femicidio, filicidio y suicidio ocurrido en un establecimiento rural a 40 kil\u00f3metros del casco urbano local<\/strong><\/p>\n\n\n\n<p><a href=\"https:\/\/cdnoticias.com\/index.php\/2025\/07\/03\/recalde-encontraron-tres-cuerpos-e-investigan-un-femicidio-seguido-de-suicidio\/\" target=\"_blank\" rel=\"noreferrer noopener\">Tal como se inform\u00f3<\/a>, por estas horas<strong> a\u00fan trabaja personal policial encabezado por el comisario inspector Leandro Scavuzzo, titular de la Departamental de Olavarr\u00eda. <\/strong>Tambi\u00e9n est\u00e1 presente personal municipal, encabezados por el subsecretario del \u00e1rea de Seguridad, El\u00edas Quintas.<\/p>\n\n\n\n<p>Seg\u00fan informaci\u00f3n oficial a la que pudo acceder Central de Noticias<strong>, se trata de un matrimonio \u201cjoven\u201d y una ni\u00f1a de unos 4 a\u00f1os. Si bien las causas del hecho se esclarecer\u00e1n con el trabajo de Polic\u00eda Cient\u00edfica, las primeras versiones dan cuentas de que el hombre asesin\u00f3 a su pareja, a su hija y luego se suicidi\u00f3.<\/strong><\/p>\n\n\n\n<p>Esta hip\u00f3tesis se reforzar\u00eda porque <strong>el lugar donde fueron encontrados estaba cerrado con llave desde adentro, sin ninguna abertura forzada ni signos de ingresos desde el exterior.<\/strong><\/p>\n\n\n\n<p><strong>La fiscal\u00eda en turno ya tom\u00f3 las primeras medidas investigativas <\/strong>y se cree que el resultado del trabajo de Polic\u00eda Cient\u00edfica ser\u00e1 determinante para conocer las causas del hecho.<\/p>\n","protected":false},"excerpt":{"rendered":"<p>El hecho se produjo en un establecimiento rural a 40 kil\u00f3metros de Olavarr\u00eda. La principal hip\u00f3tesis se refuerza dado que<\/p>\n","protected":false},"author":2,"featured_media":175947,"comment_status":"closed","ping_status":"closed","sticky":false,"template":"","format":"standard","meta":{"_jetpack_memberships_contains_paid_content":false,"footnotes":""},"categories":[14,1],"tags":[],"class_list":["post-175942","post","type-post","status-publish","format-standard","has-post-thumbnail","hentry","category-policiales","category-portada"],"jetpack_featured_media_url":"https:\/\/i0.wp.com\/cdnoticias.com\/wp-content\/uploads\/2025\/07\/516015176_1333174762145875_7191829202655380652_n.jpg?fit=1440%2C810&ssl=1","jetpack_sharing_enabled":true,"_links":{"self":[{"href":"https:\/\/cdnoticias.com\/index.php\/wp-json\/wp\/v2\/posts\/175942","targetHints":{"allow":["GET"]}}],"collection":[{"href":"https:\/\/cdnoticias.com\/index.php\/wp-json\/wp\/v2\/posts"}],"about":[{"href":"https:\/\/cdnoticias.com\/index.php\/wp-json\/wp\/v2\/types\/post"}],"author":[{"embeddable":true,"href":"https:\/\/cdnoticias.com\/index.php\/wp-json\/wp\/v2\/users\/2"}],"replies":[{"embeddable":true,"href":"https:\/\/cdnoticias.com\/index.php\/wp-json\/wp\/v2\/comments?post=175942"}],"version-history":[{"count":0,"href":"https:\/\/cdnoticias.com\/index.php\/wp-json\/wp\/v2\/posts\/175942\/revisions"}],"wp:featuredmedia":[{"embeddable":true,"href":"https:\/\/cdnoticias.com\/index.php\/wp-json\/wp\/v2\/media\/175947"}],"wp:attachment":[{"href":"https:\/\/cdnoticias.com\/index.php\/wp-json\/wp\/v2\/media?parent=175942"}],"wp:term":[{"taxonomy":"category","embeddable":true,"href":"https:\/\/cdnoticias.com\/index.php\/wp-json\/wp\/v2\/categories?post=175942"},{"taxonomy":"post_tag","embeddable":true,"href":"https:\/\/cdnoticias.com\/index.php\/wp-json\/wp\/v2\/tags?post=175942"}],"curies":[{"name":"wp","href":"https:\/\/api.w.org\/{rel}","templated":true}]}}