{"id":175918,"date":"2025-07-03T18:30:24","date_gmt":"2025-07-03T21:30:24","guid":{"rendered":"https:\/\/cdnoticias.com\/?p=175918"},"modified":"2025-07-03T18:30:26","modified_gmt":"2025-07-03T21:30:26","slug":"ciclo-de-cine-terror-argentino-en-el-san-jose","status":"publish","type":"post","link":"https:\/\/cdnoticias.com\/index.php\/2025\/07\/03\/ciclo-de-cine-terror-argentino-en-el-san-jose\/","title":{"rendered":"Ciclo de Cine \u201cTerror Argentino en el San Jos\u00e9\u201d"},"content":{"rendered":"\n<p>Se inicia este viernes con entrada libre y gratuita. El ciclo se repetir\u00e1 durante todo julio. Conoc\u00e9 las funciones ac\u00e1. <\/p>\n\n\n\n<hr class=\"wp-block-separator aligncenter has-alpha-channel-opacity\"\/>\n\n\n\n<p>El <strong>Centro Cultural San Jos\u00e9<\/strong> invita al <strong>Ciclo de Cine \u201cTerror Argentino en el San Jos\u00e9\u201d <\/strong>que se estar\u00e1 realizando durante los<strong> cuatro viernes del mes de julio.\u00a0Las funciones ser\u00e1n a las 20:30 horas, con entrada libre y gratuita.<\/strong><\/p>\n\n\n\n<p>.<br><strong>Las proyecciones son:<br><\/strong>\u2022 4 de julio: \u201cNocturna\u201d, Gonzalo Calzada, 2021.<br>\u2022 11 de julio: \u201cMe encontrar\u00e1s en lo profundo del abismo\u201d, Mat\u00edas Rispau, 2022.<br>\u2022 18 de julio: \u201cAbrakadabra\u201d, Nicol\u00e1s y Luciano Onetti, 2018.<br>\u2022 25 de julio: \u201cEl Escuerzo\u201d, Augusto Sinay, 2023. <\/p>\n\n\n\n<p><\/p>\n\n\n\n<blockquote class=\"wp-block-quote is-layout-flow wp-block-quote-is-layout-flow\">\n<p>Esta propuesta est\u00e1 programada por Seba Magallanes, director del Festival Latinoamericano de Cine de Olavarr\u00eda (FeLCO).<\/p>\n<\/blockquote>\n\n\n\n<p class=\"has-medium-font-size\"><br><strong>Sobre las pel\u00edculas<\/strong><\/p>\n\n\n\n<ul class=\"wp-block-list\">\n<li><strong>\u201cNocturna\u201d (Gonzalo Calzada, 2021, 107 min)<br><\/strong>El director argentino logra su punto m\u00e1s alto como realizador de un film que mantiene hasta el \u00faltimo momento la tensi\u00f3n y que juega con sus personajes secundarios, a los que presenta como una amenaza constante. El espectador en complicidad con Ulises (Pepe Soriano), intentar\u00e1 ayudarlo a resolver los complicados devenires a los que el guion lo expone.<\/li>\n<\/ul>\n\n\n\n<p><\/p>\n\n\n\n<ul class=\"wp-block-list\">\n<li><strong>\u201cMe encontrar\u00e1s en lo profundo del abismo\u201d (Mat\u00edas Rispau, 2022, 104 min)<br><\/strong>Con una est\u00e9tica y un clima atrapante que genera un cruce entre el terror y la ciencia ficci\u00f3n, esta pel\u00edcula mezcla lo real con lo on\u00edrico en un mundo dist\u00f3pico, ambiguo, en donde no para de llover y se mantiene la identidad local muy fuerte.<\/li>\n<\/ul>\n\n\n\n<p><\/p>\n\n\n\n<ul class=\"wp-block-list\">\n<li><strong>\u201cAbrakadabra\u201d (Nicol\u00e1s y Luciano Onetti, 2018, 90min)<br><\/strong>Esta pel\u00edcula se enmarca en el g\u00e9nero Giallo, un tipo de narrativa que tuvo su momento de esplendor en los a\u00f1os 70 en Italia. Un film que une el tono policial con el horror y utiliza grandes dosis de sangre. Abrakadabra cierra la trilog\u00eda de los giallos de los Onetti que comenz\u00f3 con Sonno Profondo (2013) y Francesca (2015).<\/li>\n<\/ul>\n\n\n\n<p><\/p>\n\n\n\n<ul class=\"wp-block-list\">\n<li><strong>\u201cEl escuerzo\u201d (Augusto Sinay, 2023, 94min)<br><\/strong>Esta pel\u00edcula filmada \u00edntegramente en C\u00f3rdoba, se basa en un cuento de Leopoldo Lugones y rescata los mitos y leyendas de la zona, el terror folckl\u00f3rico y una atm\u00f3sfera desesperante que se apoya en sus variaciones de ritmo narrativo y visuales, con condimentos de horror corporal.<\/li>\n<\/ul>\n","protected":false},"excerpt":{"rendered":"<p>Se inicia este viernes con entrada libre y gratuita. El ciclo se repetir\u00e1 durante todo julio. Conoc\u00e9 las funciones ac\u00e1.<\/p>\n","protected":false},"author":6,"featured_media":50365,"comment_status":"closed","ping_status":"closed","sticky":false,"template":"","format":"standard","meta":{"_jetpack_memberships_contains_paid_content":false,"footnotes":""},"categories":[9,1],"tags":[],"class_list":["post-175918","post","type-post","status-publish","format-standard","has-post-thumbnail","hentry","category-cultura","category-portada"],"jetpack_featured_media_url":"https:\/\/i0.wp.com\/cdnoticias.com\/wp-content\/uploads\/2022\/03\/Centro-Cultural-San-Jose-Drone.jpg?fit=800%2C445&ssl=1","jetpack_sharing_enabled":true,"_links":{"self":[{"href":"https:\/\/cdnoticias.com\/index.php\/wp-json\/wp\/v2\/posts\/175918","targetHints":{"allow":["GET"]}}],"collection":[{"href":"https:\/\/cdnoticias.com\/index.php\/wp-json\/wp\/v2\/posts"}],"about":[{"href":"https:\/\/cdnoticias.com\/index.php\/wp-json\/wp\/v2\/types\/post"}],"author":[{"embeddable":true,"href":"https:\/\/cdnoticias.com\/index.php\/wp-json\/wp\/v2\/users\/6"}],"replies":[{"embeddable":true,"href":"https:\/\/cdnoticias.com\/index.php\/wp-json\/wp\/v2\/comments?post=175918"}],"version-history":[{"count":0,"href":"https:\/\/cdnoticias.com\/index.php\/wp-json\/wp\/v2\/posts\/175918\/revisions"}],"wp:featuredmedia":[{"embeddable":true,"href":"https:\/\/cdnoticias.com\/index.php\/wp-json\/wp\/v2\/media\/50365"}],"wp:attachment":[{"href":"https:\/\/cdnoticias.com\/index.php\/wp-json\/wp\/v2\/media?parent=175918"}],"wp:term":[{"taxonomy":"category","embeddable":true,"href":"https:\/\/cdnoticias.com\/index.php\/wp-json\/wp\/v2\/categories?post=175918"},{"taxonomy":"post_tag","embeddable":true,"href":"https:\/\/cdnoticias.com\/index.php\/wp-json\/wp\/v2\/tags?post=175918"}],"curies":[{"name":"wp","href":"https:\/\/api.w.org\/{rel}","templated":true}]}}