{"id":175915,"date":"2025-07-03T17:56:37","date_gmt":"2025-07-03T20:56:37","guid":{"rendered":"https:\/\/cdnoticias.com\/?p=175915"},"modified":"2025-07-03T19:45:29","modified_gmt":"2025-07-03T22:45:29","slug":"una-joven-resulto-herida-en-un-siniestro-vial-en-independencia-y-dorrego","status":"publish","type":"post","link":"https:\/\/cdnoticias.com\/index.php\/2025\/07\/03\/una-joven-resulto-herida-en-un-siniestro-vial-en-independencia-y-dorrego\/","title":{"rendered":"Una joven result\u00f3 herida en un siniestro vial en Independencia y Dorrego"},"content":{"rendered":"\n<p>Fue en la ma\u00f1ana de este jueves. La motociclista result\u00f3 con una fractura de tobillo tras caer producto de un impacto contra una camioneta.<\/p>\n\n\n\n<hr class=\"wp-block-separator aligncenter has-alpha-channel-opacity\"\/>\n\n\n\n<p>Una <strong>mujer de 23 a\u00f1os result\u00f3 herida<\/strong> luego de protagonizar un <strong>accidente de tr\u00e1nsito en la intersecci\u00f3n de las calles Independencia y Dorrego.<\/strong><\/p>\n\n\n\n<p>El hecho ocurri\u00f3 este jueves cuando, por causas que a\u00fan se investigan, <strong>una camioneta Volkswagen Amarok colision\u00f3 con una motocicleta marca Siam modelo Qu 110. A ra\u00edz del impacto, la conductora de la moto perdi\u00f3 el control y cay\u00f3 al pavimento.<\/strong><\/p>\n\n\n\n<p>Una ambulancia del sistema p\u00fablico municipal se hizo presente en el lugar y<strong> traslad\u00f3 a la mujer al Hospital Municipal, donde fue atendida por una fractura en el tobillo izquierdo.<\/strong><\/p>\n\n\n\n<p><strong>En el lugar trabaj\u00f3 personal policial del Comando de Patrullas, junto con efectivos de Polic\u00eda Cient\u00edfica, que realizaron las pericias correspondientes. <\/strong>Las actuaciones fueron remitidas a la Comisar\u00eda Primera por cuestiones de jurisdicci\u00f3n.<\/p>\n\n\n\n<p>La causa fue caratulada como <em><strong>\u201clesiones culposas\u201d <\/strong><\/em>e interviene la UFI N\u00ba 7 (Unidad Fiscal de Investigaci\u00f3n), a cargo del fiscal Dr. Urlezaga.<\/p>\n","protected":false},"excerpt":{"rendered":"<p>Fue en la ma\u00f1ana de este jueves. La motociclista result\u00f3 con una fractura de tobillo tras caer producto de un<\/p>\n","protected":false},"author":2,"featured_media":175916,"comment_status":"closed","ping_status":"closed","sticky":false,"template":"","format":"standard","meta":{"_jetpack_memberships_contains_paid_content":false,"footnotes":""},"categories":[14,1],"tags":[],"class_list":["post-175915","post","type-post","status-publish","format-standard","has-post-thumbnail","hentry","category-policiales","category-portada"],"jetpack_featured_media_url":"https:\/\/i0.wp.com\/cdnoticias.com\/wp-content\/uploads\/2025\/07\/WhatsApp-Image-2025-07-03-at-17.44.44.jpeg?fit=1197%2C660&ssl=1","jetpack_sharing_enabled":true,"_links":{"self":[{"href":"https:\/\/cdnoticias.com\/index.php\/wp-json\/wp\/v2\/posts\/175915","targetHints":{"allow":["GET"]}}],"collection":[{"href":"https:\/\/cdnoticias.com\/index.php\/wp-json\/wp\/v2\/posts"}],"about":[{"href":"https:\/\/cdnoticias.com\/index.php\/wp-json\/wp\/v2\/types\/post"}],"author":[{"embeddable":true,"href":"https:\/\/cdnoticias.com\/index.php\/wp-json\/wp\/v2\/users\/2"}],"replies":[{"embeddable":true,"href":"https:\/\/cdnoticias.com\/index.php\/wp-json\/wp\/v2\/comments?post=175915"}],"version-history":[{"count":0,"href":"https:\/\/cdnoticias.com\/index.php\/wp-json\/wp\/v2\/posts\/175915\/revisions"}],"wp:featuredmedia":[{"embeddable":true,"href":"https:\/\/cdnoticias.com\/index.php\/wp-json\/wp\/v2\/media\/175916"}],"wp:attachment":[{"href":"https:\/\/cdnoticias.com\/index.php\/wp-json\/wp\/v2\/media?parent=175915"}],"wp:term":[{"taxonomy":"category","embeddable":true,"href":"https:\/\/cdnoticias.com\/index.php\/wp-json\/wp\/v2\/categories?post=175915"},{"taxonomy":"post_tag","embeddable":true,"href":"https:\/\/cdnoticias.com\/index.php\/wp-json\/wp\/v2\/tags?post=175915"}],"curies":[{"name":"wp","href":"https:\/\/api.w.org\/{rel}","templated":true}]}}